{"id":4249,"date":"2021-10-07T21:55:00","date_gmt":"2021-10-07T20:55:00","guid":{"rendered":"https:\/\/lwid.dk\/?p=4249"},"modified":"2026-09-01T18:14:34","modified_gmt":"2026-09-01T17:14:34","slug":"cel-mai-mare-producator-de-lapte-din-danemarca-a-inselat-un-muncitor-roman-pentru-salarii-l-a-costat-75-000-dkk","status":"publish","type":"post","link":"https:\/\/lwid.dk\/ro\/cel-mai-mare-producator-de-lapte-din-danemarca-a-inselat-un-muncitor-roman-pentru-salarii-l-a-costat-75-000-dkk\/","title":{"rendered":"Cel mai mare produc\u0103tor de lapte din Danemarca a \u00een\u0219elat un muncitor rom\u00e2n pentru salarii: l-a costat 75.000 DKK"},"content":{"rendered":"\r\n<figure class=\"wp-block-image size-full\"><img loading=\"lazy\" decoding=\"async\" width=\"909\" height=\"572\" class=\"wp-image-4255\" src=\"https:\/\/lwid.dk\/wp-content\/uploads\/2023\/10\/38.png\" alt=\"\" srcset=\"https:\/\/lwid.dk\/wp-content\/uploads\/2023\/10\/38.png 909w, https:\/\/lwid.dk\/wp-content\/uploads\/2023\/10\/38-300x189.png 300w, https:\/\/lwid.dk\/wp-content\/uploads\/2023\/10\/38-768x483.png 768w, https:\/\/lwid.dk\/wp-content\/uploads\/2023\/10\/38-150x94.png 150w, https:\/\/lwid.dk\/wp-content\/uploads\/2023\/10\/38-696x438.png 696w\" sizes=\"auto, (max-width: 909px) 100vw, 909px\" \/><\/figure>\r\n\r\n\r\n\r\n<p class=\"wp-block-paragraph\">Articol publicat in Jv.dk, la data de 7 octombrie 2021<\/p>\r\n\r\n\r\n\r\n<p class=\"wp-block-paragraph\">Rezumat<\/p>\r\n\r\n\r\n\r\n<p class=\"wp-block-paragraph\">O muncitoare agricol\u0103 rom\u00e2n\u0103, Raluca Ionescu, a c\u00e2\u0219tigat un caz \u00eempotriva celui mai mare produc\u0103tor de lapte din Danemarca, R\u00f8nhave ApS, pentru \u00eenc\u0103lcarea contractului colectiv de munc\u0103. Proprietarul companiei, J\u00f8rn Kj\u00e6r Madsen, care este \u0219i vicepre\u0219edinte al patronatului GLS-A, a fost nevoit s\u0103 pl\u0103teasc\u0103 75.000 DKK dup\u0103 ce a \u00een\u0219elat-o pe Raluca la salariu \u0219i apoi a concediat-o. Compania R\u00f8nhave ApS, cu peste 3.000 de vaci \u0219i furnizor de lapte pentru Arla Foods, a fost obligat\u0103 s\u0103 restituie suma cerut\u0103 de Raluca. Aceasta a fost mul\u021bumit\u0103 de verdict, spun\u00e2nd c\u0103 nu banii sunt cei mai importan\u021bi, ci recunoa\u0219terea gre\u0219elii de c\u0103tre J\u00f8rn. Cazul a fost adus \u00een aten\u021bie de sindicatul 3F Konge\u00e5en, iar Raluca a fost concediat\u0103 brusc \u00een martie 2021, dup\u0103 peste patru ani de munc\u0103 la R\u00f8nhave ApS. Din suma primit\u0103, 25.000 DKK reprezint\u0103 o indemniza\u021bie de concediere. J\u00f8rn Kj\u00e6r Madsen nu a r\u0103spuns la solicit\u0103rile de comentarii.<\/p>\r\n\r\n\r\n\r\n<p class=\"wp-block-paragraph\">O muncitoare agricol\u0103 rom\u00e2n\u0103 a fost pl\u0103tit\u0103 cu 75.000 DKK dup\u0103 ce a fost \u00een\u0219elat\u0103 la salariu \u0219i concediat\u0103 la cel mai mare produc\u0103tor de lapte din \u021bar\u0103, R\u00f8nhave ApS, l\u00e2ng\u0103 Bramming.<\/p>\r\n\r\n\r\n\r\n<p class=\"wp-block-paragraph\">Proprietarul celei mai mari produc\u021bii de lapte din Danemarca a \u00eenc\u0103lcat contractul colectiv de munc\u0103 \u00een agricultur\u0103, de\u0219i el \u00eensu\u0219i este vicepre\u0219edinte al patronatului GLS-A, care a \u00eencheiat tocmai acel contract colectiv cu 3F. Asta scrie Fagbladet 3F.<\/p>\r\n\r\n\r\n\r\n<p class=\"wp-block-paragraph\">Nerespectarea contractului colectiv a costat 75.000 DKK pentru produc\u0103torul de lapte J\u00f8rn Kj\u00e6r Madsen, care de\u021bine \u0219i este director al companiei R\u00f8nhave ApS, l\u00e2ng\u0103 Bramming, \u00een Iutlanda de Sud-Vest. Compania are peste 3.000 de vaci \u0219i furnizeaz\u0103 lapte c\u0103tre Arla Foods, unde \u00eensu\u0219i J\u00f8rn Kj\u00e6r Madsen este membru al consiliului de administra\u021bie al gigantului \u00een lactate.<\/p>\r\n\r\n\r\n\r\n<p class=\"wp-block-paragraph\">R\u00f8nhave ApS i-a rambursat cele 75.000 de coroane rom\u00e2ncei Raluca Ionescu, \u00een v\u00e2rst\u0103 de 38 de ani. Aceasta a fost \u00een\u0219elat\u0103 la salariu de produc\u0103torul de lapte, care, potrivit bazei de date rom\u00e2ne\u0219ti \u0219i de afaceri BiQ, are peste 70 de angaja\u021bi.<\/p>\r\n\r\n\r\n\r\n<p class=\"wp-block-paragraph\">&#8211; Sunt fericit\u0103 c\u0103 am c\u00e2\u0219tigat cazul. Banii nu sunt at\u00e2t de importan\u021bi pentru mine. Pentru mine este mai important ca J\u00f8rn s\u0103-\u0219i recunoasc\u0103 gre\u0219eala. Mul\u021bi angaja\u021bi se tem de J\u00f8rn. Vreau s\u0103 le ar\u0103t oamenilor c\u0103 ar trebui s\u0103 mearg\u0103 la 3F \u0219i s\u0103 li se deschid\u0103 un caz, spune Raluca Ionescu.<\/p>\r\n\r\n\r\n\r\n<p class=\"wp-block-paragraph\">Ar trebui s\u0103 respecte acordul<\/p>\r\n\r\n\r\n\r\n<p class=\"wp-block-paragraph\">Raluca Ionescu a venit \u00een Danemarca \u00een 2011. A urmat cursul pentru a deveni fermier calificat printr-o \u0219coal\u0103 la Grindsted Landbrugsskole \u0219i apoi Agroskolen la Hammerum l\u00e2ng\u0103 Herning.<\/p>\r\n\r\n\r\n\r\n<p class=\"wp-block-paragraph\">\u00cen noiembrie 2016, rom\u00e2nca a fost angajaaat ca angajat agricol la R\u00f8nhave. Ea a fost astfel angajat\u0103 \u00een baza unui contract colectiv, deoarece R\u00f8nhave &#8211; dup\u0103 un conflict cu 3F &#8211; se \u00eenregistrase la patronatul GLS-A \u00een luna ianuarie a aceluia\u0219i an. Pe acesta, compania se angajase s\u0103 urmeze acordul dintre 3F \u0219i GLS-A \u00een zona agricol\u0103.<\/p>\r\n\r\n\r\n\r\n<p class=\"wp-block-paragraph\">\u00cen primii ani de angajare, Raluca Ionescu a muls vaci la R\u00f8nhave, dar dup\u0103 aceea angajata agricol\u0103 a lucrat ca un fel de manager care a coordonat al\u021bi angaja\u021bi, spune ea.<\/p>\r\n\r\n\r\n\r\n<p class=\"wp-block-paragraph\">Dar R\u00f8nhave nu i-a pl\u0103tit suplimentul de 4,5 coroane pe or\u0103 la care are dreptul un fermier calificat, de\u0219i era fermier calificat.<\/p>\r\n\r\n\r\n\r\n<p class=\"wp-block-paragraph\">&#8211; \u0218tiau foarte bine c\u0103 ar trebui s\u0103 am o aloca\u021bie din cauza studiilor mele la o \u0219coal\u0103 agricol\u0103. Le-am spus asta \u00eentr-o \u00eent\u00e2lnire cu un manager \u0219i un manager de opera\u021biuni. Mi s-a spus: Nu avem bani. Pre\u021bul laptelui nu este chiar a\u0219a de bun. Mai vorbim, spune Raluca Ionescu.<\/p>\r\n\r\n\r\n\r\n<p class=\"wp-block-paragraph\">Nu este corect<\/p>\r\n\r\n\r\n\r\n<p class=\"wp-block-paragraph\">3F Konge\u00e5en este cea care a depus plangere \u00eempotriva R\u00f8nhave ApS.<\/p>\r\n\r\n\r\n\r\n<p class=\"wp-block-paragraph\">&#8211; Membrul nostru a fost genial \u00een munca sa \u0219i a fost responsabil cu preg\u0103tirea colegilor s\u0103i. Nu este corect ca angajatorul a \u00een\u0219elat-o la salariu. Este departe de a fi prima dat\u0103 c\u00e2nd au fost probleme cu remunerarea angaja\u021bilor de c\u0103tre companie, spune angajatul profesionist Charlie Madsen.<\/p>\r\n\r\n\r\n\r\n<p class=\"wp-block-paragraph\">Jurnalul comercial 3F a \u00eencercat de c\u00e2teva zile s\u0103 ob\u021bin\u0103 comentarii cu privire la caz de la produc\u0103torul de lapte J\u00f8rn Kj\u00e6r Madsen, dar acesta nu a r\u0103spuns la apelurile telefonice sau la mesaje.<\/p>\r\n\r\n\r\n\r\n<p class=\"wp-block-paragraph\">\u00cen martie 2021, Raluca Ionescu a fost concediat\u0103 brusc de la R\u00f8nhave ApS.<\/p>\r\n\r\n\r\n\r\n<p class=\"wp-block-paragraph\">&#8211; Am lucrat acolo peste patru ani \u0219i am f\u0103cut o treab\u0103 bun\u0103. Sunt foarte dezam\u0103gita. Mi-a pl\u0103cut s\u0103 lucrez acolo, spune ea.<\/p>\r\n\r\n\r\n\r\n<p class=\"wp-block-paragraph\">Din plata ulterioar\u0103 de 75.000 DKK, 25.000 DKK reprezint\u0103 o indemniza\u021bie de concediere.<\/p>\r\n","protected":false},"excerpt":{"rendered":"<p>Articol publicat in Jv.dk, la data de 7 octombrie 2021 Rezumat O muncitoare agricol\u0103 rom\u00e2n\u0103, Raluca Ionescu, a c\u00e2\u0219tigat un caz \u00eempotriva celui mai mare produc\u0103tor de lapte din Danemarca, R\u00f8nhave ApS, pentru \u00eenc\u0103lcarea contractului colectiv de munc\u0103. Proprietarul companiei, J\u00f8rn Kj\u00e6r Madsen, care este \u0219i vicepre\u0219edinte al patronatului GLS-A, a fost nevoit s\u0103 pl\u0103teasc\u0103 [&hellip;]<\/p>\n","protected":false},"author":11,"featured_media":4255,"comment_status":"open","ping_status":"closed","sticky":false,"template":"","format":"standard","meta":{"_acf_changed":false,"_themeisle_gutenberg_block_has_review":false,"_jetpack_newsletter_access":"","_jetpack_dont_email_post_to_subs":false,"_jetpack_newsletter_tier_id":0,"_jetpack_memberships_contains_paywalled_content":false,"_jetpack_feature_clip_id":0,"_jetpack_memberships_contains_paid_content":false,"footnotes":"","jetpack_post_was_ever_published":false,"_members_access_role":[],"_members_access_error":""},"categories":[878,142],"tags":[398,1002,1012],"class_list":["post-4249","post","type-post","status-publish","format-standard","has-post-thumbnail","category-navigarea-in-danemarca","category-povesti-nespuse","tag-afaceri","tag-drept","tag-ocuparea-fortei-de-munca"],"acf":[],"jetpack_sharing_enabled":true,"jetpack-related-posts":[{"id":3103,"url":"https:\/\/lwid.dk\/ro\/proprietar-de-ferma-a-inselat-un-angajat-cu-privire-la-pensie-godsejer-snod-medarbejder-for-pension\/","url_meta":{"origin":4249,"position":0},"title":"Proprietar de ferm\u0103 a \u00een\u0219elat un angajat cu privire la pensie \/ Godsejer sn\u00f8d medarbejder for pension","author":"Sorina Floroiu","date":"7 martie 2020","format":false,"excerpt":"Articol publicat in Dagbladet Holstebro la data de 7 martie 2020. Subiectul articolului:\u00a0 Un angajat rom\u00e2n din agricultur\u0103 a primit o plat\u0103 retroactiv\u0103 de 100.000 de coroane daneze \u00een pensie, gra\u021bie interven\u021biei sindicatului 3F. Angajatorul a \u00eencercat s\u0103 evite obliga\u021biile prev\u0103zute de contractul colectiv de munc\u0103, dar 3F a ob\u021binut\u2026","rel":"","context":"\u00cen \u201eNavigarea \u00een Danemarca\u201d","block_context":{"text":"Navigarea \u00een Danemarca","link":"https:\/\/lwid.dk\/ro\/category\/navigarea-in-danemarca\/"},"img":{"alt_text":"","src":"https:\/\/i0.wp.com\/lwid.dk\/wp-content\/uploads\/2023\/10\/13.-.png?resize=350%2C200&ssl=1","width":350,"height":200,"srcset":"https:\/\/i0.wp.com\/lwid.dk\/wp-content\/uploads\/2023\/10\/13.-.png?resize=350%2C200&ssl=1 1x, https:\/\/i0.wp.com\/lwid.dk\/wp-content\/uploads\/2023\/10\/13.-.png?resize=525%2C300&ssl=1 1.5x, https:\/\/i0.wp.com\/lwid.dk\/wp-content\/uploads\/2023\/10\/13.-.png?resize=700%2C400&ssl=1 2x"},"classes":[]},{"id":3084,"url":"https:\/\/lwid.dk\/ro\/inregistrarile-secrete-dezvaluie-florin-a-fost-concediat-pentru-ca-nu-a-dorit-sa-se-retraga-din-3f-lydoptagelser-afslorerflorin-blev-fyret-da-han-ikke-ville-melde-sig-ud-af-3f\/","url_meta":{"origin":4249,"position":1},"title":"\u00cenregistr\u0103rile secrete dezv\u0103luie: Florin a fost concediat pentru c\u0103 nu a dorit s\u0103 se retrag\u0103 din 3F \/ LYDOPTAGELSER AFSL\u00d8RER:FLORIN BLEV FYRET DA HAN IKKE VILLE MELDE SIG UD AF 3F","author":"Sorina Floroiu","date":"10 februarie 2020","format":false,"excerpt":"Articol publicat in Fagbladet 3f la data de 10 februarie 2020.\u00a0 Subiectul articolului:\u00a0 \u00cen Danemarca, dreptul de a \u00eenfiin\u021ba \u0219i de a face parte din asocia\u021bii este garantat de constitu\u021bie, iar legea protejeaz\u0103 libertatea angaja\u021bilor de a se asocia \u0219i interzice angajatorilor s\u0103 ia \u00een considerare apartenen\u021ba angaja\u021bilor la o\u2026","rel":"","context":"\u00cen \u201eNavigarea \u00een Danemarca\u201d","block_context":{"text":"Navigarea \u00een Danemarca","link":"https:\/\/lwid.dk\/ro\/category\/navigarea-in-danemarca\/"},"img":{"alt_text":"","src":"https:\/\/i0.wp.com\/lwid.dk\/wp-content\/uploads\/2023\/10\/11.-Florin.png?resize=350%2C200&ssl=1","width":350,"height":200,"srcset":"https:\/\/i0.wp.com\/lwid.dk\/wp-content\/uploads\/2023\/10\/11.-Florin.png?resize=350%2C200&ssl=1 1x, https:\/\/i0.wp.com\/lwid.dk\/wp-content\/uploads\/2023\/10\/11.-Florin.png?resize=525%2C300&ssl=1 1.5x, https:\/\/i0.wp.com\/lwid.dk\/wp-content\/uploads\/2023\/10\/11.-Florin.png?resize=700%2C400&ssl=1 2x, https:\/\/i0.wp.com\/lwid.dk\/wp-content\/uploads\/2023\/10\/11.-Florin.png?resize=1050%2C600&ssl=1 3x"},"classes":[]},{"id":4242,"url":"https:\/\/lwid.dk\/ro\/un-roman-deschide-magazin\/","url_meta":{"origin":4249,"position":2},"title":"Un rom\u00e2n deschide magazin","author":"Sorina Floroiu","date":"28 septembrie 2021","format":false,"excerpt":"Articol publicat in Folkebladet Lemvig Sektion 1 Side 15, la data de 28 septembrie 2021 Rezumat Lucian Cojocaru a preluat \u00eenchirierea spa\u021biului de la \u00d8stergade 27 din Struer, Danemarca, aduc\u00e2nd un nou magazin rom\u00e2nesc \u00een zona pietonal\u0103. El conduce deja magazine \u00een lan\u021bul alimentar Patria din Hammel \u0219i Horsens \u0219i\u2026","rel":"","context":"\u00cen \u201eNavigarea \u00een Danemarca\u201d","block_context":{"text":"Navigarea \u00een Danemarca","link":"https:\/\/lwid.dk\/ro\/category\/navigarea-in-danemarca\/"},"img":{"alt_text":"","src":"https:\/\/i0.wp.com\/lwid.dk\/wp-content\/uploads\/2023\/10\/36-1.png?resize=350%2C200&ssl=1","width":350,"height":200,"srcset":"https:\/\/i0.wp.com\/lwid.dk\/wp-content\/uploads\/2023\/10\/36-1.png?resize=350%2C200&ssl=1 1x, https:\/\/i0.wp.com\/lwid.dk\/wp-content\/uploads\/2023\/10\/36-1.png?resize=525%2C300&ssl=1 1.5x"},"classes":[]},{"id":13437,"url":"https:\/\/lwid.dk\/ro\/3-modele-de-taxare-potentiale-pentru-emisiile-de-co2-in-agricultura\/","url_meta":{"origin":4249,"position":3},"title":"3 modele de taxare poten\u021biale pentru emisiile de CO2 \u00een agricultur\u0103","author":"Anda Macovei","date":"25 februarie 2024","format":false,"excerpt":"Comitetul de exper\u021bi \u00eens\u0103rcinat cu g\u0103sirea unei solu\u021bii pentru a reduce nivelul de emisii de CO2 \u00een agricultur\u0103 a propus 3 modele poten\u021biale. Toate acestea vor ajuta Danemarca s\u0103 ating\u0103 obiectivele climatice din 2030. Cea mai important\u0103 \u00eentrebare \u00een acest moment este cine \u00ee\u0219i va asuma costurile: fermierii sau contribuabilii.\u00a0\u2026","rel":"","context":"\u00cen \u201eNavigarea \u00een Danemarca\u201d","block_context":{"text":"Navigarea \u00een Danemarca","link":"https:\/\/lwid.dk\/ro\/category\/navigarea-in-danemarca\/"},"img":{"alt_text":"Propuneri si idei legislative Last Week in Denmark","src":"https:\/\/i0.wp.com\/lwid.dk\/wp-content\/uploads\/2023\/12\/Propuneri-si-idei-legislative-1.jpg?resize=350%2C200&ssl=1","width":350,"height":200,"srcset":"https:\/\/i0.wp.com\/lwid.dk\/wp-content\/uploads\/2023\/12\/Propuneri-si-idei-legislative-1.jpg?resize=350%2C200&ssl=1 1x, https:\/\/i0.wp.com\/lwid.dk\/wp-content\/uploads\/2023\/12\/Propuneri-si-idei-legislative-1.jpg?resize=525%2C300&ssl=1 1.5x"},"classes":[]},{"id":5408,"url":"https:\/\/lwid.dk\/ro\/elev-la-agricultura-a-ramas-in-danemarca\/","url_meta":{"origin":4249,"position":4},"title":"Elev la agricultur\u0103 a r\u0103mas \u00een Danemarca","author":"Sorina Floroiu","date":"2 noiembrie 2022","format":false,"excerpt":"Articol publicat \u00een Aars Avis la data de 2 noiembrie 2022 Rezumat: Elena Comandaru, elev\u0103 la agricultur\u0103 \u00een Ia\u0219i, Rom\u00e2nia, s-a mutat \u00een Danemarca \u00een 2008. Cu o experien\u021b\u0103 ini\u021bial\u0103 dificil\u0103 \u0219i \u00eendoieli cu privire la decizia de a r\u0103m\u00e2ne, ea a ales s\u0103 continue la \u0219coala de agricultur\u0103 Borris,\u2026","rel":"","context":"\u00cen \u201eNavigarea \u00een Danemarca\u201d","block_context":{"text":"Navigarea \u00een Danemarca","link":"https:\/\/lwid.dk\/ro\/category\/navigarea-in-danemarca\/"},"img":{"alt_text":"","src":"https:\/\/i0.wp.com\/lwid.dk\/wp-content\/uploads\/2023\/11\/22.-Landsbrug-elev-blev-i-Danmark.png?resize=350%2C200&ssl=1","width":350,"height":200},"classes":[]},{"id":4275,"url":"https:\/\/lwid.dk\/ro\/incerc-cu-adevarat-sa-schimb-felul-in-care-suntem-vazuti-ca-straini\/","url_meta":{"origin":4249,"position":5},"title":"\u201e\u00cencerc cu adev\u0103rat s\u0103 schimb felul \u00een care suntem v\u0103zu\u021bi ca str\u0103ini&#8221;","author":"Sorina Floroiu","date":"20 decembrie 2021","format":false,"excerpt":"Articol publicat in Piopio.dk, la data de 20 decembrie 2021 Rezumat Aceast\u0103 poveste relateaz\u0103 experien\u021ba lui Ovidiu Nechitoi, un rom\u00e2n care a venit \u00een Danemarca \u00een 2011 pentru a lucra \u00een agricultur\u0103 \u0219i care ulterior \u0219i-a schimbat domeniul de activitate, ajung\u00e2nd s\u0103 lucreze \u00een finan\u021be. Povestea eviden\u021biaz\u0103 provoc\u0103rile \u0219i obstacolele\u2026","rel":"","context":"\u00cen \u201eNavigarea \u00een Danemarca\u201d","block_context":{"text":"Navigarea \u00een Danemarca","link":"https:\/\/lwid.dk\/ro\/category\/navigarea-in-danemarca\/"},"img":{"alt_text":"","src":"https:\/\/i0.wp.com\/lwid.dk\/wp-content\/uploads\/2023\/10\/43.png?resize=350%2C200&ssl=1","width":350,"height":200,"srcset":"https:\/\/i0.wp.com\/lwid.dk\/wp-content\/uploads\/2023\/10\/43.png?resize=350%2C200&ssl=1 1x, https:\/\/i0.wp.com\/lwid.dk\/wp-content\/uploads\/2023\/10\/43.png?resize=525%2C300&ssl=1 1.5x"},"classes":[]}],"jetpack_featured_media_url":"https:\/\/lwid.dk\/wp-content\/uploads\/2023\/10\/38.png","_links":{"self":[{"href":"https:\/\/lwid.dk\/ro\/wp-json\/wp\/v2\/posts\/4249","targetHints":{"allow":["GET"]}}],"collection":[{"href":"https:\/\/lwid.dk\/ro\/wp-json\/wp\/v2\/posts"}],"about":[{"href":"https:\/\/lwid.dk\/ro\/wp-json\/wp\/v2\/types\/post"}],"author":[{"embeddable":true,"href":"https:\/\/lwid.dk\/ro\/wp-json\/wp\/v2\/users\/11"}],"replies":[{"embeddable":true,"href":"https:\/\/lwid.dk\/ro\/wp-json\/wp\/v2\/comments?post=4249"}],"version-history":[{"count":2,"href":"https:\/\/lwid.dk\/ro\/wp-json\/wp\/v2\/posts\/4249\/revisions"}],"predecessor-version":[{"id":28732,"href":"https:\/\/lwid.dk\/ro\/wp-json\/wp\/v2\/posts\/4249\/revisions\/28732"}],"wp:featuredmedia":[{"embeddable":true,"href":"https:\/\/lwid.dk\/ro\/wp-json\/wp\/v2\/media\/4255"}],"wp:attachment":[{"href":"https:\/\/lwid.dk\/ro\/wp-json\/wp\/v2\/media?parent=4249"}],"wp:term":[{"taxonomy":"category","embeddable":true,"href":"https:\/\/lwid.dk\/ro\/wp-json\/wp\/v2\/categories?post=4249"},{"taxonomy":"post_tag","embeddable":true,"href":"https:\/\/lwid.dk\/ro\/wp-json\/wp\/v2\/tags?post=4249"}],"curies":[{"name":"wp","href":"https:\/\/api.w.org\/{rel}","templated":true}]}}