{"id":4261,"date":"2021-11-01T21:56:00","date_gmt":"2021-11-01T20:56:00","guid":{"rendered":"https:\/\/lwid.dk\/?p=4261"},"modified":"2026-09-01T18:14:06","modified_gmt":"2026-09-01T17:14:06","slug":"calatoria-studentilor-de-balet-in-romania-anulata-acum-romanii-predau-in-danemarca","status":"publish","type":"post","link":"https:\/\/lwid.dk\/ro\/calatoria-studentilor-de-balet-in-romania-anulata-acum-romanii-predau-in-danemarca\/","title":{"rendered":"C\u0103l\u0103toria studen\u021bilor de balet \u00een Rom\u00e2nia anulat\u0103: Acum rom\u00e2nii predau \u00een Danemarca"},"content":{"rendered":"\r\n<figure class=\"wp-block-image size-full\"><img loading=\"lazy\" decoding=\"async\" width=\"261\" height=\"361\" class=\"wp-image-4262\" src=\"https:\/\/lwid.dk\/wp-content\/uploads\/2023\/10\/40.png\" alt=\"\" srcset=\"https:\/\/lwid.dk\/wp-content\/uploads\/2023\/10\/40.png 261w, https:\/\/lwid.dk\/wp-content\/uploads\/2023\/10\/40-217x300.png 217w, https:\/\/lwid.dk\/wp-content\/uploads\/2023\/10\/40-150x207.png 150w\" sizes=\"auto, (max-width: 261px) 100vw, 261px\" \/><\/figure>\r\n\r\n\r\n\r\n<p class=\"wp-block-paragraph\">Articol publicat in JydskeVestkysten Esbjerg Sektion 2 (Esbjerg), la data de 1 noiembrie 2021<\/p>\r\n\r\n\r\n\r\n<p class=\"wp-block-paragraph\">Rezumat<\/p>\r\n\r\n\r\n\r\n<p class=\"wp-block-paragraph\">Elevii de balet urmau s\u0103 c\u0103l\u0103toreasc\u0103 \u00een Rom\u00e2nia pentru lec\u021bii, dar din cauza unor probleme, excursia a fost anulat\u0103. Cu toate acestea, ace\u0219tia au beneficiat de 44 de lec\u021bii \u00een fiecare zi de la dansatori rom\u00e2ni la Esbjerg \u0219i vor prezenta un spectacol numit \u201eC\u00e2nd imposibilul devine posibil\u201d la Centrul de agrement Vejrup-Endrup duminic\u0103, 7 noiembrie. Anularea c\u0103l\u0103toriei i-a determinat pe profesori \u0219i p\u0103rin\u021bi s\u0103 organizeze un antrenament intensiv la Gimnaziul Esbjerg, cu ajutorul dansatorilor rom\u00e2ni Alina Ciceo \u0219i Domsa Radu. Spectacolul va combina baletul clasic \u0219i dansul modern, prezent\u00e2nd at\u00e2t numere de grup, c\u00e2t \u0219i dansuri solo, cu participan\u021bi din Bramming, Ribe \u0219i Esbjerg.<\/p>\r\n\r\n\r\n\r\n<p class=\"wp-block-paragraph\">Elevii de balet trebuiau s\u0103 mearg\u0103 s\u0103pt\u0103m\u00e2na trecut\u0103 \u00een Rom\u00e2nia pentru lec\u021bii, dar excursia a fost anulat\u0103 \u00een ultimul moment. \u00cen schimb, \u00een \u200b\u200bfiecare zi a s\u0103pt\u0103m\u00e2nii primesc 44 de lec\u021bii de la dansatori profesioni\u0219ti rom\u00e2ni la Esbjerg, care se \u00eencheie cu un spectacol \u00een Vejrup-Endrup Leisure Centre.<\/p>\r\n\r\n\r\n\r\n<p class=\"wp-block-paragraph\">VEJRUP: Centrul de agrement Vejrup-Endrup se va transforma duminic\u0103, 7 noiembrie, \u00eentr-un studio de dans c\u00e2nd 21 de copii \u0219i tineri \u00ee\u0219i vor ar\u0103ta abilit\u0103\u021bile \u00een spectacolul de dans \u201eC\u00e2nd imposibilul devine posibil\u201d.<\/p>\r\n\r\n\r\n\r\n<p class=\"wp-block-paragraph\">Se presupunea c\u0103 14 dintre studen\u021bii de balet ar fi fost \u00een ora\u0219ul rom\u00e2nesc Cluj-Napoca \u00een s\u0103pt\u0103m\u00e2na 43 pentru a primi lec\u021bii, dar c\u0103l\u0103toria a fost anulat\u0103 \u00een ultimul moment din cauza bloc\u0103rii din Rom\u00e2nia.<\/p>\r\n\r\n\r\n\r\n<p class=\"wp-block-paragraph\">\u00cen schimb, profesoara de balet Alina Harbuz Lindberg, care locuie\u0219te \u00een Vejrup, \u0219i un grup de p\u0103rin\u021bi au \u00eenceput s\u0103 investigheze posibilit\u0103\u021bile de predare \u0219i spectacol acas\u0103.<\/p>\r\n\r\n\r\n\r\n<p class=\"wp-block-paragraph\">A avut succes, a\u0219a c\u0103 \u00een s\u0103pt\u0103m\u00e2na premerg\u0103toare spectacolului de la Vejrup, de luni p\u00e2n\u0103 s\u00e2mb\u0103t\u0103, la Gimnaziul Esbjerg, va avea loc un antrenament intensiv, unde o mare parte a pred\u0103rii va fi sus\u021binut\u0103 de dansatorii \u0219i instructorii de dans rom\u00e2ni profesioni\u0219ti Alina Ciceo. \u0219i Domsa Radu, care va veni la elevi, c\u00e2nd acum elevii nu puteau veni la ei.<\/p>\r\n\r\n\r\n\r\n<p class=\"wp-block-paragraph\">Tocmai din cauza c\u0103l\u0103toriei anulate, expozi\u021bia a primit titlul \u201eC\u00e2nd imposibilul devine posibil\u201d.<\/p>\r\n\r\n\r\n\r\n<p class=\"wp-block-paragraph\">Studen\u021bii de balet provin \u00een principal din Bramming, Ribe \u0219i Esbjerg, iar printre altele se num\u0103r\u0103 Ameli Kristensen (Jernvedlund), Astrid Dam (Bramming), Linnea Katrine Majholm (Bramming), Melissa Ladefoged (Vejrup) \u0219i Thea Boesen S\u00f8rensen (Bramming).<\/p>\r\n\r\n\r\n\r\n<p class=\"wp-block-paragraph\">Mul\u021bi au dansat de mici, iar spectacolul va fi o combina\u021bie de balet clasic \u0219i dans modern \u0219i vor fi at\u00e2t spectacole de grup, c\u00e2t \u0219i dansuri solo.<\/p>\r\n","protected":false},"excerpt":{"rendered":"<p>Articol publicat in JydskeVestkysten Esbjerg Sektion 2 (Esbjerg), la data de 1 noiembrie 2021 Rezumat Elevii de balet urmau s\u0103 c\u0103l\u0103toreasc\u0103 \u00een Rom\u00e2nia pentru lec\u021bii, dar din cauza unor probleme, excursia a fost anulat\u0103. Cu toate acestea, ace\u0219tia au beneficiat de 44 de lec\u021bii \u00een fiecare zi de la dansatori rom\u00e2ni la Esbjerg \u0219i vor [&hellip;]<\/p>\n","protected":false},"author":11,"featured_media":4262,"comment_status":"open","ping_status":"closed","sticky":false,"template":"","format":"standard","meta":{"_acf_changed":false,"_themeisle_gutenberg_block_has_review":false,"_jetpack_newsletter_access":"","_jetpack_dont_email_post_to_subs":false,"_jetpack_newsletter_tier_id":0,"_jetpack_memberships_contains_paywalled_content":false,"_jetpack_feature_clip_id":0,"_jetpack_memberships_contains_paid_content":false,"footnotes":"","jetpack_post_was_ever_published":false,"_members_access_role":[],"_members_access_error":""},"categories":[878,142],"tags":[998,1001,1005],"class_list":["post-4261","post","type-post","status-publish","format-standard","has-post-thumbnail","category-navigarea-in-danemarca","category-povesti-nespuse","tag-arta-si-teatru","tag-diversitate-si-incluziune","tag-implicare"],"acf":[],"jetpack_sharing_enabled":true,"jetpack-related-posts":[{"id":5321,"url":"https:\/\/lwid.dk\/ro\/o-deschidere-de-magazin-romanesc-in-bredballe\/","url_meta":{"origin":4261,"position":0},"title":"O deschidere de magazin rom\u00e2nesc \u00een Bredballe","author":"Sorina Floroiu","date":"16 martie 2022","format":false,"excerpt":"Articol publicat in Ugeavisen Vejle la data de 16 martie 2022. Rezumat:\u00a0 Un nou supermarket, \"Butik Romanita\", s-a deschis \u00een Bredballe Center, oferind produse tradi\u021bionale rom\u00e2ne\u0219ti, de la salam \u0219i \u0219unc\u0103 la iaurt \u0219i miere. Cuplul Daria Catalina \u0219i Eugen-Vasile Covaciu, care a deschis magazinul, sper\u0103 s\u0103 atrag\u0103 clien\u021bi dintr-un\u2026","rel":"","context":"\u00cen \u201eNavigarea \u00een Danemarca\u201d","block_context":{"text":"Navigarea \u00een Danemarca","link":"https:\/\/lwid.dk\/ro\/category\/navigarea-in-danemarca\/"},"img":{"alt_text":"","src":"https:\/\/i0.wp.com\/lwid.dk\/wp-content\/uploads\/2023\/11\/9.-RUMAENSK-BUTIK.png?resize=350%2C200&ssl=1","width":350,"height":200,"srcset":"https:\/\/i0.wp.com\/lwid.dk\/wp-content\/uploads\/2023\/11\/9.-RUMAENSK-BUTIK.png?resize=350%2C200&ssl=1 1x, https:\/\/i0.wp.com\/lwid.dk\/wp-content\/uploads\/2023\/11\/9.-RUMAENSK-BUTIK.png?resize=525%2C300&ssl=1 1.5x"},"classes":[]},{"id":5422,"url":"https:\/\/lwid.dk\/ro\/valentin-din-romania-este-indragostit-de-spiritul-de-voluntariat-din-danemarca\/","url_meta":{"origin":4261,"position":1},"title":"Valentin din Rom\u00e2nia este \u00eendr\u0103gostit de spiritul de voluntariat din Danemarca","author":"Sorina Floroiu","date":"25 noiembrie 2022","format":false,"excerpt":"Articol publicat \u00een Skive Folkeblad la data de 25 noiembrie 2022.\u00a0 Rezumat: Valentin Vorobat, aflat \u00een Danemarca de 12 ani, a fost atras de voluntariat, implic\u00e2ndu-se activ \u00een diverse organiza\u021bii \u0219i activit\u0103\u021bi comunitare. El consider\u0103 c\u0103 prin exemplul s\u0103u poate inspira \u0219i al\u021bi rom\u00e2ni s\u0103 participe la via\u021ba comunitar\u0103 din\u2026","rel":"","context":"\u00cen \u201eNavigarea \u00een Danemarca\u201d","block_context":{"text":"Navigarea \u00een Danemarca","link":"https:\/\/lwid.dk\/ro\/category\/navigarea-in-danemarca\/"},"img":{"alt_text":"","src":"https:\/\/i0.wp.com\/lwid.dk\/wp-content\/uploads\/2023\/11\/24.-Valentin.png?resize=350%2C200&ssl=1","width":350,"height":200,"srcset":"https:\/\/i0.wp.com\/lwid.dk\/wp-content\/uploads\/2023\/11\/24.-Valentin.png?resize=350%2C200&ssl=1 1x, https:\/\/i0.wp.com\/lwid.dk\/wp-content\/uploads\/2023\/11\/24.-Valentin.png?resize=525%2C300&ssl=1 1.5x, https:\/\/i0.wp.com\/lwid.dk\/wp-content\/uploads\/2023\/11\/24.-Valentin.png?resize=700%2C400&ssl=1 2x"},"classes":[]},{"id":3084,"url":"https:\/\/lwid.dk\/ro\/inregistrarile-secrete-dezvaluie-florin-a-fost-concediat-pentru-ca-nu-a-dorit-sa-se-retraga-din-3f-lydoptagelser-afslorerflorin-blev-fyret-da-han-ikke-ville-melde-sig-ud-af-3f\/","url_meta":{"origin":4261,"position":2},"title":"\u00cenregistr\u0103rile secrete dezv\u0103luie: Florin a fost concediat pentru c\u0103 nu a dorit s\u0103 se retrag\u0103 din 3F \/ LYDOPTAGELSER AFSL\u00d8RER:FLORIN BLEV FYRET DA HAN IKKE VILLE MELDE SIG UD AF 3F","author":"Sorina Floroiu","date":"10 februarie 2020","format":false,"excerpt":"Articol publicat in Fagbladet 3f la data de 10 februarie 2020.\u00a0 Subiectul articolului:\u00a0 \u00cen Danemarca, dreptul de a \u00eenfiin\u021ba \u0219i de a face parte din asocia\u021bii este garantat de constitu\u021bie, iar legea protejeaz\u0103 libertatea angaja\u021bilor de a se asocia \u0219i interzice angajatorilor s\u0103 ia \u00een considerare apartenen\u021ba angaja\u021bilor la o\u2026","rel":"","context":"\u00cen \u201eNavigarea \u00een Danemarca\u201d","block_context":{"text":"Navigarea \u00een Danemarca","link":"https:\/\/lwid.dk\/ro\/category\/navigarea-in-danemarca\/"},"img":{"alt_text":"","src":"https:\/\/i0.wp.com\/lwid.dk\/wp-content\/uploads\/2023\/10\/11.-Florin.png?resize=350%2C200&ssl=1","width":350,"height":200,"srcset":"https:\/\/i0.wp.com\/lwid.dk\/wp-content\/uploads\/2023\/10\/11.-Florin.png?resize=350%2C200&ssl=1 1x, https:\/\/i0.wp.com\/lwid.dk\/wp-content\/uploads\/2023\/10\/11.-Florin.png?resize=525%2C300&ssl=1 1.5x, https:\/\/i0.wp.com\/lwid.dk\/wp-content\/uploads\/2023\/10\/11.-Florin.png?resize=700%2C400&ssl=1 2x, https:\/\/i0.wp.com\/lwid.dk\/wp-content\/uploads\/2023\/10\/11.-Florin.png?resize=1050%2C600&ssl=1 3x"},"classes":[]},{"id":5264,"url":"https:\/\/lwid.dk\/ro\/pavel-iubeste-gustul-tarii-sale-natale-a-deschis-un-magazin-cu-specialitati-est-europene\/","url_meta":{"origin":4261,"position":3},"title":"Pavel iube\u0219te gustul \u021b\u0103rii sale natale: A deschis un magazin cu specialit\u0103\u021bi est-europene.","author":"Sorina Floroiu","date":"13 ianuarie 2022","format":false,"excerpt":"Articol publicat in Frdb.dk la data de 13 ianuarie 2022 Rezumat:\u00a0 Pavel Paul Todor, un b\u0103rbat harnic, obi\u0219nuia s\u0103 parcurg\u0103 170 km p\u00e2n\u0103 la Randers pentru a aduce specialit\u0103\u021bi rom\u00e2ne\u0219ti \u00een Danemarca. Acum, el vinde aceste produse \u00een propriul s\u0103u magazin din Vejen. Magazinul A & I Market ofer\u0103 exclusiv\u2026","rel":"","context":"\u00cen \u201eNavigarea \u00een Danemarca\u201d","block_context":{"text":"Navigarea \u00een Danemarca","link":"https:\/\/lwid.dk\/ro\/category\/navigarea-in-danemarca\/"},"img":{"alt_text":"","src":"https:\/\/i0.wp.com\/lwid.dk\/wp-content\/uploads\/2023\/11\/1.-PAVEL.png?resize=350%2C200&ssl=1","width":350,"height":200,"srcset":"https:\/\/i0.wp.com\/lwid.dk\/wp-content\/uploads\/2023\/11\/1.-PAVEL.png?resize=350%2C200&ssl=1 1x, https:\/\/i0.wp.com\/lwid.dk\/wp-content\/uploads\/2023\/11\/1.-PAVEL.png?resize=525%2C300&ssl=1 1.5x, https:\/\/i0.wp.com\/lwid.dk\/wp-content\/uploads\/2023\/11\/1.-PAVEL.png?resize=700%2C400&ssl=1 2x"},"classes":[]},{"id":5429,"url":"https:\/\/lwid.dk\/ro\/participa-la-celebrarea-zilei-nationale-a-romaniei\/","url_meta":{"origin":4261,"position":4},"title":"Participa la celebrarea Zilei Na\u021bionale a Rom\u00e2niei","author":"Sorina Floroiu","date":"30 noiembrie 2022","format":false,"excerpt":"Articol publicat \u00een Salling Avis la data de 30 noiembrie.\u00a0 Petrecere gratuit\u0103 pentru to\u021bi la Skive Theater pe 3 decembrie. De fapt, Rom\u00e2nia \u00ee\u0219i s\u0103rb\u0103tore\u0219te ziua na\u021bional\u0103 pe 1 decembrie, dar pentru a oferi posibilitatea tuturor s\u0103 participe, chiar \u0219i celor care lucreaz\u0103, petrecerea din Skive este programat\u0103 pe 3\u2026","rel":"","context":"\u00cen \u201eCultur\u0103\u201d","block_context":{"text":"Cultur\u0103","link":"https:\/\/lwid.dk\/ro\/category\/navigarea-in-danemarca\/cultura\/"},"img":{"alt_text":"","src":"https:\/\/i0.wp.com\/lwid.dk\/wp-content\/uploads\/2023\/11\/25.-Ziua-NAtionala.png?resize=350%2C200&ssl=1","width":350,"height":200,"srcset":"https:\/\/i0.wp.com\/lwid.dk\/wp-content\/uploads\/2023\/11\/25.-Ziua-NAtionala.png?resize=350%2C200&ssl=1 1x, https:\/\/i0.wp.com\/lwid.dk\/wp-content\/uploads\/2023\/11\/25.-Ziua-NAtionala.png?resize=525%2C300&ssl=1 1.5x"},"classes":[]},{"id":3215,"url":"https:\/\/lwid.dk\/ro\/soren-este-gata-sa-ofere-ajutor-de-craciun-familiilor-sarace-din-romania-soren-er-klar-med-julehjaelp-til-fattige-familier-i-rumaenien\/","url_meta":{"origin":4261,"position":5},"title":"S\u00f8ren este gata s\u0103 ofere ajutor de Cr\u0103ciun familiilor s\u0103race din Rom\u00e2nia \/ S\u00f8ren er klar med julehj\u00e6lp til fattige familier i Rum\u00e6nien","author":"Sorina Floroiu","date":"24 noiembrie 2020","format":false,"excerpt":"Articol publicat in Ugeavisen Vejle la data de 24 noiembrie 2020.\u00a0 Subiectul articolului: Organiza\u021bia AKO, Activi Kristnes Omsorgsarbejde, a trimis primele dou\u0103 camioane cu ajutoare c\u0103tre familiile s\u0103race din nord-estul Rom\u00e2niei, inclusiv haine de iarn\u0103 \u0219i cadouri de Cr\u0103ciun. De asemenea, planific\u0103 s\u0103 trimit\u0103 \u00eenc\u0103 trei camioane \u00een zon\u0103. AKO\u2026","rel":"","context":"\u00cen \u201eNavigarea \u00een Danemarca\u201d","block_context":{"text":"Navigarea \u00een Danemarca","link":"https:\/\/lwid.dk\/ro\/category\/navigarea-in-danemarca\/"},"img":{"alt_text":"","src":"https:\/\/i0.wp.com\/lwid.dk\/wp-content\/uploads\/2023\/10\/29.-Soren.png?resize=350%2C200&ssl=1","width":350,"height":200,"srcset":"https:\/\/i0.wp.com\/lwid.dk\/wp-content\/uploads\/2023\/10\/29.-Soren.png?resize=350%2C200&ssl=1 1x, https:\/\/i0.wp.com\/lwid.dk\/wp-content\/uploads\/2023\/10\/29.-Soren.png?resize=525%2C300&ssl=1 1.5x"},"classes":[]}],"jetpack_featured_media_url":"https:\/\/lwid.dk\/wp-content\/uploads\/2023\/10\/40.png","_links":{"self":[{"href":"https:\/\/lwid.dk\/ro\/wp-json\/wp\/v2\/posts\/4261","targetHints":{"allow":["GET"]}}],"collection":[{"href":"https:\/\/lwid.dk\/ro\/wp-json\/wp\/v2\/posts"}],"about":[{"href":"https:\/\/lwid.dk\/ro\/wp-json\/wp\/v2\/types\/post"}],"author":[{"embeddable":true,"href":"https:\/\/lwid.dk\/ro\/wp-json\/wp\/v2\/users\/11"}],"replies":[{"embeddable":true,"href":"https:\/\/lwid.dk\/ro\/wp-json\/wp\/v2\/comments?post=4261"}],"version-history":[{"count":2,"href":"https:\/\/lwid.dk\/ro\/wp-json\/wp\/v2\/posts\/4261\/revisions"}],"predecessor-version":[{"id":28731,"href":"https:\/\/lwid.dk\/ro\/wp-json\/wp\/v2\/posts\/4261\/revisions\/28731"}],"wp:featuredmedia":[{"embeddable":true,"href":"https:\/\/lwid.dk\/ro\/wp-json\/wp\/v2\/media\/4262"}],"wp:attachment":[{"href":"https:\/\/lwid.dk\/ro\/wp-json\/wp\/v2\/media?parent=4261"}],"wp:term":[{"taxonomy":"category","embeddable":true,"href":"https:\/\/lwid.dk\/ro\/wp-json\/wp\/v2\/categories?post=4261"},{"taxonomy":"post_tag","embeddable":true,"href":"https:\/\/lwid.dk\/ro\/wp-json\/wp\/v2\/tags?post=4261"}],"curies":[{"name":"wp","href":"https:\/\/api.w.org\/{rel}","templated":true}]}}