{"id":5273,"date":"2022-01-15T10:57:00","date_gmt":"2022-01-15T09:57:00","guid":{"rendered":"https:\/\/lwid.dk\/?p=5273"},"modified":"2026-09-01T18:08:40","modified_gmt":"2026-09-01T17:08:40","slug":"romanul-darius-a-economisit-de-la-momentul-in-care-a-trecut-granita-in-2011-acum-isi-indeplineste-visul-danez","status":"publish","type":"post","link":"https:\/\/lwid.dk\/ro\/romanul-darius-a-economisit-de-la-momentul-in-care-a-trecut-granita-in-2011-acum-isi-indeplineste-visul-danez\/","title":{"rendered":"Rom\u00e2nul Darius a economisit de la momentul \u00een care a trecut grani\u021ba \u00een 2011: Acum \u00ee\u0219i \u00eendepline\u0219te visul danez"},"content":{"rendered":"\r\n<p class=\"wp-block-paragraph\">Articol publicat in Lokalavisenassens.dk la data de 15 ianuarie 2022<\/p>\r\n\r\n\r\n\r\n<figure class=\"wp-block-image size-full\"><img loading=\"lazy\" decoding=\"async\" width=\"919\" height=\"682\" class=\"wp-image-5274\" src=\"https:\/\/lwid.dk\/wp-content\/uploads\/2023\/11\/2.-DARIUS.png\" alt=\"\" srcset=\"https:\/\/lwid.dk\/wp-content\/uploads\/2023\/11\/2.-DARIUS.png 919w, https:\/\/lwid.dk\/wp-content\/uploads\/2023\/11\/2.-DARIUS-300x223.png 300w, https:\/\/lwid.dk\/wp-content\/uploads\/2023\/11\/2.-DARIUS-768x570.png 768w, https:\/\/lwid.dk\/wp-content\/uploads\/2023\/11\/2.-DARIUS-150x111.png 150w, https:\/\/lwid.dk\/wp-content\/uploads\/2023\/11\/2.-DARIUS-485x360.png 485w, https:\/\/lwid.dk\/wp-content\/uploads\/2023\/11\/2.-DARIUS-696x517.png 696w, https:\/\/lwid.dk\/wp-content\/uploads\/2023\/11\/2.-DARIUS-265x198.png 265w\" sizes=\"auto, (max-width: 919px) 100vw, 919px\" \/><\/figure>\r\n\r\n\r\n\r\n<p class=\"wp-block-paragraph\">Rezumat:\u00a0<\/p>\r\n\r\n\r\n\r\n<p class=\"wp-block-paragraph\">Darius Bura \u0219i partenera sa au ajuns \u00een Danemarca acum zece ani, cu visul de a deschide propriul service auto. Dup\u0103 economisirea banilor \u0219i calificarea ca mecanic \u00een \u021bara natal\u0103, luni, 17 ianuarie, \u0219i-au \u00eendeplinit visul prin deschiderea DB Auto \u00een Tommerup. Spa\u021biul anterior ocupat de firma KV Auto a fost ales pentru u\u0219urin\u021ba preg\u0103tirii pentru utilizare. So\u021bia sa, Roxana, \u00eel ajut\u0103 la birou, iar afacerea va fi condus\u0103 \u00eempreun\u0103. Bura, fericit \u00een Danemarca, apreciaz\u0103 oamenii \u0219i via\u021ba bun\u0103. \u00cen plus, el gestioneaz\u0103 \u0219i o firm\u0103 de recrutare de personal temporar pentru rom\u00e2ni \u00een sezonul de recoltare.\u00a0<\/p>\r\n\r\n\r\n\r\n<p class=\"wp-block-paragraph\">Articol tradus:<\/p>\r\n\r\n\r\n\r\n<p class=\"wp-block-paragraph\">Cu zece ani \u00een urm\u0103, Darius Bura a ajuns \u00een Danemarca \u00eempreun\u0103 cu iubita sa, av\u00e2nd un scop: s\u0103 deschid\u0103 propriul s\u0103u service auto. Luni, 17 ianuarie, la ora 8:00, \u00ee\u0219i \u00eendepline\u0219te scopul atunci c\u00e2nd por\u021bile DB Auto de la Tommerup se deschid.<\/p>\r\n\r\n\r\n\r\n<p class=\"wp-block-paragraph\">Tommerup:\u201d &#8211; Este visul meu cel mare s\u0103 am propriul meu service. Pentru asta am economisit bani \u00eenc\u0103 de c\u00e2nd am venit \u00een Danemarca\u201d, spune Darius Bura, care s-a calificat ca mecanic \u00een \u021bara sa natal\u0103.<\/p>\r\n\r\n\r\n\r\n<p class=\"wp-block-paragraph\">Acum, cam zece ani mai t\u00e2rziu, acel vis devine realitate c\u00e2nd, luni, 17 ianuarie, deschide por\u021bile la Skolevej 21 din Tommerup \u0219i \u00eencepe s\u0103 repare ma\u0219ini.<\/p>\r\n\r\n\r\n\r\n<p class=\"wp-block-paragraph\">\u00cen trecut, spa\u021biul g\u0103zduia firma KV Auto, care era, de asemenea, un service auto &#8211; lucru pe care l-a luat \u00een considerare atunci c\u00e2nd a ales spa\u021biul, deoarece astfel era mai u\u0219or s\u0103-l preg\u0103teasc\u0103 pentru utilizare.<\/p>\r\n\r\n\r\n\r\n<p class=\"wp-block-paragraph\">El va conduce afacerea \u00eempreun\u0103 cu so\u021bia sa, Roxana Bura, care lucreaz\u0103 la birou, \u00een timp ce Darius va petrece mai mult timp \u00een service. \u201cSuntem buni \u00een a lucra \u00eempreun\u0103\u201d, explic\u0103 el.<\/p>\r\n\r\n\r\n\r\n<p class=\"wp-block-paragraph\">De asemenea, ea a fost cea care l-a \u00eenso\u021bit acum zece ani, c\u00e2nd a v\u00e2ndut firma sa de transport din Rom\u00e2nia pentru a c\u0103uta norocul \u00een Danemarca. \u00cen afar\u0103 de el \u00eensu\u0219i, a angajat \u0219i un mecanic local, pe Martin J\u00f8rgensen, recomandat de un prieten.<\/p>\r\n\r\n\r\n\r\n<p class=\"wp-block-paragraph\">\u201cEste un tip bun, a\u0219a c\u0103 sunt foarte bucuros\u201d, spune Darius Bura.<\/p>\r\n\r\n\r\n\r\n<p class=\"wp-block-paragraph\">C\u00e2nd afacerea va merge bine, inten\u021bioneaz\u0103 s\u0103 angajeze \u00eenc\u0103 un mecanic, explic\u0103 el.<\/p>\r\n\r\n\r\n\r\n<p class=\"wp-block-paragraph\">\u201cEste o \u021bar\u0103 bun\u0103, \u00eemi plac oamenii \u0219i modul \u00een care g\u00e2ndesc\u201d. Aici ai o via\u021b\u0103 bun\u0103.<\/p>\r\n\r\n\r\n\r\n<p class=\"wp-block-paragraph\">Fericit \u00een Danemarca<\/p>\r\n\r\n\r\n\r\n<p class=\"wp-block-paragraph\">Darius Bura provine din ora\u0219ul Timi\u0219oara din vestul Rom\u00e2niei, care, cu cei 300.000 de locuitori, este semnificativ mai mare dec\u00e2t Assens, unde el \u0219i iubita sa s-au mutat \u00een 2012. Aici, el a g\u0103sit repede un loc de munc\u0103 la Summerbird, unde a lucrat timp de aproximativ cinci sau \u0219ase ani.<\/p>\r\n\r\n\r\n\r\n<p class=\"wp-block-paragraph\">Dup\u0103 scurt timp petrecut \u00een Assens, cuplul s-a mutat \u00een Glamsbjerg, unde au cump\u0103rat o cas\u0103 \u0219i au creat o mic\u0103 baz\u0103 pentru ei \u0219i cei trei copii ai lor, cu v\u00e2rste cuprinse \u00eentre cinci, \u0219ase \u0219i \u0219apte ani.<\/p>\r\n\r\n\r\n\r\n<p class=\"wp-block-paragraph\">Dar, \u00een mod real, nu era menit s\u0103 r\u0103m\u00e2n\u0103 \u00een Danemarca, ci doar s\u0103 lucreze aici c\u00e2teva luni \u0219i s\u0103 se \u00eentoarc\u0103 \u00een Rom\u00e2nia.<\/p>\r\n\r\n\r\n\r\n<p class=\"wp-block-paragraph\">Dar a\u0219a nu s-a \u00eent\u00e2mplat niciodat\u0103.<\/p>\r\n\r\n\r\n\r\n<p class=\"wp-block-paragraph\">\u201cEste o \u021bar\u0103 bun\u0103, \u00eemi plac oamenii \u0219i felul \u00een care g\u00e2ndesc. Aici ai o via\u021b\u0103 bun\u0103\u201d, spune el.<\/p>\r\n\r\n\r\n\r\n<p class=\"wp-block-paragraph\">Darius Bura are \u0219i doi fra\u021bi care locuiesc \u0219i lucreaz\u0103 pe insula Funen (Fyn) al\u0103turi de familiile lor.<\/p>\r\n\r\n\r\n\r\n<p class=\"wp-block-paragraph\">\u0218i \u00een fiecare var\u0103, mama lor face drumul din Rom\u00e2nia \u00een Danemarca pentru a fi al\u0103turi de fiii ei, nepo\u021bi \u0219i nurorile ei.<\/p>\r\n\r\n\r\n\r\n<p class=\"wp-block-paragraph\">Cu toate acestea, nu are planuri de a se muta \u00een Danemarca, deoarece \u00eei place foarte mult \u021bara natal\u0103, dar vizitele sunt binevenite, explic\u0103 Darius Bura.<\/p>\r\n\r\n\r\n\r\n<p class=\"wp-block-paragraph\">Firm\u0103 de recrutare de personal temporar<\/p>\r\n\r\n\r\n\r\n<p class=\"wp-block-paragraph\">Pe l\u00e2ng\u0103 service-ul auto, Darius Bura conduce \u0219i o firm\u0103 de recrutare de personal temporar, \u00een principal ocup\u00e2ndu-se de g\u0103sirea de locuri de munc\u0103 de var\u0103 pentru rom\u00e2ni \u00een sezonul de recoltare.<\/p>\r\n\r\n\r\n\r\n<p class=\"wp-block-paragraph\">\u201cVin mul\u021bi oameni \u00een timpul verii pe care trebuie s\u0103-i ajut, a\u0219a c\u0103 am mult de lucru, dar asta nu ne deranjeaz\u0103, suntem bine\u201d, spune el. De asemenea, Darius Bura men\u021bioneaz\u0103 c\u0103 deschid service-ul cu o ofert\u0103 special\u0103, oferind un discount de 25% la toate repara\u021biile p\u00e2n\u0103 pe 28 februarie.<\/p>\r\n\r\n\r\n\r\n<p class=\"wp-block-paragraph\">DB Auto DK<\/p>\r\n\r\n\r\n\r\n<p class=\"wp-block-paragraph\">Service-ul de pe Skolevej 21 efectueaz\u0103 toate tipurile de repara\u021bii. Au un centru de sp\u0103lare \u0219i ofer\u0103 \u0219i servicii de cur\u0103\u021bare interioar\u0103 a ma\u0219inii tale.<\/p>\r\n\r\n\r\n\r\n<p class=\"wp-block-paragraph\">Tariful orar este de 525 de coroane daneze cu TVA inclus.<\/p>\r\n\r\n\r\n\r\n<p class=\"wp-block-paragraph\">Pute\u021bi face program\u0103ri pentru repara\u021bii la num\u0103rul de telefon: 2628 7262 \u00een fiecare zi lucr\u0103toare \u00eentre orele 8 \u0219i 16.<\/p>\r\n","protected":false},"excerpt":{"rendered":"<p>Articol publicat in Lokalavisenassens.dk la data de 15 ianuarie 2022 Rezumat:\u00a0 Darius Bura \u0219i partenera sa au ajuns \u00een Danemarca acum zece ani, cu visul de a deschide propriul service auto. Dup\u0103 economisirea banilor \u0219i calificarea ca mecanic \u00een \u021bara natal\u0103, luni, 17 ianuarie, \u0219i-au \u00eendeplinit visul prin deschiderea DB Auto \u00een Tommerup. Spa\u021biul anterior [&hellip;]<\/p>\n","protected":false},"author":11,"featured_media":5274,"comment_status":"open","ping_status":"closed","sticky":false,"template":"","format":"standard","meta":{"_acf_changed":false,"_themeisle_gutenberg_block_has_review":false,"_jetpack_newsletter_access":"","_jetpack_dont_email_post_to_subs":false,"_jetpack_newsletter_tier_id":0,"_jetpack_memberships_contains_paywalled_content":false,"_jetpack_feature_clip_id":0,"_jetpack_memberships_contains_paid_content":false,"footnotes":"","jetpack_post_was_ever_published":false,"_members_access_role":[],"_members_access_error":""},"categories":[878,142],"tags":[398,1005,1012],"class_list":["post-5273","post","type-post","status-publish","format-standard","has-post-thumbnail","category-navigarea-in-danemarca","category-povesti-nespuse","tag-afaceri","tag-implicare","tag-ocuparea-fortei-de-munca"],"acf":[],"jetpack_sharing_enabled":true,"jetpack-related-posts":[{"id":2967,"url":"https:\/\/lwid.dk\/ro\/danemarca-ii-ofera-dianei-mai-multe-oportunitati-danmark-giver-diana-bedre-muligheder\/","url_meta":{"origin":5273,"position":0},"title":"Danemarca \u00eei ofer\u0103 Dianei mai multe oportunit\u0103\u021bi \/ Danmark giver Diana bedre muligheder","author":"Sorina Floroiu","date":"3 ianuarie 2020","format":false,"excerpt":"Articol publicat in Magasinet Hyo la 3 ianuarie 2020 Subiectul articolului:\u00a0 Diana Vl\u0103deanu, \u00een v\u00e2rst\u0103 de 23 de ani din Rom\u00e2nia, a venit \u00een Danemarca pentru a studia \u0219i lucra \u00een industria agricol\u0103. Ea a g\u0103sit oportunit\u0103\u021bi mai bune \u00een Danemarca dec\u00e2t \u00een \u021bara natal\u0103. Prin intermediul AgroJob, a fost\u2026","rel":"","context":"\u00cen \u201eNavigarea \u00een Danemarca\u201d","block_context":{"text":"Navigarea \u00een Danemarca","link":"https:\/\/lwid.dk\/ro\/category\/navigarea-in-danemarca\/"},"img":{"alt_text":"","src":"https:\/\/i0.wp.com\/lwid.dk\/wp-content\/uploads\/2023\/10\/1.-Danmark-giver-Diana-bedre-muligheder-e1697727104268.png?resize=350%2C200&ssl=1","width":350,"height":200,"srcset":"https:\/\/i0.wp.com\/lwid.dk\/wp-content\/uploads\/2023\/10\/1.-Danmark-giver-Diana-bedre-muligheder-e1697727104268.png?resize=350%2C200&ssl=1 1x, https:\/\/i0.wp.com\/lwid.dk\/wp-content\/uploads\/2023\/10\/1.-Danmark-giver-Diana-bedre-muligheder-e1697727104268.png?resize=525%2C300&ssl=1 1.5x, https:\/\/i0.wp.com\/lwid.dk\/wp-content\/uploads\/2023\/10\/1.-Danmark-giver-Diana-bedre-muligheder-e1697727104268.png?resize=700%2C400&ssl=1 2x, https:\/\/i0.wp.com\/lwid.dk\/wp-content\/uploads\/2023\/10\/1.-Danmark-giver-Diana-bedre-muligheder-e1697727104268.png?resize=1050%2C600&ssl=1 3x"},"classes":[]},{"id":5264,"url":"https:\/\/lwid.dk\/ro\/pavel-iubeste-gustul-tarii-sale-natale-a-deschis-un-magazin-cu-specialitati-est-europene\/","url_meta":{"origin":5273,"position":1},"title":"Pavel iube\u0219te gustul \u021b\u0103rii sale natale: A deschis un magazin cu specialit\u0103\u021bi est-europene.","author":"Sorina Floroiu","date":"13 ianuarie 2022","format":false,"excerpt":"Articol publicat in Frdb.dk la data de 13 ianuarie 2022 Rezumat:\u00a0 Pavel Paul Todor, un b\u0103rbat harnic, obi\u0219nuia s\u0103 parcurg\u0103 170 km p\u00e2n\u0103 la Randers pentru a aduce specialit\u0103\u021bi rom\u00e2ne\u0219ti \u00een Danemarca. Acum, el vinde aceste produse \u00een propriul s\u0103u magazin din Vejen. Magazinul A & I Market ofer\u0103 exclusiv\u2026","rel":"","context":"\u00cen \u201eNavigarea \u00een Danemarca\u201d","block_context":{"text":"Navigarea \u00een Danemarca","link":"https:\/\/lwid.dk\/ro\/category\/navigarea-in-danemarca\/"},"img":{"alt_text":"","src":"https:\/\/i0.wp.com\/lwid.dk\/wp-content\/uploads\/2023\/11\/1.-PAVEL.png?resize=350%2C200&ssl=1","width":350,"height":200,"srcset":"https:\/\/i0.wp.com\/lwid.dk\/wp-content\/uploads\/2023\/11\/1.-PAVEL.png?resize=350%2C200&ssl=1 1x, https:\/\/i0.wp.com\/lwid.dk\/wp-content\/uploads\/2023\/11\/1.-PAVEL.png?resize=525%2C300&ssl=1 1.5x, https:\/\/i0.wp.com\/lwid.dk\/wp-content\/uploads\/2023\/11\/1.-PAVEL.png?resize=700%2C400&ssl=1 2x"},"classes":[]},{"id":4193,"url":"https:\/\/lwid.dk\/ro\/din-moldova-cu-dragoste-alina-si-denis-s-au-mutat-intr-o-casa-incendiata-iar-acum-candideaza-la-alegerile-municipale\/","url_meta":{"origin":5273,"position":2},"title":"Din Moldova cu dragoste: Alina \u0219i Denis s-au mutat \u00eentr-o cas\u0103 incendiat\u0103, iar acum candideaz\u0103 la alegerile municipale","author":"Sorina Floroiu","date":"3 august 2021","format":false,"excerpt":"Articol publicat in\u00a0 Jv.dk (Abonnementsomr\u00e5de) Mikkel Hausted Hanse, la data de 3 august 2021 Rezumat Alina \u0219i Denis R\u0103cil\u0103, originari din Moldova, s-au mutat \u00een Branderup, Danemarca, dup\u0103 ce au vizitat \u021bara \u00een luna de miere \u00een 2014. Ini\u021bial au lucrat ca asisten\u021bi agricoli \u0219i, ulterior, au cump\u0103rat o cas\u0103\u2026","rel":"","context":"\u00cen \u201eNavigarea \u00een Danemarca\u201d","block_context":{"text":"Navigarea \u00een Danemarca","link":"https:\/\/lwid.dk\/ro\/category\/navigarea-in-danemarca\/"},"img":{"alt_text":"","src":"https:\/\/i0.wp.com\/lwid.dk\/wp-content\/uploads\/2023\/10\/27.png?resize=350%2C200&ssl=1","width":350,"height":200,"srcset":"https:\/\/i0.wp.com\/lwid.dk\/wp-content\/uploads\/2023\/10\/27.png?resize=350%2C200&ssl=1 1x, https:\/\/i0.wp.com\/lwid.dk\/wp-content\/uploads\/2023\/10\/27.png?resize=525%2C300&ssl=1 1.5x, https:\/\/i0.wp.com\/lwid.dk\/wp-content\/uploads\/2023\/10\/27.png?resize=700%2C400&ssl=1 2x"},"classes":[]},{"id":3110,"url":"https:\/\/lwid.dk\/ro\/am-fost-des-victima-bullying-ului-jeg-blev-mobbet-meget\/","url_meta":{"origin":5273,"position":3},"title":"Am fost des victima bullying-ului \/ Jeg blev mobbet meget","author":"Sorina Floroiu","date":"15 martie 2020","format":false,"excerpt":"Articol publicat in B.T. la 15. marts 2020\u00a0 Subiectul articolului:\u00a0 X-Factor-Ilona Artenes \u00ee\u0219i \u00eemp\u0103rt\u0103\u0219e\u0219te povestea dificil\u0103 despre perioada \u00een care a venit din Rom\u00e2nia \u00een Danemarca. Schimbarea \u021b\u0103rii de origine cu Danemarca nu a fost \u00eentotdeauna u\u0219oar\u0103 pentru X Factor-Ilona.\u00a0 Articol tradus: Am fost des victima bullying-ului \/ Jeg blev\u2026","rel":"","context":"\u00cen \u201eNavigarea \u00een Danemarca\u201d","block_context":{"text":"Navigarea \u00een Danemarca","link":"https:\/\/lwid.dk\/ro\/category\/navigarea-in-danemarca\/"},"img":{"alt_text":"","src":"https:\/\/i0.wp.com\/lwid.dk\/wp-content\/uploads\/2023\/10\/14.-Jeg-blev-mobbet-meget.png?resize=350%2C200&ssl=1","width":350,"height":200,"srcset":"https:\/\/i0.wp.com\/lwid.dk\/wp-content\/uploads\/2023\/10\/14.-Jeg-blev-mobbet-meget.png?resize=350%2C200&ssl=1 1x, https:\/\/i0.wp.com\/lwid.dk\/wp-content\/uploads\/2023\/10\/14.-Jeg-blev-mobbet-meget.png?resize=525%2C300&ssl=1 1.5x"},"classes":[]},{"id":3248,"url":"https:\/\/lwid.dk\/ro\/industria-striga-dupa-tehnicieni-in-industrie\/","url_meta":{"origin":5273,"position":4},"title":"Industria strig\u0103 dup\u0103 tehnicieni \u00een industrie","author":"Sorina Floroiu","date":"5 februarie 2021","format":false,"excerpt":"Articol publicat in Og Maskinindustrien Sektion 1 Side 7 Eskil Mann S\u00f8rensen la data de 5 februarie 2021 Rezumat: Companiile din Danemarca se confrunt\u0103 cu dificult\u0103\u021bi \u00een g\u0103sirea de tehnicieni, cu o criz\u0103 accentuat\u0103 \u00een Vestjylland. KP Components \u00eencearc\u0103 s\u0103 rezolve aceast\u0103 problem\u0103 prin angajarea de tehnicieni rom\u00e2ni. Din zece\u2026","rel":"","context":"\u00cen \u201eNavigarea \u00een Danemarca\u201d","block_context":{"text":"Navigarea \u00een Danemarca","link":"https:\/\/lwid.dk\/ro\/category\/navigarea-in-danemarca\/"},"img":{"alt_text":"","src":"https:\/\/i0.wp.com\/lwid.dk\/wp-content\/uploads\/2023\/10\/1.-Industria-striga-dupa-tehnicieni-industriali.png?resize=350%2C200&ssl=1","width":350,"height":200,"srcset":"https:\/\/i0.wp.com\/lwid.dk\/wp-content\/uploads\/2023\/10\/1.-Industria-striga-dupa-tehnicieni-industriali.png?resize=350%2C200&ssl=1 1x, https:\/\/i0.wp.com\/lwid.dk\/wp-content\/uploads\/2023\/10\/1.-Industria-striga-dupa-tehnicieni-industriali.png?resize=525%2C300&ssl=1 1.5x"},"classes":[]},{"id":5287,"url":"https:\/\/lwid.dk\/ro\/romanii-salveaza-afacerea-din-criza-locurilor-de-munca-dupa-anul-cel-mai-salbatic\/","url_meta":{"origin":5273,"position":5},"title":"Rom\u00e2nii salveaz\u0103 afacerea din criza locurilor de munc\u0103 dup\u0103 &#8222;anul cel mai s\u0103lbatic&#8221;","author":"Sorina Floroiu","date":"21 ianuarie 2022","format":false,"excerpt":"Articol publicat in Metal-Supply.dk la data de 21 ianuarie 2022 Rezumat:\u00a0 \u00centr-un an tumultuos marcat de pandemia de COVID-19, HAI Horsens, o companie danez\u0103 de familie specializat\u0103 \u00een prelucrarea suprafe\u021belor de aluminiu, a avut dificult\u0103\u021bi cu lipsa de for\u021b\u0103 de munc\u0103. Dup\u0103 concedierea a aproximativ o treime din angaja\u021bi, compania\u2026","rel":"","context":"\u00cen \u201eNavigarea \u00een Danemarca\u201d","block_context":{"text":"Navigarea \u00een Danemarca","link":"https:\/\/lwid.dk\/ro\/category\/navigarea-in-danemarca\/"},"img":{"alt_text":"","src":"https:\/\/i0.wp.com\/lwid.dk\/wp-content\/uploads\/2023\/11\/4.-RUMAENERE-REDDER.png?resize=350%2C200&ssl=1","width":350,"height":200,"srcset":"https:\/\/i0.wp.com\/lwid.dk\/wp-content\/uploads\/2023\/11\/4.-RUMAENERE-REDDER.png?resize=350%2C200&ssl=1 1x, https:\/\/i0.wp.com\/lwid.dk\/wp-content\/uploads\/2023\/11\/4.-RUMAENERE-REDDER.png?resize=525%2C300&ssl=1 1.5x"},"classes":[]}],"jetpack_featured_media_url":"https:\/\/lwid.dk\/wp-content\/uploads\/2023\/11\/2.-DARIUS.png","_links":{"self":[{"href":"https:\/\/lwid.dk\/ro\/wp-json\/wp\/v2\/posts\/5273","targetHints":{"allow":["GET"]}}],"collection":[{"href":"https:\/\/lwid.dk\/ro\/wp-json\/wp\/v2\/posts"}],"about":[{"href":"https:\/\/lwid.dk\/ro\/wp-json\/wp\/v2\/types\/post"}],"author":[{"embeddable":true,"href":"https:\/\/lwid.dk\/ro\/wp-json\/wp\/v2\/users\/11"}],"replies":[{"embeddable":true,"href":"https:\/\/lwid.dk\/ro\/wp-json\/wp\/v2\/comments?post=5273"}],"version-history":[{"count":2,"href":"https:\/\/lwid.dk\/ro\/wp-json\/wp\/v2\/posts\/5273\/revisions"}],"predecessor-version":[{"id":28725,"href":"https:\/\/lwid.dk\/ro\/wp-json\/wp\/v2\/posts\/5273\/revisions\/28725"}],"wp:featuredmedia":[{"embeddable":true,"href":"https:\/\/lwid.dk\/ro\/wp-json\/wp\/v2\/media\/5274"}],"wp:attachment":[{"href":"https:\/\/lwid.dk\/ro\/wp-json\/wp\/v2\/media?parent=5273"}],"wp:term":[{"taxonomy":"category","embeddable":true,"href":"https:\/\/lwid.dk\/ro\/wp-json\/wp\/v2\/categories?post=5273"},{"taxonomy":"post_tag","embeddable":true,"href":"https:\/\/lwid.dk\/ro\/wp-json\/wp\/v2\/tags?post=5273"}],"curies":[{"name":"wp","href":"https:\/\/api.w.org\/{rel}","templated":true}]}}