{"id":5280,"date":"2022-01-16T11:06:00","date_gmt":"2022-01-16T10:06:00","guid":{"rendered":"https:\/\/lwid.dk\/?p=5280"},"modified":"2026-09-01T18:08:21","modified_gmt":"2026-09-01T17:08:21","slug":"de-la-angajat-de-curatenie-la-manager-de-spa-un-tanar-roman-in-varsta-de-24-de-ani-a-avut-o-cariera-fulgeratoare-la-hotel-fjordgarden","status":"publish","type":"post","link":"https:\/\/lwid.dk\/ro\/de-la-angajat-de-curatenie-la-manager-de-spa-un-tanar-roman-in-varsta-de-24-de-ani-a-avut-o-cariera-fulgeratoare-la-hotel-fjordgarden\/","title":{"rendered":"De la angajat de cur\u0103\u021benie la manager de spa: Un t\u00e2n\u0103r rom\u00e2n \u00een v\u00e2rst\u0103 de 24 de ani a avut o carier\u0103 fulger\u0103toare la Hotel Fjordg\u00e5rden"},"content":{"rendered":"\r\n<p class=\"wp-block-paragraph\">Articol publicat in DAGBLADET la data de 16 ianuarie 2022<\/p>\r\n\r\n\r\n\r\n<figure class=\"wp-block-gallery has-nested-images columns-default is-cropped wp-block-gallery-1 is-layout-flex wp-block-gallery-is-layout-flex\">\r\n<figure class=\"wp-block-image size-large\"><img loading=\"lazy\" decoding=\"async\" width=\"932\" height=\"739\" data-id=\"5281\" class=\"wp-image-5281\" src=\"https:\/\/lwid.dk\/wp-content\/uploads\/2023\/11\/3.-KURBADCHEF.png\" alt=\"\" srcset=\"https:\/\/lwid.dk\/wp-content\/uploads\/2023\/11\/3.-KURBADCHEF.png 932w, https:\/\/lwid.dk\/wp-content\/uploads\/2023\/11\/3.-KURBADCHEF-300x238.png 300w, https:\/\/lwid.dk\/wp-content\/uploads\/2023\/11\/3.-KURBADCHEF-768x609.png 768w, https:\/\/lwid.dk\/wp-content\/uploads\/2023\/11\/3.-KURBADCHEF-150x119.png 150w, https:\/\/lwid.dk\/wp-content\/uploads\/2023\/11\/3.-KURBADCHEF-696x552.png 696w\" sizes=\"auto, (max-width: 932px) 100vw, 932px\" \/><\/figure>\r\n<\/figure>\r\n\r\n\r\n\r\n<p class=\"wp-block-paragraph\">Rezumat:<\/p>\r\n\r\n\r\n\r\n<p class=\"wp-block-paragraph\">Adrian Florin Pantilimon, originar din Rom\u00e2nia, \u0219i-a \u00eenceput cariera la Hotel Fjordg\u00e5rden \u00een Danemarca \u00een 2020, ocup\u00e2ndu-se ini\u021bial de cur\u0103\u021benie. Cu dorin\u021ba de a-\u0219i asuma mai multe responsabilit\u0103\u021bi, a avansat rapid, devenind terapeut \u0219i, ulterior, lider de echip\u0103 \u00een departamentul de spa. Impresion\u00e2nd conducerea hotelului cu abilit\u0103\u021bile sale de leadership, a primit oferta de a deveni \u0219eful kurbadului hotelului, av\u00e2nd acum responsabilitatea dezvolt\u0103rii ofertei de wellness. Cu o carier\u0103 fulger\u0103toare, Adrian \u00ee\u0219i propune s\u0103 r\u0103m\u00e2n\u0103 \u0219i s\u0103 contribuie la transformarea Hotelului Fjordg\u00e5rden \u00een cel mai bun kurbad din Danemarca. \u00cempreun\u0103 cu iubita sa, care lucreaz\u0103 \u0219i ea la hotel, cei doi pl\u0103nuiesc s\u0103 se mute mai aproape de locul de munc\u0103 pentru a se dedica mai mult dezvolt\u0103rii kurbadului.\u00a0<\/p>\r\n\r\n\r\n\r\n<p class=\"wp-block-paragraph\">Adrian Florin Pantilimon \u0219i prietena sa au ob\u021binut un loc de munc\u0103 \u00een domeniul cur\u0103\u021beniei la Hotel Fjordg\u00e5rden \u00een 2020. El \u0219i-a ar\u0103tat \u00een cur\u00e2nd talentul pentru munca \u00een zona de spa, a devenit lider de echip\u0103 &#8211; \u0219i acum este \u0219eful noii \u0219i de succes inova\u021bii ale hotelului.<\/p>\r\n\r\n\r\n\r\n<p class=\"wp-block-paragraph\">Cuv\u00e2ntul &#8222;lynkarriere&#8221; este aproape insuficient pentru a descrie ultimii doi ani \u0219i jum\u0103tate din via\u021ba lui Adrian Florin Pantilimon.<\/p>\r\n\r\n\r\n\r\n<p class=\"wp-block-paragraph\">\u00cen vara anului 2020, t\u00e2n\u0103rul rom\u00e2n \u00een v\u00e2rst\u0103 de 24 de ani \u0219i prietena sa au fost angaja\u021bi la Hotel Fjordg\u00e5rden din Ringk\u00f8bing; sarcina lor era s\u0103 fac\u0103 cur\u0103\u021benie la hotel, inclusiv \u00een noul \u0219i modernul kurbad al acestuia, care tocmai fusese deschis \u00een apropiere de momentul \u00een care au ajuns.<\/p>\r\n\r\n\r\n\r\n<p class=\"wp-block-paragraph\">Adrian a fost rapid captivat de kurbad, de hotel \u0219i de \u00eentregul aspect al serviciilor legate de locul de munc\u0103 \u0219i s-a adresat \u0219efului hotelului, Sussanne Dyrby H\u00f8jlund, \u00eentreb\u00e2nd dac\u0103 ar putea s\u0103 primeasc\u0103 mai mult\u0103 responsabilitate \u0219i alte sarcini de lucru.<\/p>\r\n\r\n\r\n\r\n<p class=\"wp-block-paragraph\">Acest lucru s-a \u0219i \u00eent\u00e2mplat! \u00cen prim\u0103 faz\u0103, a fost instruit pentru a deveni terapeut, apoi, dup\u0103 c\u00e2teva luni, a devenit lider de echip\u0103, iar acum este \u0219eful kurbadului, av\u00e2nd responsabilitatea dezvolt\u0103rii amplei oferte de wellness a hotelului.<\/p>\r\n\r\n\r\n\r\n<p class=\"wp-block-paragraph\">O c\u0103l\u0103torie extraordinar\u0103, care ar putea l\u0103sa oricine f\u0103r\u0103 cuvinte. Dar nu \u0219i pe Adrian!<\/p>\r\n\r\n\r\n\r\n<p class=\"wp-block-paragraph\">\u201cC\u00e2nd m\u0103 uit \u00eenapoi la ultimii doi ani \u0219i jum\u0103tate, se simte ca \u0219i cum totul s-ar fi dezvoltat natural\u201d, spune el.<\/p>\r\n\r\n\r\n\r\n<p class=\"wp-block-paragraph\">A \u00eenceput cu cur\u0103\u021benia<\/p>\r\n\r\n\r\n\r\n<p class=\"wp-block-paragraph\">Adrian Florin Pantilimon provine din ora\u0219ul mare din estul Rom\u00e2niei, Ia\u0219i, \u0219i avea ini\u021bial inten\u021bia s\u0103 studieze pentru a deveni inginer constructor. Cu toate acestea, el \u0219i prietena sa doreau s\u0103 exploreze lumea \u0219i s\u0103 lucreze \u00eentr-o alt\u0103 \u021bar\u0103 din Uniunea European\u0103. Au g\u0103sit un anun\u021b pe Facebook de la Hotel Fjordg\u00e5rden, care c\u0103uta angaja\u021bi pentru cur\u0103\u021benie.<\/p>\r\n\r\n\r\n\r\n<p class=\"wp-block-paragraph\">\u201cNu a fost o alegere \u00eent\u00e2mpl\u0103toare s\u0103 venim \u00een Danemarca. \u0218tiam c\u0103 este o \u021bar\u0103 \u00een care po\u021bi lucra \u00een condi\u021bii corecte\u201d, spune el.&#8221;<\/p>\r\n\r\n\r\n\r\n<p class=\"wp-block-paragraph\">Calificat ca terapeut<\/p>\r\n\r\n\r\n\r\n<p class=\"wp-block-paragraph\">Cei doi tineri rom\u00e2ni s-au adaptat foarte rapid la via\u021ba la hotel. \u00centr-at\u00e2t \u00eenc\u00e2t, dup\u0103 trei luni, Adrian a renun\u021bat la uneltele de cur\u0103\u021benie \u0219i a \u00eenceput s\u0103 se califice ca terapeut. A urmat un program intens de instruire, care a inclus \u0219i perioade de \u0219colarizare la Aarhus, unde a \u00eenv\u0103\u021bat, printre altele, cum s\u0103 fac\u0103 masaje corporale.<\/p>\r\n\r\n\r\n\r\n<p class=\"wp-block-paragraph\">\u201cTrebuie s\u0103 recunosc c\u0103 la \u00eenceput eram pu\u021bin nervos. C\u00e2nd faci pentru prima dat\u0103 un masaj \u0219i atingi corpul cuiva, ie\u0219i cu adev\u0103rat din zona ta de confort! Dar m-am obi\u0219nuit rapid cu asta, \u0219i a fost o experien\u021b\u0103 fascinant\u0103 s\u0103 fiu terapeut; am \u00eenv\u0103\u021bat multe despre corp, despre diferitele produse \u0219i tratamente pe care le oferim \u0219i multe altele\u201d, poveste\u0219te el.<\/p>\r\n\r\n\r\n\r\n<p class=\"wp-block-paragraph\">\u201cDesigur, curba de \u00eenv\u0103\u021bare a fost abrupt\u0103, dar \u00eenv\u0103\u021b repede c\u00e2nd ceva m\u0103 intereseaz\u0103 cu adev\u0103rat\u201d, spune Adrian cu un z\u00e2mbet. \u201cEram \u0219i pu\u021bin \u00eengrijorat cum o s\u0103 fie cu limbajul; nu vorbeam danez\u0103. Dar oaspe\u021bii m-au acceptat f\u0103r\u0103 rezerve, a\u0219a c\u0103 nu a fost o problem\u0103.\u201d<\/p>\r\n\r\n\r\n\r\n<p class=\"wp-block-paragraph\">Trebuie men\u021bionat c\u0103 Adrian vorbe\u0219te englez\u0103 excelent, deci nu are probleme \u00een comunicarea cu colegii \u0219i oaspe\u021bii.<\/p>\r\n\r\n\r\n\r\n<p class=\"wp-block-paragraph\">Poten\u021bial de lider<\/p>\r\n\r\n\r\n\r\n<p class=\"wp-block-paragraph\">Adrian s-a \u00een\u021beles bine imediat cu colegii s\u0103i din departamentul de spa, iar acest lucru nu a trecut neobservat de Susanne Dyrby H\u00f8jlund; ea a remarcat rapid c\u0103 el avea poten\u021bial de lider. A\u0219a c\u0103, dup\u0103 doar dou\u0103 luni ca terapeut, i s-a oferit postul de lider de echip\u0103 \u0219i a ajuns s\u0103 conduc\u0103 o echip\u0103 format\u0103 din trei terapeu\u021bi \u0219i cinci gazde.<\/p>\r\n\r\n\r\n\r\n<p class=\"wp-block-paragraph\">Dar cariera sa fulger\u0103toare nu s-a oprit aici. Adrian s-a dovedit a fi un lider at\u00e2t de bun, \u00eenc\u00e2t \u0219efa hotelului l-a \u00eentrebat cur\u00e2nd dac\u0103 nu ar fi preg\u0103tit pentru noi provoc\u0103ri: nu ar dori s\u0103 devin\u0103 \u0219eful kurbadului, \u0219i astfel s\u0103 conduc\u0103 dezvoltarea kurbadului Hotel Fjordg\u00e5rden \u00een anii ce urmau?<\/p>\r\n\r\n\r\n\r\n<p class=\"wp-block-paragraph\">\u0218ef al kurbadului<\/p>\r\n\r\n\r\n\r\n<p class=\"wp-block-paragraph\">Adrian nu a avut nevoie de mult timp pentru a lua o decizie. A acceptat imediat provocarea \u0219i ast\u0103zi, dup\u0103 un an \u0219i jum\u0103tate, este \u0219eful \u00eentregului departament \u00een care a \u00eenceput ca angajat de cur\u0103\u021benie!<\/p>\r\n\r\n\r\n\r\n<p class=\"wp-block-paragraph\">\u201cO dat\u0103 la dou\u0103 s\u0103pt\u0103m\u00e2ni particip la cursuri de manager la Copenhaga. Urmez \u0219i un curs intensiv de danez\u0103, deoarece este extrem de important s\u0103 cunosc limba. Daneza este o limb\u0103 dificil\u0103 de \u00eenv\u0103\u021bat, dar m\u0103 voi descurca\u201d, afirm\u0103 el.<\/p>\r\n\r\n\r\n\r\n<p class=\"wp-block-paragraph\">Adrian ador\u0103 s\u0103 \u00eenve\u021be lucruri noi \u0219i are multe idei despre cum s\u0103 dezvolte kurbadul \u00een anii urm\u0103tori.<\/p>\r\n\r\n\r\n\r\n<p class=\"wp-block-paragraph\">\u201cVreau s\u0103 \u00eenv\u0103\u021b tot ce pot pentru a putea face fa\u021b\u0103 tuturor provoc\u0103rilor \u0219i s\u0103 devin un lider bun pentru echipa mea. Vreau s\u0103 r\u0103m\u00e2n aici la Hotel Fjordg\u00e5rden \u0219i s\u0103 contribui la transformarea sa \u00een cel mai bun kurbad din Danemarca\u201d, spune el.<\/p>\r\n\r\n\r\n\r\n<p class=\"wp-block-paragraph\">Iubita sa lucreaz\u0103 \u0219i ea \u00eenc\u0103 la hotel, iar cei doi tineri locuiesc \u00een Kloster. Cu toate acestea, au planuri de a se muta pu\u021bin mai aproape de Hotel Fjordg\u00e5rden.<\/p>\r\n\r\n\r\n\r\n<p class=\"wp-block-paragraph\">\u201cPetrec multe ore aici; este necesar atunci c\u00e2nd trebuie s\u0103 \u00eenv\u0103\u021b at\u00e2t de mult \u0219i s\u0103 am o pozi\u021bie de conducere. Dar iubesc s\u0103 fiu aici. C\u00e2nd deschid u\u0219a spre kurbad, este ca \u0219i cum a\u0219 deschide u\u0219a c\u0103tre a doua mea cas\u0103\u201d, spune Adrian.<\/p>\r\n\r\n\r\n\r\n<figure class=\"wp-block-embed\">\r\n<div class=\"wp-block-embed__wrapper\">https:\/\/dbrs.dk\/ringkoebing\/fra-rengoeringsmedarbejder-til-kurbadschef-24-aarig-rumaener-har-gjort-lynkarriere-paa-hotel-fjordgaarden<\/div>\r\n<\/figure>\r\n","protected":false},"excerpt":{"rendered":"<p>Articol publicat in DAGBLADET la data de 16 ianuarie 2022 Rezumat: Adrian Florin Pantilimon, originar din Rom\u00e2nia, \u0219i-a \u00eenceput cariera la Hotel Fjordg\u00e5rden \u00een Danemarca \u00een 2020, ocup\u00e2ndu-se ini\u021bial de cur\u0103\u021benie. Cu dorin\u021ba de a-\u0219i asuma mai multe responsabilit\u0103\u021bi, a avansat rapid, devenind terapeut \u0219i, ulterior, lider de echip\u0103 \u00een departamentul de spa. Impresion\u00e2nd conducerea [&hellip;]<\/p>\n","protected":false},"author":11,"featured_media":5281,"comment_status":"open","ping_status":"closed","sticky":false,"template":"","format":"standard","meta":{"_acf_changed":false,"_themeisle_gutenberg_block_has_review":false,"_jetpack_newsletter_access":"","_jetpack_dont_email_post_to_subs":false,"_jetpack_newsletter_tier_id":0,"_jetpack_memberships_contains_paywalled_content":false,"_jetpack_feature_clip_id":0,"_jetpack_memberships_contains_paid_content":false,"footnotes":"","jetpack_post_was_ever_published":false,"_members_access_role":[],"_members_access_error":""},"categories":[878,142],"tags":[1012],"class_list":["post-5280","post","type-post","status-publish","format-standard","has-post-thumbnail","category-navigarea-in-danemarca","category-povesti-nespuse","tag-ocuparea-fortei-de-munca"],"acf":[],"jetpack_sharing_enabled":true,"jetpack-related-posts":[{"id":5294,"url":"https:\/\/lwid.dk\/ro\/initiativa-unei-seri-romanesti\/","url_meta":{"origin":5280,"position":0},"title":"Ini\u021biativa unei seri rom\u00e2ne\u0219ti","author":"Sorina Floroiu","date":"22 februarie 2022","format":false,"excerpt":"Articol publicat in Lokalavisen Lemvig, la data de 22 februarie 2022 Rezumat:\u00a0 Giorgiana Paraschiv, o locuitoare din N\u00f8rre Nissum, organizeaz\u0103 o sear\u0103 rom\u00e2neasc\u0103 \u00een \u00d8st-Hallen pe 12 martie, cu scopul de a aduce danezii mai aproape de cultura rom\u00e2neasc\u0103. Evenimentul include o prezentare despre Rom\u00e2nia \u00een danez\u0103, urmat\u0103 de o\u2026","rel":"","context":"\u00cen \u201eNavigarea \u00een Danemarca\u201d","block_context":{"text":"Navigarea \u00een Danemarca","link":"https:\/\/lwid.dk\/ro\/category\/navigarea-in-danemarca\/"},"img":{"alt_text":"","src":"https:\/\/i0.wp.com\/lwid.dk\/wp-content\/uploads\/2023\/11\/5.-EN-RUMAENSK-AFTEN.png?resize=350%2C200&ssl=1","width":350,"height":200},"classes":[]},{"id":3077,"url":"https:\/\/lwid.dk\/ro\/sudor-roman-imi-doresc-sa-raman-in-danemarca-cu-familia-mea-rumaensk-svejser-jeg-vil-blive-i-danmark-med-min-familie\/","url_meta":{"origin":5280,"position":1},"title":"SUDOR ROM\u00c2N: \u00cemi doresc s\u0103 r\u0103m\u00e2n \u00een Danemarca cu familia mea \/ RUM\u00c6NSK SVEJSER: Jeg vil blive i Danmark med min familie","author":"Sorina Floroiu","date":"11 februarie 2020","format":false,"excerpt":"Articol publicat in Industri ^ Teknik la data de 11 februarie 2020.\u00a0 Subiectul articolului:\u00a0 Sudorul Cristian B\u0103lan a adus familia sa \u00een Danemarca \u0219i inten\u021bioneaz\u0103 s\u0103 r\u0103m\u00e2n\u0103 \u00een \u021bar\u0103, urm\u0103torul pas fiind achizi\u021bionarea unei case \u00een Hobro. El lucreaz\u0103 la DS St\u00e5lkonstruktion \u0219i apreciaz\u0103 lipsa de stres \u00een compara\u021bie cu\u2026","rel":"","context":"\u00cen \u201eNavigarea \u00een Danemarca\u201d","block_context":{"text":"Navigarea \u00een Danemarca","link":"https:\/\/lwid.dk\/ro\/category\/navigarea-in-danemarca\/"},"img":{"alt_text":"","src":"https:\/\/i0.wp.com\/lwid.dk\/wp-content\/uploads\/2023\/10\/10.-Sudor.png?resize=350%2C200&ssl=1","width":350,"height":200,"srcset":"https:\/\/i0.wp.com\/lwid.dk\/wp-content\/uploads\/2023\/10\/10.-Sudor.png?resize=350%2C200&ssl=1 1x, https:\/\/i0.wp.com\/lwid.dk\/wp-content\/uploads\/2023\/10\/10.-Sudor.png?resize=525%2C300&ssl=1 1.5x, https:\/\/i0.wp.com\/lwid.dk\/wp-content\/uploads\/2023\/10\/10.-Sudor.png?resize=700%2C400&ssl=1 2x"},"classes":[]},{"id":3201,"url":"https:\/\/lwid.dk\/ro\/zsolt-in-varsta-de-19-ani-din-romania-studiaza-in-danemarca-su-este-necesar-19-arige-zsolt-fra-rumaenien-laeser-i-danmark-su-er-nodvendigt\/","url_meta":{"origin":5280,"position":2},"title":"Zsolt, \u00een v\u00e2rst\u0103 de 19 ani, din Rom\u00e2nia, studiaz\u0103 \u00een Danemarca: SU este necesar \/ 19-\u00e5rige Zsolt fra Rum\u00e6nien l\u00e6ser i Danmark: SU er n\u00f8dvendigt","author":"Sorina Floroiu","date":"29 septembrie 2020","format":false,"excerpt":"Articol publicat \u00een Berlingske la data de 29 septembrie 2020\u00a0 Subiectul articolului: Zsolt Kozma, un t\u00e2n\u0103r rom\u00e2n \u00een v\u00e2rst\u0103 de 19 ani, prime\u0219te ajutor financiar pentru studii (SU) \u00een timp ce studiaz\u0103 la KEA \u00een Copenhaga ca cet\u0103\u021bean al Uniunii Europene. Pentru a beneficia de acest ajutor financiar, el trebuie\u2026","rel":"","context":"\u00cen \u201eNavigarea \u00een Danemarca\u201d","block_context":{"text":"Navigarea \u00een Danemarca","link":"https:\/\/lwid.dk\/ro\/category\/navigarea-in-danemarca\/"},"img":{"alt_text":"","src":"https:\/\/i0.wp.com\/lwid.dk\/wp-content\/uploads\/2023\/10\/27.-Zsoltpng.png?resize=350%2C200&ssl=1","width":350,"height":200,"srcset":"https:\/\/i0.wp.com\/lwid.dk\/wp-content\/uploads\/2023\/10\/27.-Zsoltpng.png?resize=350%2C200&ssl=1 1x, https:\/\/i0.wp.com\/lwid.dk\/wp-content\/uploads\/2023\/10\/27.-Zsoltpng.png?resize=525%2C300&ssl=1 1.5x"},"classes":[]},{"id":13449,"url":"https:\/\/lwid.dk\/ro\/coltul-antreprenorului-saptamana-8\/","url_meta":{"origin":5280,"position":3},"title":"Col\u021bul antreprenorului &#8211; S\u0103pt\u0103m\u00e2na 8","author":"Anda Macovei","date":"25 februarie 2024","format":false,"excerpt":"Pentru interna\u021bionalii care doresc s\u0103 \u00ee\u0219i \u00eenceap\u0103 propria afacere \u00een Danemarca: Particip\u0103 la cursul de 4 ateliere organizat de Institutul pentru Dezvoltare Aalborg \u00een Billund, pentru a \u00eenv\u0103\u021ba pas cu pas cum s\u0103 \u00ee\u021bi cl\u0103de\u0219ti afacerea. Participarea este gratuit\u0103. \u00censcrie-te aici. Pentru tinerii sub 41 de ani care doresc o\u2026","rel":"","context":"\u00cen \u201eNavigarea \u00een Danemarca\u201d","block_context":{"text":"Navigarea \u00een Danemarca","link":"https:\/\/lwid.dk\/ro\/category\/navigarea-in-danemarca\/"},"img":{"alt_text":"Coltul antreprenorului Last Week in Denmark","src":"https:\/\/i0.wp.com\/lwid.dk\/wp-content\/uploads\/2024\/01\/coltul_antreprenorului_last_week_in_denmark.jpg?resize=350%2C200&ssl=1","width":350,"height":200,"srcset":"https:\/\/i0.wp.com\/lwid.dk\/wp-content\/uploads\/2024\/01\/coltul_antreprenorului_last_week_in_denmark.jpg?resize=350%2C200&ssl=1 1x, https:\/\/i0.wp.com\/lwid.dk\/wp-content\/uploads\/2024\/01\/coltul_antreprenorului_last_week_in_denmark.jpg?resize=525%2C300&ssl=1 1.5x"},"classes":[]},{"id":4165,"url":"https:\/\/lwid.dk\/ro\/nu-uita-sa-le-multumesti-polonezilor-si-romanilor\/","url_meta":{"origin":5280,"position":4},"title":"Nu uita s\u0103 le mul\u021bume\u0219ti polonezilor \u0219i rom\u00e2nilor","author":"Sorina Floroiu","date":"29 iulie 2021","format":false,"excerpt":"Articol publicat in Berlingske Sektion 1 Side 2, la data de 29 iulie 2021 Rezumat Ministrul Ocup\u0103rii For\u021bei de Munc\u0103 din Danemarca, Peter Hummelgaard, a s\u0103rb\u0103torit cre\u0219terea ocup\u0103rii for\u021bei de munc\u0103 \u00een \u021bar\u0103, afirm\u00e2nd c\u0103 politica de criz\u0103 a func\u021bionat bine. Cu toate acestea, un editorial subliniaz\u0103 c\u0103 aceast\u0103 cre\u0219tere\u2026","rel":"","context":"\u00cen \u201eNavigarea \u00een Danemarca\u201d","block_context":{"text":"Navigarea \u00een Danemarca","link":"https:\/\/lwid.dk\/ro\/category\/navigarea-in-danemarca\/"},"img":{"alt_text":"","src":"https:\/\/i0.wp.com\/lwid.dk\/wp-content\/uploads\/2023\/10\/23-1.png?resize=350%2C200&ssl=1","width":350,"height":200,"srcset":"https:\/\/i0.wp.com\/lwid.dk\/wp-content\/uploads\/2023\/10\/23-1.png?resize=350%2C200&ssl=1 1x, https:\/\/i0.wp.com\/lwid.dk\/wp-content\/uploads\/2023\/10\/23-1.png?resize=525%2C300&ssl=1 1.5x"},"classes":[]},{"id":13916,"url":"https:\/\/lwid.dk\/ro\/perspective-asupra-stilului-de-viata-danez-saptamana-9\/","url_meta":{"origin":5280,"position":5},"title":"Perspective asupra stilului de via\u021b\u0103 danez &#8211; S\u0103pt\u0103m\u00e2na 9","author":"Catalina Anapios","date":"3 martie 2024","format":false,"excerpt":"S\u0103pt\u0103m\u00e2na aceasta este s\u0103pt\u0103m\u00e2na violet \u0219i s\u0103rb\u0103torim Ziua Interna\u021bional\u0103 a Femeii. Conform 2023 Women Peace and Security Index, Danemarca ocup\u0103 primul loc la calitatea vie\u021bii feminine: femeile sunt mai \u00een siguran\u021b\u0103, egale \u00een drepturi \u0219i au acces mai bun la justi\u021bie aici dec\u00e2t oriunde altundeva \u00een lume. Danemarca se afl\u0103\u2026","rel":"","context":"\u00cen \u201eNavigarea \u00een Danemarca\u201d","block_context":{"text":"Navigarea \u00een Danemarca","link":"https:\/\/lwid.dk\/ro\/category\/navigarea-in-danemarca\/"},"img":{"alt_text":"Viata de zi cu zi in Danemarca Last Week in Denmark","src":"https:\/\/i0.wp.com\/lwid.dk\/wp-content\/uploads\/2023\/12\/Viata-de-zi-cu-zi-in-Danemarca.jpg?resize=350%2C200&ssl=1","width":350,"height":200,"srcset":"https:\/\/i0.wp.com\/lwid.dk\/wp-content\/uploads\/2023\/12\/Viata-de-zi-cu-zi-in-Danemarca.jpg?resize=350%2C200&ssl=1 1x, https:\/\/i0.wp.com\/lwid.dk\/wp-content\/uploads\/2023\/12\/Viata-de-zi-cu-zi-in-Danemarca.jpg?resize=525%2C300&ssl=1 1.5x"},"classes":[]}],"jetpack_featured_media_url":"https:\/\/lwid.dk\/wp-content\/uploads\/2023\/11\/3.-KURBADCHEF.png","_links":{"self":[{"href":"https:\/\/lwid.dk\/ro\/wp-json\/wp\/v2\/posts\/5280","targetHints":{"allow":["GET"]}}],"collection":[{"href":"https:\/\/lwid.dk\/ro\/wp-json\/wp\/v2\/posts"}],"about":[{"href":"https:\/\/lwid.dk\/ro\/wp-json\/wp\/v2\/types\/post"}],"author":[{"embeddable":true,"href":"https:\/\/lwid.dk\/ro\/wp-json\/wp\/v2\/users\/11"}],"replies":[{"embeddable":true,"href":"https:\/\/lwid.dk\/ro\/wp-json\/wp\/v2\/comments?post=5280"}],"version-history":[{"count":2,"href":"https:\/\/lwid.dk\/ro\/wp-json\/wp\/v2\/posts\/5280\/revisions"}],"predecessor-version":[{"id":28724,"href":"https:\/\/lwid.dk\/ro\/wp-json\/wp\/v2\/posts\/5280\/revisions\/28724"}],"wp:featuredmedia":[{"embeddable":true,"href":"https:\/\/lwid.dk\/ro\/wp-json\/wp\/v2\/media\/5281"}],"wp:attachment":[{"href":"https:\/\/lwid.dk\/ro\/wp-json\/wp\/v2\/media?parent=5280"}],"wp:term":[{"taxonomy":"category","embeddable":true,"href":"https:\/\/lwid.dk\/ro\/wp-json\/wp\/v2\/categories?post=5280"},{"taxonomy":"post_tag","embeddable":true,"href":"https:\/\/lwid.dk\/ro\/wp-json\/wp\/v2\/tags?post=5280"}],"curies":[{"name":"wp","href":"https:\/\/api.w.org\/{rel}","templated":true}]}}