{"id":5294,"date":"2022-02-22T11:15:00","date_gmt":"2022-02-22T10:15:00","guid":{"rendered":"https:\/\/lwid.dk\/?p=5294"},"modified":"2026-09-01T18:07:14","modified_gmt":"2026-09-01T17:07:14","slug":"initiativa-unei-seri-romanesti","status":"publish","type":"post","link":"https:\/\/lwid.dk\/ro\/initiativa-unei-seri-romanesti\/","title":{"rendered":"Ini\u021biativa unei seri rom\u00e2ne\u0219ti"},"content":{"rendered":"\r\n<p class=\"wp-block-paragraph\">Articol publicat in Lokalavisen Lemvig, la data de 22 februarie 2022<\/p>\r\n\r\n\r\n\r\n<figure class=\"wp-block-image size-full\"><img loading=\"lazy\" decoding=\"async\" width=\"479\" height=\"418\" class=\"wp-image-5295\" src=\"https:\/\/lwid.dk\/wp-content\/uploads\/2023\/11\/5.-EN-RUMAENSK-AFTEN.png\" alt=\"\" srcset=\"https:\/\/lwid.dk\/wp-content\/uploads\/2023\/11\/5.-EN-RUMAENSK-AFTEN.png 479w, https:\/\/lwid.dk\/wp-content\/uploads\/2023\/11\/5.-EN-RUMAENSK-AFTEN-300x262.png 300w, https:\/\/lwid.dk\/wp-content\/uploads\/2023\/11\/5.-EN-RUMAENSK-AFTEN-150x131.png 150w\" sizes=\"auto, (max-width: 479px) 100vw, 479px\" \/><\/figure>\r\n\r\n\r\n\r\n<p class=\"wp-block-paragraph\">Rezumat:\u00a0<\/p>\r\n\r\n\r\n\r\n<p class=\"wp-block-paragraph\">Giorgiana Paraschiv, o locuitoare din N\u00f8rre Nissum, organizeaz\u0103 o sear\u0103 rom\u00e2neasc\u0103 \u00een \u00d8st-Hallen pe 12 martie, cu scopul de a aduce danezii mai aproape de cultura rom\u00e2neasc\u0103. Evenimentul include o prezentare despre Rom\u00e2nia \u00een danez\u0103, urmat\u0103 de o cin\u0103 cu preparate tradi\u021bionale rom\u00e2ne\u0219ti. Giorgiana sper\u0103 s\u0103 ofere o perspectiv\u0103 unic\u0103 asupra \u021b\u0103rii de origine a comunit\u0103\u021bii rom\u00e2ne\u0219ti din Lemvig. P\u00e2n\u0103 acum, aproximativ 100 de persoane s-au \u00eenscris, majoritatea fiind danezi.<\/p>\r\n\r\n\r\n\r\n<p class=\"wp-block-paragraph\">Articol integral:\u00a0<\/p>\r\n\r\n\r\n\r\n<p class=\"wp-block-paragraph\">Giorgiana Paraschiv din N\u00f8rre Nissum a luat ini\u021biativa pentru o sear\u0103 rom\u00e2neasc\u0103 \u00een \u00d8st-Hallen, s\u00e2mb\u0103t\u0103, 12 martie. Ea sper\u0103 ca mul\u021bi danezi s\u0103 participe pentru a gusta preparate rom\u00e2ne\u0219ti \u0219i pentru a afla mai multe despre Rom\u00e2nia.<\/p>\r\n\r\n\r\n\r\n<p class=\"wp-block-paragraph\">Giorgiana Paraschiv, originar\u0103 din Rom\u00e2nia \u0219i locuitoare a localit\u0103\u021bii N\u00f8rre Nissum, organizeaz\u00e5 o sear\u0103 rom\u00e2neasc\u0103 \u00een \u00d8st-Hallen s\u00e2mb\u0103t\u0103, 12 martie, \u00eencep\u00e2nd cu ora 17:30. Evenimentul este menit s\u0103 ofere participan\u021bilor ocazia de a cunoa\u0219te mai bine cultura rom\u00e2neasc\u0103 \u0219i de a gusta din bucatele tradi\u021bionale preg\u0103tite de Giorgiana \u0219i echipa sa, format\u0103 din familie \u0219i prieteni.<\/p>\r\n\r\n\r\n\r\n<p class=\"wp-block-paragraph\">Evenimentul va include o prezentare \u00een limba danez\u0103 despre Rom\u00e2nia sus\u021binut\u0103 de Giorgiana, urmat\u0103 de o cin\u0103 cu preparate tradi\u021bionale rom\u00e2ne\u0219ti. De asemenea, participan\u021bii vor putea s\u0103 se distreze cu o competi\u021bie Kahoot despre Rom\u00e2nia, accesat\u0103 prin telefoanele mobile.<\/p>\r\n\r\n\r\n\r\n<p class=\"wp-block-paragraph\">Giorgiana Paraschiv sper\u0103 c\u0103 mul\u021bi danezi vor participa la eveniment \u0219i c\u0103 vor avea astfel oportunitatea de a afla mai multe despre \u021bara de origine a comunit\u0103\u021bii rom\u00e2ne\u0219ti din Lemvig. P\u00e2n\u0103 \u00een prezent, aproximativ 100 de persoane s-au \u00eenscris pentru seara rom\u00e2neasc\u0103, majoritatea fiind danezi, dar \u0219i aproximativ 15 rom\u00e2ni.<\/p>\r\n\r\n\r\n\r\n<p class=\"wp-block-paragraph\">Comunitatea rom\u00e2neasc\u0103 din Lemvig include numero\u0219i cet\u0103\u021beni veni\u021bi \u00een Danemarca pentru a lucra \u00een domeniul agricol. Giorgiana Paraschiv \u0219i so\u021bul ei au sosit \u00een \u021bar\u0103 acum \u0219ase ani, iar so\u021bul ei lucreaz\u0103 la o fonderie \u00een Holstebro. Familia Paraschiv s-a stabilit \u00een N\u00f8rre Nissum, unde cei doi copii ai lor frecventeaz\u0103 \u0219coala local\u0103.<\/p>\r\n\r\n\r\n\r\n<p class=\"wp-block-paragraph\">Giorgiana lucreaz\u0103 la o firm\u0103 de cur\u0103\u021benie \u0219i, de\u0219i a studiat psihologia la o universitate din Rom\u00e2nia, \u00ee\u0219i dore\u0219te s\u0103 urmeze o alt\u0103 carier\u0103 \u00een Danemarca, \u00een domeniul calit\u0103\u021bii alimentelor. Ea este activ\u0103 \u00een cadrul organiza\u021biei International Networking din N\u00f8rre Nissum, unde se \u00eent\u00e2lnesc persoane de diferite na\u021bionalit\u0103\u021bi.<\/p>\r\n","protected":false},"excerpt":{"rendered":"<p>Articol publicat in Lokalavisen Lemvig, la data de 22 februarie 2022 Rezumat:\u00a0 Giorgiana Paraschiv, o locuitoare din N\u00f8rre Nissum, organizeaz\u0103 o sear\u0103 rom\u00e2neasc\u0103 \u00een \u00d8st-Hallen pe 12 martie, cu scopul de a aduce danezii mai aproape de cultura rom\u00e2neasc\u0103. Evenimentul include o prezentare despre Rom\u00e2nia \u00een danez\u0103, urmat\u0103 de o cin\u0103 cu preparate tradi\u021bionale rom\u00e2ne\u0219ti. [&hellip;]<\/p>\n","protected":false},"author":11,"featured_media":5295,"comment_status":"open","ping_status":"closed","sticky":false,"template":"","format":"standard","meta":{"_acf_changed":false,"_themeisle_gutenberg_block_has_review":false,"_jetpack_newsletter_access":"","_jetpack_dont_email_post_to_subs":false,"_jetpack_newsletter_tier_id":0,"_jetpack_memberships_contains_paywalled_content":false,"_jetpack_feature_clip_id":0,"_jetpack_memberships_contains_paid_content":false,"footnotes":"","jetpack_post_was_ever_published":false,"_members_access_role":[],"_members_access_error":""},"categories":[878,142],"tags":[1001,1005],"class_list":["post-5294","post","type-post","status-publish","format-standard","has-post-thumbnail","category-navigarea-in-danemarca","category-povesti-nespuse","tag-diversitate-si-incluziune","tag-implicare"],"acf":[],"jetpack_sharing_enabled":true,"jetpack-related-posts":[{"id":5436,"url":"https:\/\/lwid.dk\/ro\/carti-romanesti-la-scoala-din-glyngore\/","url_meta":{"origin":5294,"position":0},"title":"C\u0103r\u021bi rom\u00e2ne\u0219ti la \u0219coala din Glyng\u00f8re","author":"Sorina Floroiu","date":"30 noiembrie 2022","format":false,"excerpt":"Articol publicat \u00een Salling Avis la data de 30 noiembrie 2022.\u00a0 La 4 decembrie se deschide o bibliotec\u0103 rom\u00e2neasc\u0103 la \u0218coala Glyng\u00f8re. Deschiderea va fi s\u0103rb\u0103torit\u0103 cu dou\u0103 lans\u0103ri de c\u0103r\u021bi \u0219i interpretare la pian, iar to\u021bi sunt bineveni\u021bi, conform Asocia\u021biei Culturale Danezo-Rom\u00e2ne Skive, care st\u0103 \u00een spatele acestei ini\u021biative.\u2026","rel":"","context":"\u00cen \u201eCultur\u0103\u201d","block_context":{"text":"Cultur\u0103","link":"https:\/\/lwid.dk\/ro\/category\/navigarea-in-danemarca\/cultura\/"},"img":{"alt_text":"","src":"https:\/\/i0.wp.com\/lwid.dk\/wp-content\/uploads\/2023\/11\/26.-Rumaenske-boger.png?resize=350%2C200&ssl=1","width":350,"height":200,"srcset":"https:\/\/i0.wp.com\/lwid.dk\/wp-content\/uploads\/2023\/11\/26.-Rumaenske-boger.png?resize=350%2C200&ssl=1 1x, https:\/\/i0.wp.com\/lwid.dk\/wp-content\/uploads\/2023\/11\/26.-Rumaenske-boger.png?resize=525%2C300&ssl=1 1.5x"},"classes":[]},{"id":5443,"url":"https:\/\/lwid.dk\/ro\/vezi-imaginile-romani-din-intreaga-danemarca-au-sarbatorit-ziua-nationala-la-skive\/","url_meta":{"origin":5294,"position":1},"title":"Vezi imaginile: Rom\u00e2ni din \u00eentreaga Danemarca au s\u0103rb\u0103torit Ziua Na\u021bional\u0103 la Skive","author":"Sorina Floroiu","date":"3 decembrie 2022","format":false,"excerpt":"Articol publicat \u00een SkiveFolkeblad.dk la data de 3 decembrie 2022.\u00a0 Rezumat: Teatrul Skive a fost plin ochi s\u00e2mb\u0103ta \u00eentreag\u0103, cu ocazia celebr\u0103rii Zilei Na\u021bionale a Rom\u00e2niei de c\u0103tre Asocia\u021bia Cultural\u0103 Danezo-Rom\u00e2n\u0103. Aproximativ 250-300 de rom\u00e2ni din toat\u0103 Danemarca au umplut constant teatrul \u00een timpul evenimentului festiv. Pre\u0219edintele asocia\u021biei, Valentin Vorobat,\u2026","rel":"","context":"\u00cen \u201eCultur\u0103\u201d","block_context":{"text":"Cultur\u0103","link":"https:\/\/lwid.dk\/ro\/category\/navigarea-in-danemarca\/cultura\/"},"img":{"alt_text":"","src":"https:\/\/i0.wp.com\/lwid.dk\/wp-content\/uploads\/2023\/11\/27.-.png?resize=350%2C200&ssl=1","width":350,"height":200,"srcset":"https:\/\/i0.wp.com\/lwid.dk\/wp-content\/uploads\/2023\/11\/27.-.png?resize=350%2C200&ssl=1 1x, https:\/\/i0.wp.com\/lwid.dk\/wp-content\/uploads\/2023\/11\/27.-.png?resize=525%2C300&ssl=1 1.5x"},"classes":[]},{"id":5264,"url":"https:\/\/lwid.dk\/ro\/pavel-iubeste-gustul-tarii-sale-natale-a-deschis-un-magazin-cu-specialitati-est-europene\/","url_meta":{"origin":5294,"position":2},"title":"Pavel iube\u0219te gustul \u021b\u0103rii sale natale: A deschis un magazin cu specialit\u0103\u021bi est-europene.","author":"Sorina Floroiu","date":"13 ianuarie 2022","format":false,"excerpt":"Articol publicat in Frdb.dk la data de 13 ianuarie 2022 Rezumat:\u00a0 Pavel Paul Todor, un b\u0103rbat harnic, obi\u0219nuia s\u0103 parcurg\u0103 170 km p\u00e2n\u0103 la Randers pentru a aduce specialit\u0103\u021bi rom\u00e2ne\u0219ti \u00een Danemarca. Acum, el vinde aceste produse \u00een propriul s\u0103u magazin din Vejen. Magazinul A & I Market ofer\u0103 exclusiv\u2026","rel":"","context":"\u00cen \u201eNavigarea \u00een Danemarca\u201d","block_context":{"text":"Navigarea \u00een Danemarca","link":"https:\/\/lwid.dk\/ro\/category\/navigarea-in-danemarca\/"},"img":{"alt_text":"","src":"https:\/\/i0.wp.com\/lwid.dk\/wp-content\/uploads\/2023\/11\/1.-PAVEL.png?resize=350%2C200&ssl=1","width":350,"height":200,"srcset":"https:\/\/i0.wp.com\/lwid.dk\/wp-content\/uploads\/2023\/11\/1.-PAVEL.png?resize=350%2C200&ssl=1 1x, https:\/\/i0.wp.com\/lwid.dk\/wp-content\/uploads\/2023\/11\/1.-PAVEL.png?resize=525%2C300&ssl=1 1.5x, https:\/\/i0.wp.com\/lwid.dk\/wp-content\/uploads\/2023\/11\/1.-PAVEL.png?resize=700%2C400&ssl=1 2x"},"classes":[]},{"id":3026,"url":"https:\/\/lwid.dk\/ro\/biserica-ortodoxa-a-cumparat-casa-de-misiune-ortodoks-kirke-kobte-missionshus\/","url_meta":{"origin":5294,"position":3},"title":"Biseric\u0103 ortodox\u0103 a cump\u0103rat cas\u0103 de misiune \/ Ortodoks kirke k\u00f8bte missionshus","author":"Sorina Floroiu","date":"7 februarie 2020","format":false,"excerpt":"Articol publicat in Kristeligt Dagblad\u00a0 la data de 7 februarie 2020 Subiectul articolului: \u00cen Isenvad, l\u00e2ng\u0103 Ikast, o comunitate rom\u00e2neasc\u0103-ortodox\u0103 s-a stabilit \u00een 2010, \u00eent\u00e2mpin\u00e2nd provoc\u0103ri \u0219i obstacole, dar reu\u0219ind s\u0103 se integreze treptat \u00een comunitatea local\u0103. Dup\u0103 achizi\u021bionarea unei case de misiune \u00een 2013, au avut loc \u00eembun\u0103t\u0103\u021biri \u0219i\u2026","rel":"","context":"\u00cen \u201eNavigarea \u00een Danemarca\u201d","block_context":{"text":"Navigarea \u00een Danemarca","link":"https:\/\/lwid.dk\/ro\/category\/navigarea-in-danemarca\/"},"img":{"alt_text":"","src":"https:\/\/i0.wp.com\/lwid.dk\/wp-content\/uploads\/2023\/10\/5.-Ortodoks-kirke-1-2.jpg?resize=350%2C200&ssl=1","width":350,"height":200,"srcset":"https:\/\/i0.wp.com\/lwid.dk\/wp-content\/uploads\/2023\/10\/5.-Ortodoks-kirke-1-2.jpg?resize=350%2C200&ssl=1 1x, https:\/\/i0.wp.com\/lwid.dk\/wp-content\/uploads\/2023\/10\/5.-Ortodoks-kirke-1-2.jpg?resize=525%2C300&ssl=1 1.5x, https:\/\/i0.wp.com\/lwid.dk\/wp-content\/uploads\/2023\/10\/5.-Ortodoks-kirke-1-2.jpg?resize=700%2C400&ssl=1 2x, https:\/\/i0.wp.com\/lwid.dk\/wp-content\/uploads\/2023\/10\/5.-Ortodoks-kirke-1-2.jpg?resize=1050%2C600&ssl=1 3x, https:\/\/i0.wp.com\/lwid.dk\/wp-content\/uploads\/2023\/10\/5.-Ortodoks-kirke-1-2.jpg?resize=1400%2C800&ssl=1 4x"},"classes":[]},{"id":3180,"url":"https:\/\/lwid.dk\/ro\/menirea-vietii-nu-se-gaseste-in-bucuresti-meningen-med-livet-findes-ikke-i-bukarest\/","url_meta":{"origin":5294,"position":4},"title":"MENIREA VIE\u021aII NU SE G\u0102SE\u0218TE \u00ceN BUCURE\u0218TI \/ MENINGEN MED LIVET FINDES IKKE I BUKAREST","author":"Sorina Floroiu","date":"11 iunie 2020","format":false,"excerpt":"Articol publicat \u00een Atlas Mag la data de 11 iunie 2020. Subiectul articolului:\u00a0 Dimitris Sotakis a scris un roman captivant despre o iubire inexplicabil\u0103 fa\u021b\u0103 de Rom\u00e2nia. Romanul urm\u0103re\u0219te povestea lui Zerin, un grec singuratic obsedat de \u021bar\u0103. De\u0219i nu a reu\u0219it s\u0103 cunoasc\u0103 vreodat\u0103 un rom\u00e2n, el se \u00eent\u00e2lne\u0219te\u2026","rel":"","context":"\u00cen \u201eNavigarea \u00een Danemarca\u201d","block_context":{"text":"Navigarea \u00een Danemarca","link":"https:\/\/lwid.dk\/ro\/category\/navigarea-in-danemarca\/"},"img":{"alt_text":"","src":"https:\/\/i0.wp.com\/lwid.dk\/wp-content\/uploads\/2023\/10\/24.-.png?resize=350%2C200&ssl=1","width":350,"height":200,"srcset":"https:\/\/i0.wp.com\/lwid.dk\/wp-content\/uploads\/2023\/10\/24.-.png?resize=350%2C200&ssl=1 1x, https:\/\/i0.wp.com\/lwid.dk\/wp-content\/uploads\/2023\/10\/24.-.png?resize=525%2C300&ssl=1 1.5x"},"classes":[]},{"id":5363,"url":"https:\/\/lwid.dk\/ro\/idom-invita-la-o-petrecere-de-nunta-romaneasca-si-se-asteapta-la-cel-putin-300-de-invitati\/","url_meta":{"origin":5294,"position":5},"title":"Idom invit\u0103 la o petrecere de nunt\u0103 rom\u00e2neasc\u0103 \u0219i se a\u0219teapt\u0103 la cel pu\u021bin 300 de invita\u021bi","author":"Sorina Floroiu","date":"24 mai 2022","format":false,"excerpt":"Articol publicat in Dagbladet Ringk\u00f8bing-Skjern la data de 24 mai 2022. Rezumat: Comunitatea din Idom organizeaz\u0103 Idom Biennalen, un eveniment amplu ce dep\u0103\u0219e\u0219te conceptul de petrecere \u00een ora\u0219. De\u0219i nu este dedicat exclusiv rom\u00e2nilor, se a\u0219teapt\u0103 participarea a cel pu\u021bin 150 de rom\u00e2ni \u00eembr\u0103ca\u021bi festiv. Locuitorii doresc s\u0103 inspire \u0219i\u2026","rel":"","context":"\u00cen \u201eCultur\u0103\u201d","block_context":{"text":"Cultur\u0103","link":"https:\/\/lwid.dk\/ro\/category\/navigarea-in-danemarca\/cultura\/"},"img":{"alt_text":"","src":"https:\/\/i0.wp.com\/lwid.dk\/wp-content\/uploads\/2023\/11\/15.-IDOM.png?resize=350%2C200&ssl=1","width":350,"height":200,"srcset":"https:\/\/i0.wp.com\/lwid.dk\/wp-content\/uploads\/2023\/11\/15.-IDOM.png?resize=350%2C200&ssl=1 1x, https:\/\/i0.wp.com\/lwid.dk\/wp-content\/uploads\/2023\/11\/15.-IDOM.png?resize=525%2C300&ssl=1 1.5x"},"classes":[]}],"jetpack_featured_media_url":"https:\/\/lwid.dk\/wp-content\/uploads\/2023\/11\/5.-EN-RUMAENSK-AFTEN.png","_links":{"self":[{"href":"https:\/\/lwid.dk\/ro\/wp-json\/wp\/v2\/posts\/5294","targetHints":{"allow":["GET"]}}],"collection":[{"href":"https:\/\/lwid.dk\/ro\/wp-json\/wp\/v2\/posts"}],"about":[{"href":"https:\/\/lwid.dk\/ro\/wp-json\/wp\/v2\/types\/post"}],"author":[{"embeddable":true,"href":"https:\/\/lwid.dk\/ro\/wp-json\/wp\/v2\/users\/11"}],"replies":[{"embeddable":true,"href":"https:\/\/lwid.dk\/ro\/wp-json\/wp\/v2\/comments?post=5294"}],"version-history":[{"count":2,"href":"https:\/\/lwid.dk\/ro\/wp-json\/wp\/v2\/posts\/5294\/revisions"}],"predecessor-version":[{"id":28722,"href":"https:\/\/lwid.dk\/ro\/wp-json\/wp\/v2\/posts\/5294\/revisions\/28722"}],"wp:featuredmedia":[{"embeddable":true,"href":"https:\/\/lwid.dk\/ro\/wp-json\/wp\/v2\/media\/5295"}],"wp:attachment":[{"href":"https:\/\/lwid.dk\/ro\/wp-json\/wp\/v2\/media?parent=5294"}],"wp:term":[{"taxonomy":"category","embeddable":true,"href":"https:\/\/lwid.dk\/ro\/wp-json\/wp\/v2\/categories?post=5294"},{"taxonomy":"post_tag","embeddable":true,"href":"https:\/\/lwid.dk\/ro\/wp-json\/wp\/v2\/tags?post=5294"}],"curies":[{"name":"wp","href":"https:\/\/api.w.org\/{rel}","templated":true}]}}