{"id":5301,"date":"2022-02-28T11:18:00","date_gmt":"2022-02-28T10:18:00","guid":{"rendered":"https:\/\/lwid.dk\/?p=5301"},"modified":"2026-09-01T18:06:24","modified_gmt":"2026-09-01T17:06:24","slug":"gabriel-a-transformat-garajul-sau-intr-un-centru-de-ajutor-de-urgenta-oamenii-vin-cu-lucruri-pe-care-le-au-adunat-din-tot-aarhus-ul","status":"publish","type":"post","link":"https:\/\/lwid.dk\/ro\/gabriel-a-transformat-garajul-sau-intr-un-centru-de-ajutor-de-urgenta-oamenii-vin-cu-lucruri-pe-care-le-au-adunat-din-tot-aarhus-ul\/","title":{"rendered":"Gabriel a transformat garajul s\u0103u \u00eentr-un centru de ajutor de urgen\u021b\u0103: &#8211; Oamenii vin cu lucruri pe care le-au adunat din tot Aarhus-ul"},"content":{"rendered":"\r\n<p class=\"wp-block-paragraph\">Articol publicat in Stiften.dk la data de 28 februarie 2022.\u00a0<\/p>\r\n\r\n\r\n\r\n<figure class=\"wp-block-image size-full\"><img loading=\"lazy\" decoding=\"async\" width=\"914\" height=\"712\" class=\"wp-image-5307\" src=\"https:\/\/lwid.dk\/wp-content\/uploads\/2023\/11\/7.-GABRIEL.png\" alt=\"\" srcset=\"https:\/\/lwid.dk\/wp-content\/uploads\/2023\/11\/7.-GABRIEL.png 914w, https:\/\/lwid.dk\/wp-content\/uploads\/2023\/11\/7.-GABRIEL-300x234.png 300w, https:\/\/lwid.dk\/wp-content\/uploads\/2023\/11\/7.-GABRIEL-768x598.png 768w, https:\/\/lwid.dk\/wp-content\/uploads\/2023\/11\/7.-GABRIEL-150x117.png 150w, https:\/\/lwid.dk\/wp-content\/uploads\/2023\/11\/7.-GABRIEL-696x542.png 696w\" sizes=\"auto, (max-width: 914px) 100vw, 914px\" \/><\/figure>\r\n\r\n\r\n\r\n<p class=\"wp-block-paragraph\">Rezumat:\u00a0<\/p>\r\n\r\n\r\n\r\n<p class=\"wp-block-paragraph\">Gabriel Denisov, originar din Rom\u00e2nia, a lansat o campanie pe Facebook \u0219i a reu\u0219it s\u0103 umple garajul s\u0103u cu haine \u0219i juc\u0103rii pentru refugia\u021bii ucraineni. Se preg\u0103te\u0219te s\u0103 trimit\u0103 prima tran\u0219\u0103 de ajutor la grani\u021ba ucrainean\u0103 \u00een aceast\u0103 vineri. Num\u0103rul dona\u021biilor a crescut \u00een mod constant \u00een garajul s\u0103u din Solbjerg, Aarhus, inclusiv cu contribu\u021bii importante din Hjortsh\u00f8j. P\u00e2n\u0103 acum, au str\u00e2ns \u00eentre 30 \u0219i 40 de saci, iar campania continu\u0103 s\u0103 atrag\u0103 sprijin din partea oamenilor din \u00eentregul Aarhus. Gabriel Denisov, stabilit \u00een Danemarca de cinci ani, lucreaz\u0103 ca electrician \u0219i a mobilizat oamenii pentru a oferi ajutor. Acesta observ\u0103 c\u0103 refugia\u021bii ucraineni, \u00een principal femei \u0219i copii, au fugit \u00een grab\u0103 \u0219i le lipse\u0219te totul: juc\u0103rii, scutece, haine calde, lapte \u0219i conserve. Dona\u021biile au venit at\u00e2t de rapid \u00eenc\u00e2t Gabriel nu mai are o privire de ansamblu asupra con\u021binutului exact al fiec\u0103rui sac. \u00cen ciuda provoc\u0103rilor, el este m\u00e2ndru de solidaritatea ar\u0103tat\u0103 \u0219i sper\u0103 c\u0103 \u0219i alte \u021b\u0103ri vor ajuta la fel.<\/p>\r\n\r\n\r\n\r\n<p class=\"wp-block-paragraph\">Articol integral:\u00a0<\/p>\r\n\r\n\r\n\r\n<p class=\"wp-block-paragraph\">Gabriel Denisov, originar din Rom\u00e2nia, a reu\u0219it s\u0103 umple garajul s\u0103u cu haine \u0219i juc\u0103rii pentru refugia\u021bii ucraineni, dup\u0103 ce a lansat o campanie pe Facebook. \u00cen acest moment, se preg\u0103te\u0219te s\u0103 trimit\u0103 prima tran\u0219\u0103 de ajutor la grani\u021ba ucrainean\u0103 \u00een aceast\u0103 vineri.<\/p>\r\n\r\n\r\n\r\n<p class=\"wp-block-paragraph\">\u00cen decursul ultimelor zile, num\u0103rul sacilor cu ajutor pentru Ucraina a crescut \u00een mod constant \u00een garajul lui Gabriel Denisov din Solbjerg. Cu o suprafa\u021b\u0103 de 160 de metri p\u0103tra\u021bi, garajul nu este umplut doar cu dona\u021bii din Solbjerg, ci \u0219i din multe alte locuri din Aarhus, inclusiv un transport important din Hjortsh\u00f8j.<\/p>\r\n\r\n\r\n\r\n<p class=\"wp-block-paragraph\">Gabriel Denisov nu are o imagine clar\u0103 a cantit\u0103\u021bii str\u00e2nse p\u00e2n\u0103 \u00een prezent. Oamenii vin cu lucruri pe care le-au adunat din \u00eentreg Aarhus-ul, iar aceast\u0103 campanie este abia la \u00eenceput, dar au str\u00e2ns deja \u00eentre 30 \u0219i 40 de saci.<\/p>\r\n\r\n\r\n\r\n<p class=\"wp-block-paragraph\">Telefonul nu a \u00eencetat s\u0103 sune de la lansarea campaniei pe Facebook. Oamenii sun\u0103 \u0219i scriu. Gabriel Denisov spune c\u0103 vor veni \u0219i al\u021bi oameni cu dona\u021bii pe tot parcursul s\u0103pt\u0103m\u00e2nii.<\/p>\r\n\r\n\r\n\r\n<p class=\"wp-block-paragraph\">Gabriel Denisov locuie\u0219te \u00een Danemarca de cinci ani, lucr\u00e2nd ca electrician. De\u0219i familia lui locuie\u0219te \u00een continuare \u00een Rom\u00e2nia, \u00eel viziteaz\u0103 o dat\u0103 la dou\u0103 sau trei luni. El \u0219tie c\u0103 \u0219i din partea rom\u00e2nilor se ofer\u0103 ajutor.<\/p>\r\n\r\n\r\n\r\n<p class=\"wp-block-paragraph\">&#8222;\u00cen principal, femeile \u0219i copiii fug. \u0218i pentru c\u0103 invazia rus\u0103 a venit at\u00e2t de repede, mul\u021bi dintre ei nu au apucat s\u0103 ia prea multe lucruri cu ei. Lipsesc tot felul de lucruri; juc\u0103rii, scutece, haine calde, lapte \u0219i conserve&#8221;, spune el.<\/p>\r\n\r\n\r\n\r\n<p class=\"wp-block-paragraph\">Pe pagina sa de Facebook, Gabriel Denisov spune:<\/p>\r\n\r\n\r\n\r\n<p class=\"wp-block-paragraph\">\u201cRefugia\u021bii ucraineni sunt \u00een principal femei \u0219i copii, iar din cauza invaziei ruse care a venit at\u00e2t de repede, mul\u021bi dintre ei nu au avut timp s\u0103 ia prea multe lucruri cu ei. Acestora le lipse\u0219te totul: juc\u0103rii, scutece, haine calde, lapte \u0219i conserve. Oamenii de la grani\u021ba cu Ucraina &#8211; \u0219i \u0219i cei din capital\u0103 &#8211; fac tot ce le st\u0103 \u00een putin\u021b\u0103 pentru a ajuta Ucraina&#8221;, spune el.<\/p>\r\n\r\n\r\n\r\n<p class=\"wp-block-paragraph\">Dona\u021biile s-au desf\u0103\u0219urat at\u00e2t de rapid \u00eenc\u00e2t Gabriel Denisov nu mai are o privire de ansamblu asupra con\u021binutului exact al fiec\u0103rui sac.<\/p>\r\n\r\n\r\n\r\n<p class=\"wp-block-paragraph\">&#8222;Este prea mult ca s\u0103 pot trece prin tot. De mar\u021bi trebuie s\u0103 \u00eencep s\u0103 notez cine vine \u0219i ce este \u00een saci&#8221;, spune el.<\/p>\r\n\r\n\r\n\r\n<p class=\"wp-block-paragraph\">Cu toate acestea, Gabriel Denisov \u0219tie foarte bine de ce este nevoie.<\/p>\r\n\r\n\r\n\r\n<p class=\"wp-block-paragraph\">Gabriel Denisov scrie:<\/p>\r\n\r\n\r\n\r\n<p class=\"wp-block-paragraph\">&#8222;Nu am fost at\u00e2t de m\u00e2ndru de \u021bara mea de mult timp. Rom\u00e2nii ofer\u0103 o lec\u021bie de solidaritate adev\u0103rat\u0103 \u00eentregii lumi!&#8221;<\/p>\r\n\r\n\r\n\r\n<p class=\"wp-block-paragraph\">&#8222;Sper c\u0103 \u0219i \u021b\u0103ri precum Polonia vor ajuta \u00een acela\u0219i mod, deoarece ei se \u00eenvecineaz\u0103, de asemenea, cu Ucraina. Sper c\u0103 toat\u0103 lumea va ajuta a\u0219a cum poate&#8221;, spune Gabriel Denisov.<\/p>\r\n\r\n\r\n\r\n<p class=\"wp-block-paragraph\">Este gra\u021bie numeroaselor sale contacte cu transportatorii din Rom\u00e2nia \u00een m\u0103sur\u0103 s\u0103 trimit\u0103 cantit\u0103\u021bi mari de ajutor de urgen\u021b\u0103 la grani\u021ba ucrainean\u0103.<\/p>\r\n\r\n\r\n\r\n<p class=\"wp-block-paragraph\">Gabriel Denisov: &#8222;Lucrurile sunt transportate la grani\u021b\u0103 cu camioane rom\u00e2ne\u0219ti care au fost \u00een Danemarca cu alte m\u0103rfuri. Am un garaj mare, a\u0219a c\u0103 mai este loc pentru mai mult dec\u00e2t s-a str\u00e2ns deja&#8221;, spune el.<\/p>\r\n\r\n\r\n\r\n<p class=\"wp-block-paragraph\">Pentru cei care doresc s\u0103 ajute, Gabriel Denisov estimeaz\u0103 c\u0103 ajutorul va fi trimis vineri sau s\u00e2mb\u0103t\u0103 \u00een aceast\u0103 s\u0103pt\u0103m\u00e2n\u0103. P\u00e2n\u0103 acum, oamenii au putut s\u0103 aduc\u0103 lucrurile seara, dar Gabriel Denisov s-a asigurat c\u0103 de acum \u00eenainte oamenii vor putea veni pe tot parcursul zilei.<\/p>\r\n\r\n\r\n\r\n<p class=\"wp-block-paragraph\">&#8222;Exist\u0103 o femeie din localitate care st\u0103 acas\u0103 cu copiii ei \u0219i s-a oferit sa ajute la deschiderea garajului pe timpul zilei.\u201d Foto privat.<\/p>\r\n\r\n\r\n\r\n<figure class=\"wp-block-embed\">\r\n<div class=\"wp-block-embed__wrapper\">https:\/\/stiften.dk\/aarhus\/gabriel-har-forvandlet-sin-garage-til-en-noedhjaelpscentral-folk-kommer-med-ting-de-har-samlet-ind-over-hele-aarhus<\/div>\r\n<\/figure>\r\n","protected":false},"excerpt":{"rendered":"<p>Articol publicat in Stiften.dk la data de 28 februarie 2022.\u00a0 Rezumat:\u00a0 Gabriel Denisov, originar din Rom\u00e2nia, a lansat o campanie pe Facebook \u0219i a reu\u0219it s\u0103 umple garajul s\u0103u cu haine \u0219i juc\u0103rii pentru refugia\u021bii ucraineni. Se preg\u0103te\u0219te s\u0103 trimit\u0103 prima tran\u0219\u0103 de ajutor la grani\u021ba ucrainean\u0103 \u00een aceast\u0103 vineri. Num\u0103rul dona\u021biilor a crescut \u00een [&hellip;]<\/p>\n","protected":false},"author":11,"featured_media":5307,"comment_status":"open","ping_status":"closed","sticky":false,"template":"","format":"standard","meta":{"_acf_changed":false,"_themeisle_gutenberg_block_has_review":false,"_jetpack_newsletter_access":"","_jetpack_dont_email_post_to_subs":false,"_jetpack_newsletter_tier_id":0,"_jetpack_memberships_contains_paywalled_content":false,"_jetpack_feature_clip_id":0,"_jetpack_memberships_contains_paid_content":false,"footnotes":"","jetpack_post_was_ever_published":false,"_members_access_role":[],"_members_access_error":""},"categories":[878,142],"tags":[1005,249],"class_list":["post-5301","post","type-post","status-publish","format-standard","has-post-thumbnail","category-navigarea-in-danemarca","category-povesti-nespuse","tag-implicare","tag-politica"],"acf":[],"jetpack_sharing_enabled":true,"jetpack-related-posts":[{"id":3201,"url":"https:\/\/lwid.dk\/ro\/zsolt-in-varsta-de-19-ani-din-romania-studiaza-in-danemarca-su-este-necesar-19-arige-zsolt-fra-rumaenien-laeser-i-danmark-su-er-nodvendigt\/","url_meta":{"origin":5301,"position":0},"title":"Zsolt, \u00een v\u00e2rst\u0103 de 19 ani, din Rom\u00e2nia, studiaz\u0103 \u00een Danemarca: SU este necesar \/ 19-\u00e5rige Zsolt fra Rum\u00e6nien l\u00e6ser i Danmark: SU er n\u00f8dvendigt","author":"Sorina Floroiu","date":"29 septembrie 2020","format":false,"excerpt":"Articol publicat \u00een Berlingske la data de 29 septembrie 2020\u00a0 Subiectul articolului: Zsolt Kozma, un t\u00e2n\u0103r rom\u00e2n \u00een v\u00e2rst\u0103 de 19 ani, prime\u0219te ajutor financiar pentru studii (SU) \u00een timp ce studiaz\u0103 la KEA \u00een Copenhaga ca cet\u0103\u021bean al Uniunii Europene. Pentru a beneficia de acest ajutor financiar, el trebuie\u2026","rel":"","context":"\u00cen \u201eNavigarea \u00een Danemarca\u201d","block_context":{"text":"Navigarea \u00een Danemarca","link":"https:\/\/lwid.dk\/ro\/category\/navigarea-in-danemarca\/"},"img":{"alt_text":"","src":"https:\/\/i0.wp.com\/lwid.dk\/wp-content\/uploads\/2023\/10\/27.-Zsoltpng.png?resize=350%2C200&ssl=1","width":350,"height":200,"srcset":"https:\/\/i0.wp.com\/lwid.dk\/wp-content\/uploads\/2023\/10\/27.-Zsoltpng.png?resize=350%2C200&ssl=1 1x, https:\/\/i0.wp.com\/lwid.dk\/wp-content\/uploads\/2023\/10\/27.-Zsoltpng.png?resize=525%2C300&ssl=1 1.5x"},"classes":[]},{"id":3215,"url":"https:\/\/lwid.dk\/ro\/soren-este-gata-sa-ofere-ajutor-de-craciun-familiilor-sarace-din-romania-soren-er-klar-med-julehjaelp-til-fattige-familier-i-rumaenien\/","url_meta":{"origin":5301,"position":1},"title":"S\u00f8ren este gata s\u0103 ofere ajutor de Cr\u0103ciun familiilor s\u0103race din Rom\u00e2nia \/ S\u00f8ren er klar med julehj\u00e6lp til fattige familier i Rum\u00e6nien","author":"Sorina Floroiu","date":"24 noiembrie 2020","format":false,"excerpt":"Articol publicat in Ugeavisen Vejle la data de 24 noiembrie 2020.\u00a0 Subiectul articolului: Organiza\u021bia AKO, Activi Kristnes Omsorgsarbejde, a trimis primele dou\u0103 camioane cu ajutoare c\u0103tre familiile s\u0103race din nord-estul Rom\u00e2niei, inclusiv haine de iarn\u0103 \u0219i cadouri de Cr\u0103ciun. De asemenea, planific\u0103 s\u0103 trimit\u0103 \u00eenc\u0103 trei camioane \u00een zon\u0103. AKO\u2026","rel":"","context":"\u00cen \u201eNavigarea \u00een Danemarca\u201d","block_context":{"text":"Navigarea \u00een Danemarca","link":"https:\/\/lwid.dk\/ro\/category\/navigarea-in-danemarca\/"},"img":{"alt_text":"","src":"https:\/\/i0.wp.com\/lwid.dk\/wp-content\/uploads\/2023\/10\/29.-Soren.png?resize=350%2C200&ssl=1","width":350,"height":200,"srcset":"https:\/\/i0.wp.com\/lwid.dk\/wp-content\/uploads\/2023\/10\/29.-Soren.png?resize=350%2C200&ssl=1 1x, https:\/\/i0.wp.com\/lwid.dk\/wp-content\/uploads\/2023\/10\/29.-Soren.png?resize=525%2C300&ssl=1 1.5x"},"classes":[]},{"id":707,"url":"https:\/\/lwid.dk\/articol-8-gradinita-inscrierea-la-gradinita\/","url_meta":{"origin":5301,"position":2},"title":"Articol 8: Gr\u0103dini\u021ba. \u00censcrierea la gr\u0103dini\u021b\u0103.","author":"Alina Racila","date":"14 mai 2022","format":false,"excerpt":"Dragi p\u0103rin\u021bi \u0219i copii, urm\u0103toarea serie de articole se va axa pe tema \u201dGr\u0103dini\u021ba \u0219i copiii \u00eentre 3-6 ani\u201d \u00een care, din experien\u021ba proprie, \u00een calitate de traduc\u0103tor la gradini\u021be \u0219i \u0219coli, dar \u0219i p\u0103rinte, voi descrie acele momente care sunt important de cunoscut pentru p\u0103rin\u021bi cu copii \u00eentre 3-6\u2026","rel":"","context":"Articol similar","block_context":{"text":"Articol similar","link":""},"img":{"alt_text":"","src":"","width":0,"height":0},"classes":[]},{"id":3166,"url":"https:\/\/lwid.dk\/ro\/cei-mai-liberi-oameni-din-lume-det-frieste-folk-i-verden\/","url_meta":{"origin":5301,"position":3},"title":"Cei mai liberi oameni din lume \/ Det frieste folk i verden","author":"Sorina Floroiu","date":"30 aprilie 2020","format":false,"excerpt":"Articol publicat in Weekendavisen,dk la data de 30 aprilie 2020 Subiectul articolului: Dup\u0103 o mul\u021bime de apeluri \u0219i c\u0103ut\u0103ri, Raluca \u0219i Razvan au redus op\u021biunile de c\u0103l\u0103torie la Belarus \u0219i Suedia. Fiind obosi\u021bi de restric\u021biile impuse \u00een Rom\u00e2nia din cauza pandemiei, au ales s\u0103 mearg\u0103 \u00een Suedia, unde se bucur\u0103\u2026","rel":"","context":"\u00cen \u201eNavigarea \u00een Danemarca\u201d","block_context":{"text":"Navigarea \u00een Danemarca","link":"https:\/\/lwid.dk\/ro\/category\/navigarea-in-danemarca\/"},"img":{"alt_text":"","src":"https:\/\/i0.wp.com\/lwid.dk\/wp-content\/uploads\/2023\/10\/22.-Det-frieste-folk-verden.png?resize=350%2C200&ssl=1","width":350,"height":200,"srcset":"https:\/\/i0.wp.com\/lwid.dk\/wp-content\/uploads\/2023\/10\/22.-Det-frieste-folk-verden.png?resize=350%2C200&ssl=1 1x, https:\/\/i0.wp.com\/lwid.dk\/wp-content\/uploads\/2023\/10\/22.-Det-frieste-folk-verden.png?resize=525%2C300&ssl=1 1.5x, https:\/\/i0.wp.com\/lwid.dk\/wp-content\/uploads\/2023\/10\/22.-Det-frieste-folk-verden.png?resize=700%2C400&ssl=1 2x, https:\/\/i0.wp.com\/lwid.dk\/wp-content\/uploads\/2023\/10\/22.-Det-frieste-folk-verden.png?resize=1050%2C600&ssl=1 3x, https:\/\/i0.wp.com\/lwid.dk\/wp-content\/uploads\/2023\/10\/22.-Det-frieste-folk-verden.png?resize=1400%2C800&ssl=1 4x"},"classes":[]},{"id":3307,"url":"https:\/\/lwid.dk\/ro\/am-luat-20-de-coroane-de-la-un-roman-care-era-el-insusi-vulnerabil\/","url_meta":{"origin":5301,"position":4},"title":"Am luat 20 de coroane de la un rom\u00e2n care era el \u00eensu\u0219i vulnerabil","author":"Sorina Floroiu","date":"5 mai 2021","format":false,"excerpt":"Articol publicat in N\u00f8rrebroLIV Sektion 1 Side 13 Hanne Bj\u00f8rton, la data de 5 mai 2021 Rezumat< Tue Thastum, un medic forensic din N\u00f8rrebro, a tr\u0103it ca o persoan\u0103 f\u0103r\u0103 ad\u0103post timp de 72 de ore pentru a str\u00e2nge fonduri pentru ziarul Hus Forbi. \u00cen timpul experien\u021bei sale, el a\u2026","rel":"","context":"\u00cen \u201eNavigarea \u00een Danemarca\u201d","block_context":{"text":"Navigarea \u00een Danemarca","link":"https:\/\/lwid.dk\/ro\/category\/navigarea-in-danemarca\/"},"img":{"alt_text":"","src":"https:\/\/i0.wp.com\/lwid.dk\/wp-content\/uploads\/2023\/10\/8.-penge-fra-en-rumaener-der-selv-var-udsat.png?resize=350%2C200&ssl=1","width":350,"height":200,"srcset":"https:\/\/i0.wp.com\/lwid.dk\/wp-content\/uploads\/2023\/10\/8.-penge-fra-en-rumaener-der-selv-var-udsat.png?resize=350%2C200&ssl=1 1x, https:\/\/i0.wp.com\/lwid.dk\/wp-content\/uploads\/2023\/10\/8.-penge-fra-en-rumaener-der-selv-var-udsat.png?resize=525%2C300&ssl=1 1.5x"},"classes":[]},{"id":4179,"url":"https:\/\/lwid.dk\/ro\/atata-timp-cat-este-de-lucru-aici-si-fiica-mea-este-bine-voi-ramane\/","url_meta":{"origin":5301,"position":5},"title":"At\u00e2ta timp c\u00e2t este de lucru aici \u0219i fiica mea este bine, voi r\u0103m\u00e2ne","author":"Sorina Floroiu","date":"31 iulie 2021","format":false,"excerpt":"Articol publicat in Information Sektion 1 Side 8, la data de 31 iulie 2021 Rezumat Viorel Oprea, un muncitor rom\u00e2n, a venit \u00een Danemarca pentru a lucra la construc\u021bia metroului din Copenhaga \u0219i s-a stabilit definitiv acolo. El are o familie \u0219i o cas\u0103 \u00een Danemarca \u0219i lucreaz\u0103 ca muncitor\u2026","rel":"","context":"\u00cen \u201eNavigarea \u00een Danemarca\u201d","block_context":{"text":"Navigarea \u00een Danemarca","link":"https:\/\/lwid.dk\/ro\/category\/navigarea-in-danemarca\/"},"img":{"alt_text":"","src":"https:\/\/i0.wp.com\/lwid.dk\/wp-content\/uploads\/2023\/10\/25.png?resize=350%2C200&ssl=1","width":350,"height":200,"srcset":"https:\/\/i0.wp.com\/lwid.dk\/wp-content\/uploads\/2023\/10\/25.png?resize=350%2C200&ssl=1 1x, https:\/\/i0.wp.com\/lwid.dk\/wp-content\/uploads\/2023\/10\/25.png?resize=525%2C300&ssl=1 1.5x"},"classes":[]}],"jetpack_featured_media_url":"https:\/\/lwid.dk\/wp-content\/uploads\/2023\/11\/7.-GABRIEL.png","_links":{"self":[{"href":"https:\/\/lwid.dk\/ro\/wp-json\/wp\/v2\/posts\/5301","targetHints":{"allow":["GET"]}}],"collection":[{"href":"https:\/\/lwid.dk\/ro\/wp-json\/wp\/v2\/posts"}],"about":[{"href":"https:\/\/lwid.dk\/ro\/wp-json\/wp\/v2\/types\/post"}],"author":[{"embeddable":true,"href":"https:\/\/lwid.dk\/ro\/wp-json\/wp\/v2\/users\/11"}],"replies":[{"embeddable":true,"href":"https:\/\/lwid.dk\/ro\/wp-json\/wp\/v2\/comments?post=5301"}],"version-history":[{"count":2,"href":"https:\/\/lwid.dk\/ro\/wp-json\/wp\/v2\/posts\/5301\/revisions"}],"predecessor-version":[{"id":28721,"href":"https:\/\/lwid.dk\/ro\/wp-json\/wp\/v2\/posts\/5301\/revisions\/28721"}],"wp:featuredmedia":[{"embeddable":true,"href":"https:\/\/lwid.dk\/ro\/wp-json\/wp\/v2\/media\/5307"}],"wp:attachment":[{"href":"https:\/\/lwid.dk\/ro\/wp-json\/wp\/v2\/media?parent=5301"}],"wp:term":[{"taxonomy":"category","embeddable":true,"href":"https:\/\/lwid.dk\/ro\/wp-json\/wp\/v2\/categories?post=5301"},{"taxonomy":"post_tag","embeddable":true,"href":"https:\/\/lwid.dk\/ro\/wp-json\/wp\/v2\/tags?post=5301"}],"curies":[{"name":"wp","href":"https:\/\/api.w.org\/{rel}","templated":true}]}}