{"id":5313,"date":"2022-03-14T11:23:00","date_gmt":"2022-03-14T10:23:00","guid":{"rendered":"https:\/\/lwid.dk\/?p=5313"},"modified":"2026-09-01T18:05:47","modified_gmt":"2026-09-01T17:05:47","slug":"la-2-000-km-distanta-de-familia-sa-oana-deicu-a-avut-o-idee-acum-a-scos-firma-de-familie-infiintata-in-1913-din-criza-locurilor-de-munca","status":"publish","type":"post","link":"https:\/\/lwid.dk\/ro\/la-2-000-km-distanta-de-familia-sa-oana-deicu-a-avut-o-idee-acum-a-scos-firma-de-familie-infiintata-in-1913-din-criza-locurilor-de-munca\/","title":{"rendered":"La 2.000 km distan\u021b\u0103 de familia sa, Oana Deicu a avut o idee: acum a scos firma de familie \u00eenfiin\u021bat\u0103 \u00een 1913 din criza locurilor de munc\u0103"},"content":{"rendered":"\r\n<p class=\"wp-block-paragraph\">Articol publicat in Jyllands-posten.dk la data de 14 martie 2022.\u00a0<\/p>\r\n\r\n\r\n\r\n<figure class=\"wp-block-image size-full\"><img loading=\"lazy\" decoding=\"async\" width=\"711\" height=\"762\" class=\"wp-image-5314\" src=\"https:\/\/lwid.dk\/wp-content\/uploads\/2023\/11\/8.-Oana-Deicu-.png\" alt=\"\" srcset=\"https:\/\/lwid.dk\/wp-content\/uploads\/2023\/11\/8.-Oana-Deicu-.png 711w, https:\/\/lwid.dk\/wp-content\/uploads\/2023\/11\/8.-Oana-Deicu--280x300.png 280w, https:\/\/lwid.dk\/wp-content\/uploads\/2023\/11\/8.-Oana-Deicu--150x161.png 150w, https:\/\/lwid.dk\/wp-content\/uploads\/2023\/11\/8.-Oana-Deicu--300x322.png 300w, https:\/\/lwid.dk\/wp-content\/uploads\/2023\/11\/8.-Oana-Deicu--696x746.png 696w\" sizes=\"auto, (max-width: 711px) 100vw, 711px\" \/><\/figure>\r\n\r\n\r\n\r\n<p class=\"wp-block-paragraph\">(Acesta este un extras)<\/p>\r\n\r\n\r\n\r\n<p class=\"wp-block-paragraph\">\u00cen timpul crizei corona, compania de familie a concediat aproape fiecare al treilea angajat.<\/p>\r\n\r\n\r\n\r\n<p class=\"wp-block-paragraph\">Oana Deicu a fost destul de timid\u0103 c\u00e2nd a venit \u00een Danemarca \u00een 2015.<\/p>\r\n\r\n\r\n\r\n<p class=\"wp-block-paragraph\">Ea c\u0103l\u0103torise la 2.000 de kilometri dep\u0103rtare de familia ei \u00een micul ora\u0219 rom\u00e2nesc Uricani, situat \u00een sudul Transilvaniei. \u0218i c\u00e2nd a ajuns \u00een \u021bara mic\u0103 din nord, cultura era pu\u021bin diferit\u0103 de ceea ce era obi\u0219nuit\u0103.<\/p>\r\n","protected":false},"excerpt":{"rendered":"<p>Articol publicat in Jyllands-posten.dk la data de 14 martie 2022.\u00a0 (Acesta este un extras) \u00cen timpul crizei corona, compania de familie a concediat aproape fiecare al treilea angajat. Oana Deicu a fost destul de timid\u0103 c\u00e2nd a venit \u00een Danemarca \u00een 2015. Ea c\u0103l\u0103torise la 2.000 de kilometri dep\u0103rtare de familia ei \u00een micul ora\u0219 [&hellip;]<\/p>\n","protected":false},"author":11,"featured_media":5314,"comment_status":"open","ping_status":"closed","sticky":false,"template":"","format":"standard","meta":{"_acf_changed":false,"_themeisle_gutenberg_block_has_review":false,"_jetpack_newsletter_access":"","_jetpack_dont_email_post_to_subs":false,"_jetpack_newsletter_tier_id":0,"_jetpack_memberships_contains_paywalled_content":false,"_jetpack_feature_clip_id":0,"_jetpack_memberships_contains_paid_content":false,"footnotes":"","jetpack_post_was_ever_published":false,"_members_access_role":[],"_members_access_error":""},"categories":[878,142],"tags":[398,1006],"class_list":["post-5313","post","type-post","status-publish","format-standard","has-post-thumbnail","category-navigarea-in-danemarca","category-povesti-nespuse","tag-afaceri","tag-interviuri"],"acf":[],"jetpack_sharing_enabled":true,"jetpack-related-posts":[{"id":4137,"url":"https:\/\/lwid.dk\/ro\/drumul-pana-acolo\/","url_meta":{"origin":5313,"position":0},"title":"Drumul p\u00e2n\u0103 acolo","author":"Sorina Floroiu","date":"3 iulie 2021","format":false,"excerpt":"Articol publicat in Helsing\u00f8r Dagblad Sektion I (Rejser) Side 16, la data de 3 iulie 2021 SAS are un zbor non-stop de la Copenhaga la Bucure\u0219ti in zilele de joi. Wizz Air \u0219i Blue Air au zboruri non-stop \u00een anumite zile ale s\u0103pt\u0103m\u00e2nii. Dac\u0103 alege\u021bi s\u0103 conduce\u021bi din Danemarca, p\u00e2n\u0103\u2026","rel":"","context":"\u00cen \u201eNavigarea \u00een Danemarca\u201d","block_context":{"text":"Navigarea \u00een Danemarca","link":"https:\/\/lwid.dk\/ro\/category\/navigarea-in-danemarca\/"},"img":{"alt_text":"","src":"https:\/\/i0.wp.com\/lwid.dk\/wp-content\/uploads\/2023\/10\/19.-.png?resize=350%2C200&ssl=1","width":350,"height":200,"srcset":"https:\/\/i0.wp.com\/lwid.dk\/wp-content\/uploads\/2023\/10\/19.-.png?resize=350%2C200&ssl=1 1x, https:\/\/i0.wp.com\/lwid.dk\/wp-content\/uploads\/2023\/10\/19.-.png?resize=525%2C300&ssl=1 1.5x"},"classes":[]},{"id":3194,"url":"https:\/\/lwid.dk\/ro\/ultima-data-cand-am-fost-in-danemarca-o-vara-intreaga-a-fost-in-82-sidst-jeg-var-i-danmark-en-hel-sommer-var-i-82\/","url_meta":{"origin":5313,"position":1},"title":"Ultima dat\u0103 c\u00e2nd am fost \u00een Danemarca o var\u0103 \u00eentreag\u0103 a fost in \u00b482 \/ Sidst jeg var i Danmark en hel sommer var i &#8216; 82","author":"Sorina Floroiu","date":"15 iulie 2020","format":false,"excerpt":"Articol publicat in Nordvestnyt Kalundborg la data de 15 iulie 2020 Subiectul articolului: Autorul vorbe\u0219te despre amintirea unei vacan\u021be \u00een Rom\u00e2nia \u00een copil\u0103rie, \u00eenso\u021bit de bunici. Men\u021bioneaz\u0103 zborul prin Alpi \u0219i g\u00e2ndurile despre muncitorii iugoslavi. Discut\u0103 despre ultima var\u0103 petrecut\u0103 \u00een Danemarca \u0219i planurile de vacan\u021b\u0103 actuale \u00een Bornholm.\u00a0 Articol\u2026","rel":"","context":"\u00cen \u201eNavigarea \u00een Danemarca\u201d","block_context":{"text":"Navigarea \u00een Danemarca","link":"https:\/\/lwid.dk\/ro\/category\/navigarea-in-danemarca\/"},"img":{"alt_text":"","src":"https:\/\/i0.wp.com\/lwid.dk\/wp-content\/uploads\/2023\/10\/26.-Sidst-da-jeg-var-i-Danmark.png?resize=350%2C200&ssl=1","width":350,"height":200,"srcset":"https:\/\/i0.wp.com\/lwid.dk\/wp-content\/uploads\/2023\/10\/26.-Sidst-da-jeg-var-i-Danmark.png?resize=350%2C200&ssl=1 1x, https:\/\/i0.wp.com\/lwid.dk\/wp-content\/uploads\/2023\/10\/26.-Sidst-da-jeg-var-i-Danmark.png?resize=525%2C300&ssl=1 1.5x"},"classes":[]},{"id":3077,"url":"https:\/\/lwid.dk\/ro\/sudor-roman-imi-doresc-sa-raman-in-danemarca-cu-familia-mea-rumaensk-svejser-jeg-vil-blive-i-danmark-med-min-familie\/","url_meta":{"origin":5313,"position":2},"title":"SUDOR ROM\u00c2N: \u00cemi doresc s\u0103 r\u0103m\u00e2n \u00een Danemarca cu familia mea \/ RUM\u00c6NSK SVEJSER: Jeg vil blive i Danmark med min familie","author":"Sorina Floroiu","date":"11 februarie 2020","format":false,"excerpt":"Articol publicat in Industri ^ Teknik la data de 11 februarie 2020.\u00a0 Subiectul articolului:\u00a0 Sudorul Cristian B\u0103lan a adus familia sa \u00een Danemarca \u0219i inten\u021bioneaz\u0103 s\u0103 r\u0103m\u00e2n\u0103 \u00een \u021bar\u0103, urm\u0103torul pas fiind achizi\u021bionarea unei case \u00een Hobro. El lucreaz\u0103 la DS St\u00e5lkonstruktion \u0219i apreciaz\u0103 lipsa de stres \u00een compara\u021bie cu\u2026","rel":"","context":"\u00cen \u201eNavigarea \u00een Danemarca\u201d","block_context":{"text":"Navigarea \u00een Danemarca","link":"https:\/\/lwid.dk\/ro\/category\/navigarea-in-danemarca\/"},"img":{"alt_text":"","src":"https:\/\/i0.wp.com\/lwid.dk\/wp-content\/uploads\/2023\/10\/10.-Sudor.png?resize=350%2C200&ssl=1","width":350,"height":200,"srcset":"https:\/\/i0.wp.com\/lwid.dk\/wp-content\/uploads\/2023\/10\/10.-Sudor.png?resize=350%2C200&ssl=1 1x, https:\/\/i0.wp.com\/lwid.dk\/wp-content\/uploads\/2023\/10\/10.-Sudor.png?resize=525%2C300&ssl=1 1.5x, https:\/\/i0.wp.com\/lwid.dk\/wp-content\/uploads\/2023\/10\/10.-Sudor.png?resize=700%2C400&ssl=1 2x"},"classes":[]},{"id":4130,"url":"https:\/\/lwid.dk\/ro\/asa-a-pus-mana-danemarca-de-117-milioane-de-vaccinuri-din-romania-a-fost-prima-tara-care-a-cerut\/","url_meta":{"origin":5313,"position":3},"title":"A\u0219a a pus m\u00e2na Danemarca pe 1,17 milioane de vaccinuri din Rom\u00e2nia: \u201eA fost prima \u021bar\u0103 care a cerut\u201d","author":"Sorina Floroiu","date":"30 iunie 2021","format":false,"excerpt":"Articol publicat \u00een DR.dk Jakob Busk Olsen Cecilie Kallestrup, la data de 30 iunie 2021 Rezumat\u00a0 Danemarca a ob\u021binut cu succes un acord pentru achizi\u021bionarea a 1,17 milioane de doze de vaccin Pfizer\/BioNTech din Rom\u00e2nia. \u00cenceputul negocierilor a avut loc \u00een iunie, c\u00e2nd ministrul S\u0103n\u0103t\u0103\u021bii din Rom\u00e2nia, Ioana Mih\u0103il\u0103, a\u2026","rel":"","context":"\u00cen \u201eNavigarea \u00een Danemarca\u201d","block_context":{"text":"Navigarea \u00een Danemarca","link":"https:\/\/lwid.dk\/ro\/category\/navigarea-in-danemarca\/"},"img":{"alt_text":"","src":"https:\/\/i0.wp.com\/lwid.dk\/wp-content\/uploads\/2023\/10\/18.-Ro-saelger-vacciner-til-DK.png?resize=350%2C200&ssl=1","width":350,"height":200,"srcset":"https:\/\/i0.wp.com\/lwid.dk\/wp-content\/uploads\/2023\/10\/18.-Ro-saelger-vacciner-til-DK.png?resize=350%2C200&ssl=1 1x, https:\/\/i0.wp.com\/lwid.dk\/wp-content\/uploads\/2023\/10\/18.-Ro-saelger-vacciner-til-DK.png?resize=525%2C300&ssl=1 1.5x, https:\/\/i0.wp.com\/lwid.dk\/wp-content\/uploads\/2023\/10\/18.-Ro-saelger-vacciner-til-DK.png?resize=700%2C400&ssl=1 2x"},"classes":[]},{"id":3124,"url":"https:\/\/lwid.dk\/ro\/imi-amintesc-in-gusturi-si-arome-jeg-husker-i-smage-og-dufte\/","url_meta":{"origin":5313,"position":4},"title":"\u00cemi amintesc in gusturi \u0219i arome \/ Jeg husker i smage og dufte","author":"Sorina Floroiu","date":"15 martie 2020","format":false,"excerpt":"Articol publicat in Viborg Stifts Folkeblad la data de 15 martie 2020. Subiectul articolului:\u00a0 Maria Opris s-a n\u0103scut \u00een Rom\u00e2nia, s-a mutat \u00een Italia cu tat\u0103l s\u0103u c\u00e2nd era bebelu\u0219 \u0219i apoi s-a \u00eentors la mama sa rom\u00e2nc\u0103 c\u00e2nd avea \u0219ase ani. Ast\u0103zi, ea administreaz\u0103 restaurantul Down Under din Tinghallen.\u2026","rel":"","context":"\u00cen \u201eNavigarea \u00een Danemarca\u201d","block_context":{"text":"Navigarea \u00een Danemarca","link":"https:\/\/lwid.dk\/ro\/category\/navigarea-in-danemarca\/"},"img":{"alt_text":"","src":"https:\/\/i0.wp.com\/lwid.dk\/wp-content\/uploads\/2023\/10\/16.-Jeg-husker-i-smage-og-dufte.png?resize=350%2C200&ssl=1","width":350,"height":200,"srcset":"https:\/\/i0.wp.com\/lwid.dk\/wp-content\/uploads\/2023\/10\/16.-Jeg-husker-i-smage-og-dufte.png?resize=350%2C200&ssl=1 1x, https:\/\/i0.wp.com\/lwid.dk\/wp-content\/uploads\/2023\/10\/16.-Jeg-husker-i-smage-og-dufte.png?resize=525%2C300&ssl=1 1.5x"},"classes":[]},{"id":15938,"url":"https:\/\/lwid.dk\/ro\/perspective-asupra-stilului-de-viata-danez-saptamana-15\/","url_meta":{"origin":5313,"position":5},"title":"Perspective asupra stilului de via\u021b\u0103 danez &#8211; S\u0103pt\u0103m\u00e2na 15","author":"Catalina Anapios","date":"14 aprilie 2024","format":false,"excerpt":"Scutura\u021bi-v\u0103 p\u0103turile de picnic - soarele str\u0103luce\u0219te \u0219i este timpul de ie\u0219it la iarb\u0103 verde! \u0218tiai c\u0103 picnicurile sunt at\u00e2t de daneze \u00eenc\u00e2t au jucat \u0219i un rol \u00een originea sm\u00f8rrebr\u00f8d-ului, cel mai faimos fel de m\u00e2ncare din \u021bar\u0103? Aceasta const\u0103 \u00een p\u00e2ine neagr\u0103 cu toppinguri precum ou, cartofi, somon\u2026","rel":"","context":"\u00cen \u201eNavigarea \u00een Danemarca\u201d","block_context":{"text":"Navigarea \u00een Danemarca","link":"https:\/\/lwid.dk\/ro\/category\/navigarea-in-danemarca\/"},"img":{"alt_text":"Viata de zi cu zi in Danemarca Last Week in Denmark","src":"https:\/\/i0.wp.com\/lwid.dk\/wp-content\/uploads\/2023\/12\/Viata-de-zi-cu-zi-in-Danemarca.jpg?resize=350%2C200&ssl=1","width":350,"height":200,"srcset":"https:\/\/i0.wp.com\/lwid.dk\/wp-content\/uploads\/2023\/12\/Viata-de-zi-cu-zi-in-Danemarca.jpg?resize=350%2C200&ssl=1 1x, https:\/\/i0.wp.com\/lwid.dk\/wp-content\/uploads\/2023\/12\/Viata-de-zi-cu-zi-in-Danemarca.jpg?resize=525%2C300&ssl=1 1.5x"},"classes":[]}],"jetpack_featured_media_url":"https:\/\/lwid.dk\/wp-content\/uploads\/2023\/11\/8.-Oana-Deicu-.png","_links":{"self":[{"href":"https:\/\/lwid.dk\/ro\/wp-json\/wp\/v2\/posts\/5313","targetHints":{"allow":["GET"]}}],"collection":[{"href":"https:\/\/lwid.dk\/ro\/wp-json\/wp\/v2\/posts"}],"about":[{"href":"https:\/\/lwid.dk\/ro\/wp-json\/wp\/v2\/types\/post"}],"author":[{"embeddable":true,"href":"https:\/\/lwid.dk\/ro\/wp-json\/wp\/v2\/users\/11"}],"replies":[{"embeddable":true,"href":"https:\/\/lwid.dk\/ro\/wp-json\/wp\/v2\/comments?post=5313"}],"version-history":[{"count":2,"href":"https:\/\/lwid.dk\/ro\/wp-json\/wp\/v2\/posts\/5313\/revisions"}],"predecessor-version":[{"id":28720,"href":"https:\/\/lwid.dk\/ro\/wp-json\/wp\/v2\/posts\/5313\/revisions\/28720"}],"wp:featuredmedia":[{"embeddable":true,"href":"https:\/\/lwid.dk\/ro\/wp-json\/wp\/v2\/media\/5314"}],"wp:attachment":[{"href":"https:\/\/lwid.dk\/ro\/wp-json\/wp\/v2\/media?parent=5313"}],"wp:term":[{"taxonomy":"category","embeddable":true,"href":"https:\/\/lwid.dk\/ro\/wp-json\/wp\/v2\/categories?post=5313"},{"taxonomy":"post_tag","embeddable":true,"href":"https:\/\/lwid.dk\/ro\/wp-json\/wp\/v2\/tags?post=5313"}],"curies":[{"name":"wp","href":"https:\/\/api.w.org\/{rel}","templated":true}]}}