{"id":5328,"date":"2022-03-18T11:41:00","date_gmt":"2022-03-18T10:41:00","guid":{"rendered":"https:\/\/lwid.dk\/?p=5328"},"modified":"2026-09-01T18:04:36","modified_gmt":"2026-09-01T17:04:36","slug":"vizita-romaneasca-la-constructia-unui-tunel","status":"publish","type":"post","link":"https:\/\/lwid.dk\/ro\/vizita-romaneasca-la-constructia-unui-tunel\/","title":{"rendered":"Vizit\u0103 rom\u00e2neasc\u0103 la construc\u021bia unui tunel"},"content":{"rendered":"\r\n<p class=\"wp-block-paragraph\">Articol publicat in Lolland-Falsters Folketldende la data de 18 martie 2022.\u00a0<\/p>\r\n\r\n\r\n\r\n<figure class=\"wp-block-image size-full\"><img loading=\"lazy\" decoding=\"async\" width=\"529\" height=\"739\" class=\"wp-image-5329\" src=\"https:\/\/lwid.dk\/wp-content\/uploads\/2023\/11\/10.-RUMAENSK-BESOG.png\" alt=\"\" srcset=\"https:\/\/lwid.dk\/wp-content\/uploads\/2023\/11\/10.-RUMAENSK-BESOG.png 529w, https:\/\/lwid.dk\/wp-content\/uploads\/2023\/11\/10.-RUMAENSK-BESOG-215x300.png 215w, https:\/\/lwid.dk\/wp-content\/uploads\/2023\/11\/10.-RUMAENSK-BESOG-150x210.png 150w, https:\/\/lwid.dk\/wp-content\/uploads\/2023\/11\/10.-RUMAENSK-BESOG-300x419.png 300w\" sizes=\"auto, (max-width: 529px) 100vw, 529px\" \/><\/figure>\r\n\r\n\r\n\r\n<p class=\"wp-block-paragraph\">O delega\u021bie rom\u00e2neasc\u0103 \u0219i ambasadorul Rom\u00e2niei \u00een Danemarca au vizitat ieri Femern A\/S \u0219i \u0219antierul tunelului.<\/p>\r\n\r\n\r\n\r\n<p class=\"wp-block-paragraph\">R\u00d8DBYHAVN O delega\u021bie de la omologul rom\u00e2n al Institutului de Cercetare \u00een Construc\u021bii al Statului a vizitat ieri Femern A\/S \u0219i Proiectul Femern pentru a ob\u021bine mai multe informa\u021bii despre acest proiect major de infrastructur\u0103. Cu cei care au vizitat se afla \u0219i Alexandru Grdinar, ambasadorul Rom\u00e2niei \u00een Danemarca.<\/p>\r\n\r\n\r\n\r\n<p class=\"wp-block-paragraph\">\u201c-C\u00e2nd am v\u0103zut programul delega\u021biei, am fost foarte interesat s\u0103 particip. Am citit mult despre evolu\u021bia proiectului \u0219i sunt bucuros c\u0103 am venit, deoarece am aflat multe detalii despre proiect. Peste 35.000 de rom\u00e2ni lucreaz\u0103 \u00een Danemarca, \u0219i nu \u0219tiam dinainte c\u0103 exist\u0103 \u0219i muncitori rom\u00e2ni pe \u0219antier. Este important ca ace\u0219tia s\u0103 aib\u0103 condi\u021bii de munc\u0103 bune \u0219i s\u0103 li se respecte drepturile\u201d, a declarat Alexandru Grdinar.<\/p>\r\n\r\n\r\n\r\n<p class=\"wp-block-paragraph\">El vede tunelul ca un proiect european important.<\/p>\r\n\r\n\r\n\r\n<p class=\"wp-block-paragraph\">\u201c-Este important pentru coeziunea european\u0103 s\u0103 avem o astfel de leg\u0103tur\u0103 \u00eentre nordul \u0219i centrul Europei. Aceasta exista deja, dar acum distan\u021ba devine mai scurt\u0103. Exist\u0103 unele probleme de mediu legate de construc\u021bia tunelului, dar pe termen lung, va \u00eensemna mai pu\u021bin\u0103 emisie de CO2 atunci c\u00e2nd po\u021bi pur \u0219i simplu s\u0103 treci prin el. Deci, exist\u0103 at\u00e2t avantaje, c\u00e2t \u0219i dezavantaje, a spus Alexandru Gradinar.\u00a0<\/p>\r\n","protected":false},"excerpt":{"rendered":"<p>Articol publicat in Lolland-Falsters Folketldende la data de 18 martie 2022.\u00a0 O delega\u021bie rom\u00e2neasc\u0103 \u0219i ambasadorul Rom\u00e2niei \u00een Danemarca au vizitat ieri Femern A\/S \u0219i \u0219antierul tunelului. R\u00d8DBYHAVN O delega\u021bie de la omologul rom\u00e2n al Institutului de Cercetare \u00een Construc\u021bii al Statului a vizitat ieri Femern A\/S \u0219i Proiectul Femern pentru a ob\u021bine mai multe [&hellip;]<\/p>\n","protected":false},"author":11,"featured_media":5329,"comment_status":"open","ping_status":"closed","sticky":false,"template":"","format":"standard","meta":{"_acf_changed":false,"_themeisle_gutenberg_block_has_review":false,"_jetpack_newsletter_access":"","_jetpack_dont_email_post_to_subs":false,"_jetpack_newsletter_tier_id":0,"_jetpack_memberships_contains_paywalled_content":false,"_jetpack_feature_clip_id":0,"_jetpack_memberships_contains_paid_content":false,"footnotes":"","jetpack_post_was_ever_published":false,"_members_access_role":[],"_members_access_error":""},"categories":[878,142],"tags":[1001,1012,1020],"class_list":["post-5328","post","type-post","status-publish","format-standard","has-post-thumbnail","category-navigarea-in-danemarca","category-povesti-nespuse","tag-diversitate-si-incluziune","tag-ocuparea-fortei-de-munca","tag-transport"],"acf":[],"jetpack_sharing_enabled":true,"jetpack-related-posts":[{"id":5401,"url":"https:\/\/lwid.dk\/ro\/din-aars-in-romania-pentru-a-ajuta-in-agricultura\/","url_meta":{"origin":5328,"position":0},"title":"Din Aars \u00een Rom\u00e2nia pentru a ajuta \u00een agricultur\u0103","author":"Sorina Floroiu","date":"2 noiembrie 2022","format":false,"excerpt":"Articol publicat \u00een Aars Avis la data de 2 noiembrie 2022. Rezumat Colaborarea dintre Aars \u0219i Ia\u0219i are o istorie de 22 de ani. Vittus Bernlow a vizitat pentru prima dat\u0103 \u0219coala agricol\u0103 din Ia\u0219i acum dou\u0103 decenii. Ora\u0219ul, cu peste 300.000 de locuitori, se afl\u0103 la aproximativ 10 kilometri\u2026","rel":"","context":"\u00cen \u201eNavigarea \u00een Danemarca\u201d","block_context":{"text":"Navigarea \u00een Danemarca","link":"https:\/\/lwid.dk\/ro\/category\/navigarea-in-danemarca\/"},"img":{"alt_text":"","src":"https:\/\/i0.wp.com\/lwid.dk\/wp-content\/uploads\/2023\/11\/21.-Aars.png?resize=350%2C200&ssl=1","width":350,"height":200,"srcset":"https:\/\/i0.wp.com\/lwid.dk\/wp-content\/uploads\/2023\/11\/21.-Aars.png?resize=350%2C200&ssl=1 1x, https:\/\/i0.wp.com\/lwid.dk\/wp-content\/uploads\/2023\/11\/21.-Aars.png?resize=525%2C300&ssl=1 1.5x"},"classes":[]},{"id":5443,"url":"https:\/\/lwid.dk\/ro\/vezi-imaginile-romani-din-intreaga-danemarca-au-sarbatorit-ziua-nationala-la-skive\/","url_meta":{"origin":5328,"position":1},"title":"Vezi imaginile: Rom\u00e2ni din \u00eentreaga Danemarca au s\u0103rb\u0103torit Ziua Na\u021bional\u0103 la Skive","author":"Sorina Floroiu","date":"3 decembrie 2022","format":false,"excerpt":"Articol publicat \u00een SkiveFolkeblad.dk la data de 3 decembrie 2022.\u00a0 Rezumat: Teatrul Skive a fost plin ochi s\u00e2mb\u0103ta \u00eentreag\u0103, cu ocazia celebr\u0103rii Zilei Na\u021bionale a Rom\u00e2niei de c\u0103tre Asocia\u021bia Cultural\u0103 Danezo-Rom\u00e2n\u0103. Aproximativ 250-300 de rom\u00e2ni din toat\u0103 Danemarca au umplut constant teatrul \u00een timpul evenimentului festiv. Pre\u0219edintele asocia\u021biei, Valentin Vorobat,\u2026","rel":"","context":"\u00cen \u201eCultur\u0103\u201d","block_context":{"text":"Cultur\u0103","link":"https:\/\/lwid.dk\/ro\/category\/navigarea-in-danemarca\/cultura\/"},"img":{"alt_text":"","src":"https:\/\/i0.wp.com\/lwid.dk\/wp-content\/uploads\/2023\/11\/27.-.png?resize=350%2C200&ssl=1","width":350,"height":200,"srcset":"https:\/\/i0.wp.com\/lwid.dk\/wp-content\/uploads\/2023\/11\/27.-.png?resize=350%2C200&ssl=1 1x, https:\/\/i0.wp.com\/lwid.dk\/wp-content\/uploads\/2023\/11\/27.-.png?resize=525%2C300&ssl=1 1.5x"},"classes":[]},{"id":5294,"url":"https:\/\/lwid.dk\/ro\/initiativa-unei-seri-romanesti\/","url_meta":{"origin":5328,"position":2},"title":"Ini\u021biativa unei seri rom\u00e2ne\u0219ti","author":"Sorina Floroiu","date":"22 februarie 2022","format":false,"excerpt":"Articol publicat in Lokalavisen Lemvig, la data de 22 februarie 2022 Rezumat:\u00a0 Giorgiana Paraschiv, o locuitoare din N\u00f8rre Nissum, organizeaz\u0103 o sear\u0103 rom\u00e2neasc\u0103 \u00een \u00d8st-Hallen pe 12 martie, cu scopul de a aduce danezii mai aproape de cultura rom\u00e2neasc\u0103. Evenimentul include o prezentare despre Rom\u00e2nia \u00een danez\u0103, urmat\u0103 de o\u2026","rel":"","context":"\u00cen \u201eNavigarea \u00een Danemarca\u201d","block_context":{"text":"Navigarea \u00een Danemarca","link":"https:\/\/lwid.dk\/ro\/category\/navigarea-in-danemarca\/"},"img":{"alt_text":"","src":"https:\/\/i0.wp.com\/lwid.dk\/wp-content\/uploads\/2023\/11\/5.-EN-RUMAENSK-AFTEN.png?resize=350%2C200&ssl=1","width":350,"height":200},"classes":[]},{"id":3222,"url":"https:\/\/lwid.dk\/ro\/verdensmand-rumaensk-respekt\/","url_meta":{"origin":5328,"position":3},"title":"Verdensmand. Rum\u00e6nsk respekt","author":"Sorina Floroiu","date":"22 noiembrie 2020","format":false,"excerpt":"Articol publicat \u00een Ekstra Bladet la data de 22 noiembrie 2020 Subiectul articolului:\u00a0 Constantin Galca, un antrenor de fotbal din Rom\u00e2nia, se simte acas\u0103 \u00een Vejle, Danemarca, unde conduce echipa de fotbal. El a fost juc\u0103tor \u00een echipa na\u021bional\u0103 a Rom\u00e2niei \u0219i a participat la patru turnee finale. Ca antrenor,\u2026","rel":"","context":"\u00cen \u201eNavigarea \u00een Danemarca\u201d","block_context":{"text":"Navigarea \u00een Danemarca","link":"https:\/\/lwid.dk\/ro\/category\/navigarea-in-danemarca\/"},"img":{"alt_text":"","src":"https:\/\/i0.wp.com\/lwid.dk\/wp-content\/uploads\/2023\/10\/30.-Rumaensk-respekt.png?resize=350%2C200&ssl=1","width":350,"height":200,"srcset":"https:\/\/i0.wp.com\/lwid.dk\/wp-content\/uploads\/2023\/10\/30.-Rumaensk-respekt.png?resize=350%2C200&ssl=1 1x, https:\/\/i0.wp.com\/lwid.dk\/wp-content\/uploads\/2023\/10\/30.-Rumaensk-respekt.png?resize=525%2C300&ssl=1 1.5x"},"classes":[]},{"id":3056,"url":"https:\/\/lwid.dk\/ro\/jurnalist-publica-o-carte-despre-europa-de-est-journalist-udgiver-bog-om-osteuropa\/","url_meta":{"origin":5328,"position":4},"title":"Jurnalist public\u0103 o carte despre Europa de Est \/ Journalist udgiver bog om \u00d8steuropa","author":"Sorina Floroiu","date":"7 februarie 2020","format":false,"excerpt":"Articol publicat in Skive Folkeblad la data de 7 februarie 2020 Subiectul articolului:\u00a0 Jurnalistul Thue Grum-Schwensen a lansat o carte despre experien\u021bele din Europa de Est, \u00een care se exploreaz\u0103 \u0219i se poveste\u0219te despre persoane \u0219i evenimente din mai multe \u021b\u0103ri, inclusiv din Rom\u00e2nia. Cartea pune accent pe diversitatea politic\u0103\u2026","rel":"","context":"\u00cen \u201eNavigarea \u00een Danemarca\u201d","block_context":{"text":"Navigarea \u00een Danemarca","link":"https:\/\/lwid.dk\/ro\/category\/navigarea-in-danemarca\/"},"img":{"alt_text":"","src":"https:\/\/i0.wp.com\/lwid.dk\/wp-content\/uploads\/2023\/10\/7.-Journalister.png?resize=350%2C200&ssl=1","width":350,"height":200,"srcset":"https:\/\/i0.wp.com\/lwid.dk\/wp-content\/uploads\/2023\/10\/7.-Journalister.png?resize=350%2C200&ssl=1 1x, https:\/\/i0.wp.com\/lwid.dk\/wp-content\/uploads\/2023\/10\/7.-Journalister.png?resize=525%2C300&ssl=1 1.5x, https:\/\/i0.wp.com\/lwid.dk\/wp-content\/uploads\/2023\/10\/7.-Journalister.png?resize=700%2C400&ssl=1 2x"},"classes":[]},{"id":3180,"url":"https:\/\/lwid.dk\/ro\/menirea-vietii-nu-se-gaseste-in-bucuresti-meningen-med-livet-findes-ikke-i-bukarest\/","url_meta":{"origin":5328,"position":5},"title":"MENIREA VIE\u021aII NU SE G\u0102SE\u0218TE \u00ceN BUCURE\u0218TI \/ MENINGEN MED LIVET FINDES IKKE I BUKAREST","author":"Sorina Floroiu","date":"11 iunie 2020","format":false,"excerpt":"Articol publicat \u00een Atlas Mag la data de 11 iunie 2020. Subiectul articolului:\u00a0 Dimitris Sotakis a scris un roman captivant despre o iubire inexplicabil\u0103 fa\u021b\u0103 de Rom\u00e2nia. Romanul urm\u0103re\u0219te povestea lui Zerin, un grec singuratic obsedat de \u021bar\u0103. De\u0219i nu a reu\u0219it s\u0103 cunoasc\u0103 vreodat\u0103 un rom\u00e2n, el se \u00eent\u00e2lne\u0219te\u2026","rel":"","context":"\u00cen \u201eNavigarea \u00een Danemarca\u201d","block_context":{"text":"Navigarea \u00een Danemarca","link":"https:\/\/lwid.dk\/ro\/category\/navigarea-in-danemarca\/"},"img":{"alt_text":"","src":"https:\/\/i0.wp.com\/lwid.dk\/wp-content\/uploads\/2023\/10\/24.-.png?resize=350%2C200&ssl=1","width":350,"height":200,"srcset":"https:\/\/i0.wp.com\/lwid.dk\/wp-content\/uploads\/2023\/10\/24.-.png?resize=350%2C200&ssl=1 1x, https:\/\/i0.wp.com\/lwid.dk\/wp-content\/uploads\/2023\/10\/24.-.png?resize=525%2C300&ssl=1 1.5x"},"classes":[]}],"jetpack_featured_media_url":"https:\/\/lwid.dk\/wp-content\/uploads\/2023\/11\/10.-RUMAENSK-BESOG.png","_links":{"self":[{"href":"https:\/\/lwid.dk\/ro\/wp-json\/wp\/v2\/posts\/5328","targetHints":{"allow":["GET"]}}],"collection":[{"href":"https:\/\/lwid.dk\/ro\/wp-json\/wp\/v2\/posts"}],"about":[{"href":"https:\/\/lwid.dk\/ro\/wp-json\/wp\/v2\/types\/post"}],"author":[{"embeddable":true,"href":"https:\/\/lwid.dk\/ro\/wp-json\/wp\/v2\/users\/11"}],"replies":[{"embeddable":true,"href":"https:\/\/lwid.dk\/ro\/wp-json\/wp\/v2\/comments?post=5328"}],"version-history":[{"count":2,"href":"https:\/\/lwid.dk\/ro\/wp-json\/wp\/v2\/posts\/5328\/revisions"}],"predecessor-version":[{"id":28718,"href":"https:\/\/lwid.dk\/ro\/wp-json\/wp\/v2\/posts\/5328\/revisions\/28718"}],"wp:featuredmedia":[{"embeddable":true,"href":"https:\/\/lwid.dk\/ro\/wp-json\/wp\/v2\/media\/5329"}],"wp:attachment":[{"href":"https:\/\/lwid.dk\/ro\/wp-json\/wp\/v2\/media?parent=5328"}],"wp:term":[{"taxonomy":"category","embeddable":true,"href":"https:\/\/lwid.dk\/ro\/wp-json\/wp\/v2\/categories?post=5328"},{"taxonomy":"post_tag","embeddable":true,"href":"https:\/\/lwid.dk\/ro\/wp-json\/wp\/v2\/tags?post=5328"}],"curies":[{"name":"wp","href":"https:\/\/api.w.org\/{rel}","templated":true}]}}