{"id":5349,"date":"2022-05-18T11:53:00","date_gmt":"2022-05-18T10:53:00","guid":{"rendered":"https:\/\/lwid.dk\/?p=5349"},"modified":"2026-09-01T18:02:45","modified_gmt":"2026-09-01T17:02:45","slug":"tineri-europeni-au-vizitat-allerod","status":"publish","type":"post","link":"https:\/\/lwid.dk\/ro\/tineri-europeni-au-vizitat-allerod\/","title":{"rendered":"Tineri europeni au vizitat Aller\u00f8d"},"content":{"rendered":"\r\n<p class=\"wp-block-paragraph\">Articol publicat in Aller\u00f8d Nyt, la data de 18 mai 2022.<\/p>\r\n\r\n\r\n\r\n<figure class=\"wp-block-image size-full\"><img loading=\"lazy\" decoding=\"async\" width=\"519\" height=\"427\" class=\"wp-image-5350\" src=\"https:\/\/lwid.dk\/wp-content\/uploads\/2023\/11\/13.-Vizita-tineri-romani-.png\" alt=\"\" srcset=\"https:\/\/lwid.dk\/wp-content\/uploads\/2023\/11\/13.-Vizita-tineri-romani-.png 519w, https:\/\/lwid.dk\/wp-content\/uploads\/2023\/11\/13.-Vizita-tineri-romani--300x247.png 300w, https:\/\/lwid.dk\/wp-content\/uploads\/2023\/11\/13.-Vizita-tineri-romani--150x123.png 150w\" sizes=\"auto, (max-width: 519px) 100vw, 519px\" \/><\/figure>\r\n\r\n\r\n\r\n<p class=\"wp-block-paragraph\">Articol integral:<\/p>\r\n\r\n\r\n\r\n<p class=\"wp-block-paragraph\">Ce au \u00een comun Islanda, Austria, Italia, Grecia \u0219i Rom\u00e2nia?\u00a0<\/p>\r\n\r\n\r\n\r\n<p class=\"wp-block-paragraph\">Unul dintre posibilele r\u0103spunsuri este c\u0103 s\u0103pt\u0103m\u00e2na trecut\u0103 au vizitat \u0219coala Ravnsholt, ca parte a programului Erasmus al Uniunii Europene.<\/p>\r\n\r\n\r\n\r\n<p class=\"wp-block-paragraph\">Cu toate acestea, rom\u00e2nii nu sosiser\u0103 \u00eenc\u0103 luni diminea\u021ba, c\u00e2nd Aller\u00f8d Nyt a fost \u00een vizit\u0103, iar ceilal\u021bi elevi au fost \u00eent\u00e2mpina\u021bi de primarul Karsten L\u00e4ngerich. Unii dintre ei c\u0103l\u0103toriser\u0103 aproape 24 de ore \u00een ziua anterioar\u0103, a\u0219a c\u0103 intampinarea oficial\u0103\u00a0 \u00een Aller\u00f8d a fost f\u0103cut\u0103 c\u0103tre ni\u0219te tineri europeni obosi\u021bi.\u00a0<\/p>\r\n\r\n\r\n\r\n<p class=\"wp-block-paragraph\">Natura \u0219i mediu au fost \u00een centrul aten\u021biei pentru elevi \u00een aceast\u0103 s\u0103pt\u0103m\u00e2n\u0103, care a inclus o vizit\u0103 la Centrul de Natura pentru Copii Vestre Hus \u0219i la ghidul natural Judith S\u00f8lvkj\u00e6r.<\/p>\r\n\r\n\r\n\r\n<p class=\"wp-block-paragraph\">Elevii din cele cinci \u021b\u0103ri diferite au fost caza\u021bi \u00een mod privat la familii din Aller\u00f8d.<\/p>\r\n\r\n\r\n\r\n<p class=\"wp-block-paragraph\">Primarul Karsten L\u00e4ngerich i-a salutat \u0219i a primit un mic recipient de tsipouro &#8211; b\u0103utur\u0103 spirtoas\u0103 greceasc\u0103 &#8211; ca dar de la oaspe\u021bii greci. Cu aceast\u0103 ocazie, \u0219coala Ravnsholt a arborat steagul Uniunii Europene.\u00a0<\/p>\r\n","protected":false},"excerpt":{"rendered":"<p>Articol publicat in Aller\u00f8d Nyt, la data de 18 mai 2022. Articol integral: Ce au \u00een comun Islanda, Austria, Italia, Grecia \u0219i Rom\u00e2nia?\u00a0 Unul dintre posibilele r\u0103spunsuri este c\u0103 s\u0103pt\u0103m\u00e2na trecut\u0103 au vizitat \u0219coala Ravnsholt, ca parte a programului Erasmus al Uniunii Europene. Cu toate acestea, rom\u00e2nii nu sosiser\u0103 \u00eenc\u0103 luni diminea\u021ba, c\u00e2nd Aller\u00f8d Nyt [&hellip;]<\/p>\n","protected":false},"author":11,"featured_media":5350,"comment_status":"open","ping_status":"closed","sticky":false,"template":"","format":"standard","meta":{"_acf_changed":false,"_themeisle_gutenberg_block_has_review":false,"_jetpack_newsletter_access":"","_jetpack_dont_email_post_to_subs":false,"_jetpack_newsletter_tier_id":0,"_jetpack_memberships_contains_paywalled_content":false,"_jetpack_feature_clip_id":0,"_jetpack_memberships_contains_paid_content":false,"footnotes":"","jetpack_post_was_ever_published":false,"_members_access_role":[],"_members_access_error":""},"categories":[878,142],"tags":[1001,1005],"class_list":["post-5349","post","type-post","status-publish","format-standard","has-post-thumbnail","category-navigarea-in-danemarca","category-povesti-nespuse","tag-diversitate-si-incluziune","tag-implicare"],"acf":[],"jetpack_sharing_enabled":true,"jetpack-related-posts":[{"id":3342,"url":"https:\/\/lwid.dk\/ro\/castelul-lui-dracula-din-transilvania-ofera-gratuit-vaccin-covid-19\/","url_meta":{"origin":5349,"position":0},"title":"\u201eCastelul lui Dracula\u201d din Transilvania ofer\u0103 gratuit vaccin Covid-19","author":"Sorina Floroiu","date":"24 iunie 2021","format":false,"excerpt":"Articol publicat in DR P3 Nyhederne, la data de 24 iunie 2021 Mult\u0103 putere european\u0103 va fi concentrat\u0103 \u00eentr-un loc foarte mic \u00een urm\u0103toarele c\u00e2teva zile, summitul UE. Aici \u0219efii de stat vor vorbi despre cum decurge lupta \u00eempotriva virusului corona \u0219i ce putem \u00eenv\u0103\u021ba din pandemie. Printre altele, ei\u2026","rel":"","context":"\u00cen \u201eNavigarea \u00een Danemarca\u201d","block_context":{"text":"Navigarea \u00een Danemarca","link":"https:\/\/lwid.dk\/ro\/category\/navigarea-in-danemarca\/"},"img":{"alt_text":"","src":"https:\/\/i0.wp.com\/lwid.dk\/wp-content\/uploads\/2023\/10\/13.-DACIA-SUCCES.png?resize=350%2C200&ssl=1","width":350,"height":200},"classes":[]},{"id":5328,"url":"https:\/\/lwid.dk\/ro\/vizita-romaneasca-la-constructia-unui-tunel\/","url_meta":{"origin":5349,"position":1},"title":"Vizit\u0103 rom\u00e2neasc\u0103 la construc\u021bia unui tunel","author":"Sorina Floroiu","date":"18 martie 2022","format":false,"excerpt":"Articol publicat in Lolland-Falsters Folketldende la data de 18 martie 2022.\u00a0 O delega\u021bie rom\u00e2neasc\u0103 \u0219i ambasadorul Rom\u00e2niei \u00een Danemarca au vizitat ieri Femern A\/S \u0219i \u0219antierul tunelului. R\u00d8DBYHAVN O delega\u021bie de la omologul rom\u00e2n al Institutului de Cercetare \u00een Construc\u021bii al Statului a vizitat ieri Femern A\/S \u0219i Proiectul Femern\u2026","rel":"","context":"\u00cen \u201eNavigarea \u00een Danemarca\u201d","block_context":{"text":"Navigarea \u00een Danemarca","link":"https:\/\/lwid.dk\/ro\/category\/navigarea-in-danemarca\/"},"img":{"alt_text":"","src":"https:\/\/i0.wp.com\/lwid.dk\/wp-content\/uploads\/2023\/11\/10.-RUMAENSK-BESOG.png?resize=350%2C200&ssl=1","width":350,"height":200,"srcset":"https:\/\/i0.wp.com\/lwid.dk\/wp-content\/uploads\/2023\/11\/10.-RUMAENSK-BESOG.png?resize=350%2C200&ssl=1 1x, https:\/\/i0.wp.com\/lwid.dk\/wp-content\/uploads\/2023\/11\/10.-RUMAENSK-BESOG.png?resize=525%2C300&ssl=1 1.5x"},"classes":[]},{"id":4151,"url":"https:\/\/lwid.dk\/ro\/experientele-culturale-dau-aripi-de-viata\/","url_meta":{"origin":5349,"position":2},"title":"Experien\u021bele culturale dau aripi de via\u021b\u0103","author":"Sorina Floroiu","date":"11 iulie 2021","format":false,"excerpt":"Articol publicat in JydskeVestkysten Kolding (Livsstil) Side 12, la data de 11 iulie 2021 Rezumat \u00cen acest text, actri\u021ba, dramaturgul \u0219i romancierul Astrid Saalbach subliniaz\u0103 importan\u021ba experien\u021belor culturale \u00een via\u021ba sa, descriindu-le ca pe o necesitate care adaug\u0103 valoare \u0219i profunzime vie\u021bii. Ea regret\u0103 perioada \u00een care evenimentele culturale au\u2026","rel":"","context":"\u00cen \u201eCultur\u0103\u201d","block_context":{"text":"Cultur\u0103","link":"https:\/\/lwid.dk\/ro\/category\/navigarea-in-danemarca\/cultura\/"},"img":{"alt_text":"","src":"https:\/\/i0.wp.com\/lwid.dk\/wp-content\/uploads\/2023\/10\/21.png?resize=350%2C200&ssl=1","width":350,"height":200,"srcset":"https:\/\/i0.wp.com\/lwid.dk\/wp-content\/uploads\/2023\/10\/21.png?resize=350%2C200&ssl=1 1x, https:\/\/i0.wp.com\/lwid.dk\/wp-content\/uploads\/2023\/10\/21.png?resize=525%2C300&ssl=1 1.5x"},"classes":[]},{"id":5401,"url":"https:\/\/lwid.dk\/ro\/din-aars-in-romania-pentru-a-ajuta-in-agricultura\/","url_meta":{"origin":5349,"position":3},"title":"Din Aars \u00een Rom\u00e2nia pentru a ajuta \u00een agricultur\u0103","author":"Sorina Floroiu","date":"2 noiembrie 2022","format":false,"excerpt":"Articol publicat \u00een Aars Avis la data de 2 noiembrie 2022. Rezumat Colaborarea dintre Aars \u0219i Ia\u0219i are o istorie de 22 de ani. Vittus Bernlow a vizitat pentru prima dat\u0103 \u0219coala agricol\u0103 din Ia\u0219i acum dou\u0103 decenii. Ora\u0219ul, cu peste 300.000 de locuitori, se afl\u0103 la aproximativ 10 kilometri\u2026","rel":"","context":"\u00cen \u201eNavigarea \u00een Danemarca\u201d","block_context":{"text":"Navigarea \u00een Danemarca","link":"https:\/\/lwid.dk\/ro\/category\/navigarea-in-danemarca\/"},"img":{"alt_text":"","src":"https:\/\/i0.wp.com\/lwid.dk\/wp-content\/uploads\/2023\/11\/21.-Aars.png?resize=350%2C200&ssl=1","width":350,"height":200,"srcset":"https:\/\/i0.wp.com\/lwid.dk\/wp-content\/uploads\/2023\/11\/21.-Aars.png?resize=350%2C200&ssl=1 1x, https:\/\/i0.wp.com\/lwid.dk\/wp-content\/uploads\/2023\/11\/21.-Aars.png?resize=525%2C300&ssl=1 1.5x"},"classes":[]},{"id":2976,"url":"https:\/\/lwid.dk\/ro\/fratele-si-sora-s-au-casatorit-fiecare-cu-partenerul-ales-bror-og-soster-viet-med-hver-deres-udkarne\/","url_meta":{"origin":5349,"position":4},"title":"Fratele \u0219i sora s-au c\u0103s\u0103torit &#8211; fiecare cu partenerul ales \/ Bror og s\u00f8ster viet &#8211; med hver deres udk\u00e5rne","author":"Sorina Floroiu","date":"20 ianuarie 2020","format":false,"excerpt":"Articol publicat in fyens.dk la data de 20 januarie 2020 Subiectul articolului: Dou\u0103 cupluri inedite s-au c\u0103s\u0103torit la prim\u0103ria din Assens, fiecare frate \u0219i sor\u0103 aduc\u00e2ndu-\u0219i propriul partener. Jan \u0219i Helle, precum \u0219i Daniel \u0219i Diana, au hot\u0103r\u00e2t s\u0103-\u0219i uneasc\u0103 destinele \u00eentr-o ceremonie neobi\u0219nuit\u0103. Jan a f\u0103cut senza\u021bie purt\u00e2nd o\u2026","rel":"","context":"\u00cen \u201eNavigarea \u00een Danemarca\u201d","block_context":{"text":"Navigarea \u00een Danemarca","link":"https:\/\/lwid.dk\/ro\/category\/navigarea-in-danemarca\/"},"img":{"alt_text":"","src":"https:\/\/i0.wp.com\/lwid.dk\/wp-content\/uploads\/2023\/11\/2.-Bror-og-soster-viet.jpg?resize=350%2C200&ssl=1","width":350,"height":200},"classes":[]},{"id":5287,"url":"https:\/\/lwid.dk\/ro\/romanii-salveaza-afacerea-din-criza-locurilor-de-munca-dupa-anul-cel-mai-salbatic\/","url_meta":{"origin":5349,"position":5},"title":"Rom\u00e2nii salveaz\u0103 afacerea din criza locurilor de munc\u0103 dup\u0103 &#8222;anul cel mai s\u0103lbatic&#8221;","author":"Sorina Floroiu","date":"21 ianuarie 2022","format":false,"excerpt":"Articol publicat in Metal-Supply.dk la data de 21 ianuarie 2022 Rezumat:\u00a0 \u00centr-un an tumultuos marcat de pandemia de COVID-19, HAI Horsens, o companie danez\u0103 de familie specializat\u0103 \u00een prelucrarea suprafe\u021belor de aluminiu, a avut dificult\u0103\u021bi cu lipsa de for\u021b\u0103 de munc\u0103. Dup\u0103 concedierea a aproximativ o treime din angaja\u021bi, compania\u2026","rel":"","context":"\u00cen \u201eNavigarea \u00een Danemarca\u201d","block_context":{"text":"Navigarea \u00een Danemarca","link":"https:\/\/lwid.dk\/ro\/category\/navigarea-in-danemarca\/"},"img":{"alt_text":"","src":"https:\/\/i0.wp.com\/lwid.dk\/wp-content\/uploads\/2023\/11\/4.-RUMAENERE-REDDER.png?resize=350%2C200&ssl=1","width":350,"height":200,"srcset":"https:\/\/i0.wp.com\/lwid.dk\/wp-content\/uploads\/2023\/11\/4.-RUMAENERE-REDDER.png?resize=350%2C200&ssl=1 1x, https:\/\/i0.wp.com\/lwid.dk\/wp-content\/uploads\/2023\/11\/4.-RUMAENERE-REDDER.png?resize=525%2C300&ssl=1 1.5x"},"classes":[]}],"jetpack_featured_media_url":"https:\/\/lwid.dk\/wp-content\/uploads\/2023\/11\/13.-Vizita-tineri-romani-.png","_links":{"self":[{"href":"https:\/\/lwid.dk\/ro\/wp-json\/wp\/v2\/posts\/5349","targetHints":{"allow":["GET"]}}],"collection":[{"href":"https:\/\/lwid.dk\/ro\/wp-json\/wp\/v2\/posts"}],"about":[{"href":"https:\/\/lwid.dk\/ro\/wp-json\/wp\/v2\/types\/post"}],"author":[{"embeddable":true,"href":"https:\/\/lwid.dk\/ro\/wp-json\/wp\/v2\/users\/11"}],"replies":[{"embeddable":true,"href":"https:\/\/lwid.dk\/ro\/wp-json\/wp\/v2\/comments?post=5349"}],"version-history":[{"count":2,"href":"https:\/\/lwid.dk\/ro\/wp-json\/wp\/v2\/posts\/5349\/revisions"}],"predecessor-version":[{"id":28716,"href":"https:\/\/lwid.dk\/ro\/wp-json\/wp\/v2\/posts\/5349\/revisions\/28716"}],"wp:featuredmedia":[{"embeddable":true,"href":"https:\/\/lwid.dk\/ro\/wp-json\/wp\/v2\/media\/5350"}],"wp:attachment":[{"href":"https:\/\/lwid.dk\/ro\/wp-json\/wp\/v2\/media?parent=5349"}],"wp:term":[{"taxonomy":"category","embeddable":true,"href":"https:\/\/lwid.dk\/ro\/wp-json\/wp\/v2\/categories?post=5349"},{"taxonomy":"post_tag","embeddable":true,"href":"https:\/\/lwid.dk\/ro\/wp-json\/wp\/v2\/tags?post=5349"}],"curies":[{"name":"wp","href":"https:\/\/api.w.org\/{rel}","templated":true}]}}