{"id":5370,"date":"2022-05-27T12:02:00","date_gmt":"2022-05-27T11:02:00","guid":{"rendered":"https:\/\/lwid.dk\/?p=5370"},"modified":"2026-09-01T18:00:52","modified_gmt":"2026-09-01T17:00:52","slug":"tatal-si-fiul-pregatiti-sa-culeaga-350-000-de-ladite-de-capsuni","status":"publish","type":"post","link":"https:\/\/lwid.dk\/ro\/tatal-si-fiul-pregatiti-sa-culeaga-350-000-de-ladite-de-capsuni\/","title":{"rendered":"Tat\u0103l \u0219i fiul preg\u0103ti\u021bi s\u0103 culeag\u0103 350.000 de l\u0103di\u021be de c\u0103p\u0219uni"},"content":{"rendered":"\r\n<p class=\"wp-block-paragraph\">Articol publicat in Fyens Stiftstidende Sektion 2\u00a0 la data de 27 mai 2022.<\/p>\r\n\r\n\r\n\r\n<figure class=\"wp-block-image size-full\"><img loading=\"lazy\" decoding=\"async\" width=\"533\" height=\"714\" class=\"wp-image-5371\" src=\"https:\/\/lwid.dk\/wp-content\/uploads\/2023\/11\/16.Capsuni-.png\" alt=\"\" srcset=\"https:\/\/lwid.dk\/wp-content\/uploads\/2023\/11\/16.Capsuni-.png 533w, https:\/\/lwid.dk\/wp-content\/uploads\/2023\/11\/16.Capsuni--224x300.png 224w, https:\/\/lwid.dk\/wp-content\/uploads\/2023\/11\/16.Capsuni--150x201.png 150w, https:\/\/lwid.dk\/wp-content\/uploads\/2023\/11\/16.Capsuni--300x402.png 300w\" sizes=\"auto, (max-width: 533px) 100vw, 533px\" \/><\/figure>\r\n\r\n\r\n\r\n<p class=\"wp-block-paragraph\">Rezumat:<\/p>\r\n\r\n\r\n\r\n<p class=\"wp-block-paragraph\">Familia Mikkelsen de la Vesemosegaard, din Vestfyn, este responsabil\u0103 pentru o parte din c\u0103p\u0219unile daneze de c\u00e2mp pe care le g\u0103sim \u00een supermarketuri \u0219i alte locuri. \u00cen urm\u0103 cu c\u00e2teva zile, au pus \u00een v\u00e2nzare primele c\u0103p\u0219uni ale anului, iar \u00een lunile aglomerate ce vor urma, aproximativ 60 de rom\u00e2ni vor ajuta la recoltarea celor mai multe tone de fructe.<\/p>\r\n\r\n\r\n\r\n<p class=\"wp-block-paragraph\">Articol integral:<\/p>\r\n\r\n\r\n\r\n<p class=\"wp-block-paragraph\">O parte din c\u0103p\u0219unile de c\u00e2mp daneze, pe care le cump\u0103r\u0103m \u00een supermarket sau \u00een alte locuri, provin de la Vesemosegaard din Vestfyn. Cu c\u00e2teva zile \u00een urm\u0103, primele c\u0103p\u0219uni din recolta anului au fost puse \u00een v\u00e2nzare. \u00cen lunile aglomerate care urmeaz\u0103, aproximativ 60 de rom\u00e2ni vor ajuta la culesul celor mai multe tone de fructe.<\/p>\r\n\r\n\r\n\r\n<p class=\"wp-block-paragraph\">VOLDTOFTE: Atunci c\u00e2nd tat\u0103l \u0219i fiul, Peder \u0219i Niels Mikkelsen, au fost supu\u0219i unor investiga\u021bii asem\u0103n\u0103toare \u0219tiin\u021bificului fic\u021biunii cu inten\u021bia de a determina dac\u0103 \u00een s\u00e2ngele lor ar putea exista un secret, nu se poate exclude ca culoarea ro\u0219ie din s\u00e2ngele lor s\u0103 provin\u0103 tocmai de la c\u0103p\u0219uni.<\/p>\r\n\r\n\r\n\r\n<p class=\"wp-block-paragraph\">Nu este nevoie de mult\u0103 convingere pentru ca, \u00een scopul imaginii \u0219i aproape ca un gest simbolic, s\u0103 se aplece \u00een fa\u021ba celor aproximativ 500.000 de plante de c\u0103p\u0219uni r\u0103sp\u00e2ndite pe o suprafa\u021b\u0103 de 16 hectare pe care le au pe c\u00e2mpurile din jurul Vesemosegaard. Ferma este situat\u0103 \u00een apropiere de Voldtofte.<\/p>\r\n\r\n\r\n\r\n<p class=\"wp-block-paragraph\">Jum\u0103tate de milion de plante sun\u0103 impresionant. Tradus \u00een realitatea c\u0103p\u0219unilor daneze, este o produc\u021bie de dimensiuni medii.<\/p>\r\n\r\n\r\n\r\n<p class=\"wp-block-paragraph\">\u00cen timp ce al\u021bii asociaz\u0103 c\u0103p\u0219unile de var\u0103 cu fri\u0219c\u0103, pentru Peder \u0219i Niels Mikkelsen, acesta este mai degrab\u0103 asociat cu un alt cuv\u00e2nt care \u00eencepe cu litera &#8216;a&#8217;: afacere.<\/p>\r\n\r\n\r\n\r\n<p class=\"wp-block-paragraph\">Aproximativ jum\u0103tate din veniturile generate de ferm\u0103 provin din v\u00e2nzarea c\u0103p\u0219unilor. \u00cen rest, activitatea este construit\u0103 \u00een jurul altor culturi, cum ar fi gr\u00e2u, fasole, maz\u0103re, dovleac, cartofi, zmeur\u0103 \u0219i rubarb\u0103.<\/p>\r\n\r\n\r\n\r\n<p class=\"wp-block-paragraph\">Acum \u00eencepe num\u0103r\u0103toarea invers\u0103.<\/p>\r\n\r\n\r\n\r\n<p class=\"wp-block-paragraph\">La \u00eenceputul s\u0103pt\u0103m\u00e2nii, au fost culese primele c\u0103p\u0219uni de c\u00e2mp ale anului \u0219i au fost puse \u00een v\u00e2nzare. Astfel, por\u021bile au fost deschise pentru sezon, deoarece mul\u021bi iubitori de c\u0103p\u0219uni nu recunosc c\u0103p\u0219unile crescute \u00een sere ca fiind valabile \u00een aceast\u0103 ecua\u021bie.<\/p>\r\n\r\n\r\n\r\n<p class=\"wp-block-paragraph\">-Se poate spune c\u0103 avem o singur\u0103 \u00eencercare. C\u00e2nd sezonul se \u00eencheie, nu mai avem posibilitatea s\u0103 schimb\u0103m lucrurile, constat\u0103 Peder Mikkelsen.<\/p>\r\n\r\n\r\n\r\n<p class=\"wp-block-paragraph\">Perioada de acum p\u00e2n\u0103 la \u00eenceputul lunii august va fi crucial\u0103.<\/p>\r\n\r\n\r\n\r\n<p class=\"wp-block-paragraph\">\u0218i care va fi gustul acestor c\u0103p\u0219uni pe care ne a\u0219tept\u0103m s\u0103 le savur\u0103m \u00een perioada urm\u0103toare? R\u0103spunsul la aceast\u0103 \u00eentrebare central\u0103 va trebui \u00eemp\u0103r\u021bit \u00een mai multe p\u0103r\u021bi. Pe de o parte, sunt circumstan\u021bele pe care un cultivator le poate controla. Pe de alt\u0103 parte, sunt circumstan\u021bele \u00een care poate fi implicat doar Dumnezeu.<\/p>\r\n\r\n\r\n\r\n<p class=\"wp-block-paragraph\">Starea lucrurilor este c\u0103 lucrurile arat\u0103 bine.<\/p>\r\n\r\n\r\n\r\n<p class=\"wp-block-paragraph\">Chiar foarte bine. Prim\u0103vara, cu perioade lungi f\u0103r\u0103 ploi semnificative, a fost \u00eembun\u0103t\u0103\u021bit\u0103 prin iriga\u021bii.<\/p>\r\n\r\n\r\n\r\n<p class=\"wp-block-paragraph\">-Nu cred c\u0103 am irigat vreodat\u0103 at\u00e2t de devreme \u0219i de mult ca \u00een acest an, spune Peter Mikkelsen.<\/p>\r\n\r\n\r\n\r\n<p class=\"wp-block-paragraph\">Prin urmare, c\u0103p\u0219unile, \u00een cea mai mare parte a soiului Allegro, sunt acolo unde trebuie s\u0103 fie \u00een prezent.<\/p>\r\n\r\n\r\n\r\n<p class=\"wp-block-paragraph\">Dup\u0103 aceasta, este vorba s\u0103 se adapteze \u0219i s\u0103 ac\u021bioneze hot\u0103r\u00e2t \u00een func\u021bie de vreme, a\u0219a cum va fi ea \u00een perioada urm\u0103toare.<\/p>\r\n\r\n\r\n\r\n<p class=\"wp-block-paragraph\">Pu\u021bin soare \u00eenseamn\u0103 c\u0103 aproape totul se schimb\u0103. \u00cen acest caz, c\u0103p\u0219unile se coc \u00eentr-un ritm record, iar arta const\u0103 \u00een a reu\u0219i s\u0103 culegi toate fructele coapte la timp.<\/p>\r\n\r\n\r\n\r\n<p class=\"wp-block-paragraph\">Dar dac\u0103 plou\u0103, trebuie evaluat dac\u0103 are sens s\u0103 culegi. C\u0103p\u0219unile sunt umede, iar cutiile \u00een care sunt a\u0219ezate riscau s\u0103 devin\u0103 la fel de umede, transform\u00e2nd produsul \u00eentr-unul l\u0103sat moale.<\/p>\r\n\r\n\r\n\r\n<p class=\"wp-block-paragraph\">Rom\u00e2nii devota\u021bi\u00a0<\/p>\r\n\r\n\r\n\r\n<p class=\"wp-block-paragraph\">De-a lungul multor ani, Vesemosegaard a avut avantajul unui grup devotat de lucr\u0103tori sezonieri rom\u00e2ni. Cu rota\u021bia natural\u0103 care are loc acum, echipa vine \u00een fiecare an \u0219i c\u00e2\u0219tig\u0103 \u00een c\u00e2teva luni mai mult \u00een Danemarca dec\u00e2t ar putea s\u0103-\u0219i c\u00e2\u0219tige existen\u021ba \u00een \u021bara natal\u0103 pe tot parcursul anului.<\/p>\r\n\r\n\r\n\r\n<p class=\"wp-block-paragraph\">Duminic\u0103 vor sosi cei aproximativ 60 de rom\u00e2ni. Jytte Mikkelsen, responsabil\u0103 cu gestionarea acestei p\u0103r\u021bi a afacerii cu c\u0103p\u0219uni, spune c\u0103 a fost pu\u021bin \u00een dubiu. Ar fi trebuit s\u0103 a\u0219tepte \u00eenc\u0103 o s\u0103pt\u0103m\u00e2n\u0103 p\u00e2n\u0103 s\u0103 vin\u0103 ei. Acum c\u00e2teva zile era vreme frumoas\u0103, acum temperatura a sc\u0103zut, a plouat, \u0219i poate nu vor fi at\u00e2t de multe de cules \u00een momentul sosirii lor.<\/p>\r\n\r\n\r\n\r\n<p class=\"wp-block-paragraph\">Este a\u0219a cum obi\u0219nuie\u0219te s\u0103 fie pentru familia Mikkelsen.<\/p>\r\n\r\n\r\n\r\n<p class=\"wp-block-paragraph\">Prognozele meteo sunt verificate de mai multe ori pe zi. C\u0103p\u0219unile sunt culturi sensibile cu care nu se glume\u0219te. Cel pu\u021bin nu dac\u0103 e\u0219ti preocupat s\u0103 ob\u021bii randamentul cel mai \u00eenalt posibil.<\/p>\r\n\r\n\r\n\r\n<p class=\"wp-block-paragraph\">Peste 60 de cutii pe or\u0103. Dac\u0103 totul merge a\u0219a cum trebuie, vor fi v\u00e2ndute \u00een timpul verii aproximativ 350.000 de cutii de c\u0103p\u0219uni de la Vesemosegaard.<\/p>\r\n\r\n\r\n\r\n<p class=\"wp-block-paragraph\">Toate culese manual. \u00cen acest context, poate este relevant s\u0103 men\u021bion\u0103m c\u00e2t timp dureaz\u0103 s\u0103 culegi o cutie de jum\u0103tate de kilogram de c\u0103p\u0219uni pentru un culeg\u0103tor maestru rom\u00e2n. Aici, chiar \u0219i cel mai bun \u0219i mai energic auto-culeg\u0103tor cu greu ar putea \u021bine pasul.<\/p>\r\n\r\n\r\n\r\n<p class=\"wp-block-paragraph\">-Dac\u0103 merge foarte bine, pot culege 60-70 de cutii pe or\u0103, spune Niels Mikkelsen \u0219i adaug\u0103 c\u0103 a trecut mult timp de c\u00e2nd Vesemosegaard ofer\u0103, ca parte a afacerii, oportunitatea celor priva\u021bi de a veni \u0219i de a culege.<\/p>\r\n\r\n\r\n\r\n<p class=\"wp-block-paragraph\">Anul acesta se \u00eemplinesc 25 de ani de c\u00e2nd Peder \u0219i Jytte Mikkelsen au \u00eenceput s\u0103 cultive c\u0103p\u0219uni. Pentru c\u0103, \u00eent\u00e2mpl\u0103tor, s-a potrivit foarte bine cu tufi\u0219urile de zmeur\u0103 pe care le aveau deja. De atunci, afacerea s-a dezvoltat \u00een principalul pilon al func\u021bion\u0103rii fermei. Trebuie recoltate aproximativ 175 de tone \u00een acest an.<\/p>\r\n\r\n\r\n\r\n<p class=\"wp-block-paragraph\">Tot timpul este important s\u0103 se optimizeze \u00een toate direc\u021biile.<\/p>\r\n\r\n\r\n\r\n<p class=\"wp-block-paragraph\">Nu ies din mod\u0103 niciodat\u0103\u00a0<\/p>\r\n\r\n\r\n\r\n<p class=\"wp-block-paragraph\">Intervalul de timp de la recoltarea c\u0103p\u0219unilor p\u00e2n\u0103 c\u00e2nd ajung la consumatori este c\u00e2t se poate de scurt.<\/p>\r\n\r\n\r\n\r\n<p class=\"wp-block-paragraph\">Se \u00eent\u00e2mpl\u0103 \u00een mai pu\u021bin de o zi. Sunt lucruri la care Niels Mikkelsen se g\u00e2nde\u0219te: chiar dac\u0103 este bine acum, poate deveni \u0219i mai bine.<\/p>\r\n\r\n\r\n\r\n<p class=\"wp-block-paragraph\">Planul este ca, \u00een c\u00e2\u021biva ani, s\u0103 preia ferma p\u0103rin\u021bilor s\u0103i \u0219i, astfel, oficial \u0219i afacerea cu c\u0103p\u0219uni, care ast\u0103zi s-a diversificat \u0219i a ajuns s\u0103 aib\u0103 diverse standuri, printre altele, la brut\u0103ria din Haarby.<\/p>\r\n\r\n\r\n\r\n<p class=\"wp-block-paragraph\">Indiferent unde cand un poten\u021bial client \u00eent\u00e2lne\u0219te c\u0103p\u0219uni de la Vesemosegaard, mesajul de la tat\u0103 \u0219i fiu este: &#8222;Vremea frumoas\u0103 este vremea c\u0103p\u0219unilor&#8221;.<\/p>\r\n\r\n\r\n\r\n<p class=\"wp-block-paragraph\">Practic, nu mai trebuie s\u0103 spui nimic, spune Niels Mikkelsen.<\/p>\r\n\r\n\r\n\r\n<p class=\"wp-block-paragraph\">Dup\u0103 care exist\u0103 \u0219i pu\u021bin\u0103 t\u0103cere, \u00eenainte ca Peder Mikkelsen s\u0103 r\u0103spund\u0103: &#8222;Nu trebuie s\u0103 faci reclam\u0103 pentru c\u0103p\u0219uni. Niciodat\u0103 nu ies din mod\u0103.&#8221;<\/p>\r\n","protected":false},"excerpt":{"rendered":"<p>Articol publicat in Fyens Stiftstidende Sektion 2\u00a0 la data de 27 mai 2022. Rezumat: Familia Mikkelsen de la Vesemosegaard, din Vestfyn, este responsabil\u0103 pentru o parte din c\u0103p\u0219unile daneze de c\u00e2mp pe care le g\u0103sim \u00een supermarketuri \u0219i alte locuri. \u00cen urm\u0103 cu c\u00e2teva zile, au pus \u00een v\u00e2nzare primele c\u0103p\u0219uni ale anului, iar \u00een [&hellip;]<\/p>\n","protected":false},"author":11,"featured_media":5371,"comment_status":"open","ping_status":"closed","sticky":false,"template":"","format":"standard","meta":{"_acf_changed":false,"_themeisle_gutenberg_block_has_review":false,"_jetpack_newsletter_access":"","_jetpack_dont_email_post_to_subs":false,"_jetpack_newsletter_tier_id":0,"_jetpack_memberships_contains_paywalled_content":false,"_jetpack_feature_clip_id":0,"_jetpack_memberships_contains_paid_content":false,"footnotes":"","jetpack_post_was_ever_published":false,"_members_access_role":[],"_members_access_error":""},"categories":[878,142],"tags":[536,996,1012],"class_list":["post-5370","post","type-post","status-publish","format-standard","has-post-thumbnail","category-navigarea-in-danemarca","category-povesti-nespuse","tag-agricultura-si-ferma","tag-alimente-si-bauturi","tag-ocuparea-fortei-de-munca"],"acf":[],"jetpack_sharing_enabled":true,"jetpack-related-posts":[{"id":707,"url":"https:\/\/lwid.dk\/articol-8-gradinita-inscrierea-la-gradinita\/","url_meta":{"origin":5370,"position":0},"title":"Articol 8: Gr\u0103dini\u021ba. \u00censcrierea la gr\u0103dini\u021b\u0103.","author":"Alina Racila","date":"14 mai 2022","format":false,"excerpt":"Dragi p\u0103rin\u021bi \u0219i copii, urm\u0103toarea serie de articole se va axa pe tema \u201dGr\u0103dini\u021ba \u0219i copiii \u00eentre 3-6 ani\u201d \u00een care, din experien\u021ba proprie, \u00een calitate de traduc\u0103tor la gradini\u021be \u0219i \u0219coli, dar \u0219i p\u0103rinte, voi descrie acele momente care sunt important de cunoscut pentru p\u0103rin\u021bi cu copii \u00eentre 3-6\u2026","rel":"","context":"Articol similar","block_context":{"text":"Articol similar","link":""},"img":{"alt_text":"","src":"","width":0,"height":0},"classes":[]},{"id":3222,"url":"https:\/\/lwid.dk\/ro\/verdensmand-rumaensk-respekt\/","url_meta":{"origin":5370,"position":1},"title":"Verdensmand. Rum\u00e6nsk respekt","author":"Sorina Floroiu","date":"22 noiembrie 2020","format":false,"excerpt":"Articol publicat \u00een Ekstra Bladet la data de 22 noiembrie 2020 Subiectul articolului:\u00a0 Constantin Galca, un antrenor de fotbal din Rom\u00e2nia, se simte acas\u0103 \u00een Vejle, Danemarca, unde conduce echipa de fotbal. El a fost juc\u0103tor \u00een echipa na\u021bional\u0103 a Rom\u00e2niei \u0219i a participat la patru turnee finale. Ca antrenor,\u2026","rel":"","context":"\u00cen \u201eNavigarea \u00een Danemarca\u201d","block_context":{"text":"Navigarea \u00een Danemarca","link":"https:\/\/lwid.dk\/ro\/category\/navigarea-in-danemarca\/"},"img":{"alt_text":"","src":"https:\/\/i0.wp.com\/lwid.dk\/wp-content\/uploads\/2023\/10\/30.-Rumaensk-respekt.png?resize=350%2C200&ssl=1","width":350,"height":200,"srcset":"https:\/\/i0.wp.com\/lwid.dk\/wp-content\/uploads\/2023\/10\/30.-Rumaensk-respekt.png?resize=350%2C200&ssl=1 1x, https:\/\/i0.wp.com\/lwid.dk\/wp-content\/uploads\/2023\/10\/30.-Rumaensk-respekt.png?resize=525%2C300&ssl=1 1.5x"},"classes":[]},{"id":4282,"url":"https:\/\/lwid.dk\/ro\/fiica-adolescenta-a-luat-decizia-si-si-a-adunat-familia-de-romani-la-skagen\/","url_meta":{"origin":5370,"position":2},"title":"Fiica adolescent\u0103 a luat decizia &#8211; \u0219i \u0219i-a adunat familia de rom\u00e2ni la Skagen","author":"Sorina Floroiu","date":"23 decembrie 2021","format":false,"excerpt":"Articol publicat in Politiken Sektion 1 Side 8, la data de 23 decembrie 2021 Rezumat Articolul descrie experien\u021ba familiei de rom\u00e2ni Cristian din Skagen, Danemarca, \u0219i modul \u00een care municipalitatea Frederikshavn ajut\u0103 familiile str\u0103ine s\u0103 se stabileasc\u0103 \u00een zon\u0103 pentru a acoperi lipsa de for\u021b\u0103 de munc\u0103. Articolul subliniaz\u0103 faptul\u2026","rel":"","context":"\u00cen \u201eNavigarea \u00een Danemarca\u201d","block_context":{"text":"Navigarea \u00een Danemarca","link":"https:\/\/lwid.dk\/ro\/category\/navigarea-in-danemarca\/"},"img":{"alt_text":"","src":"https:\/\/i0.wp.com\/lwid.dk\/wp-content\/uploads\/2023\/10\/44.png?resize=350%2C200&ssl=1","width":350,"height":200},"classes":[]},{"id":4165,"url":"https:\/\/lwid.dk\/ro\/nu-uita-sa-le-multumesti-polonezilor-si-romanilor\/","url_meta":{"origin":5370,"position":3},"title":"Nu uita s\u0103 le mul\u021bume\u0219ti polonezilor \u0219i rom\u00e2nilor","author":"Sorina Floroiu","date":"29 iulie 2021","format":false,"excerpt":"Articol publicat in Berlingske Sektion 1 Side 2, la data de 29 iulie 2021 Rezumat Ministrul Ocup\u0103rii For\u021bei de Munc\u0103 din Danemarca, Peter Hummelgaard, a s\u0103rb\u0103torit cre\u0219terea ocup\u0103rii for\u021bei de munc\u0103 \u00een \u021bar\u0103, afirm\u00e2nd c\u0103 politica de criz\u0103 a func\u021bionat bine. Cu toate acestea, un editorial subliniaz\u0103 c\u0103 aceast\u0103 cre\u0219tere\u2026","rel":"","context":"\u00cen \u201eNavigarea \u00een Danemarca\u201d","block_context":{"text":"Navigarea \u00een Danemarca","link":"https:\/\/lwid.dk\/ro\/category\/navigarea-in-danemarca\/"},"img":{"alt_text":"","src":"https:\/\/i0.wp.com\/lwid.dk\/wp-content\/uploads\/2023\/10\/23-1.png?resize=350%2C200&ssl=1","width":350,"height":200,"srcset":"https:\/\/i0.wp.com\/lwid.dk\/wp-content\/uploads\/2023\/10\/23-1.png?resize=350%2C200&ssl=1 1x, https:\/\/i0.wp.com\/lwid.dk\/wp-content\/uploads\/2023\/10\/23-1.png?resize=525%2C300&ssl=1 1.5x"},"classes":[]},{"id":15938,"url":"https:\/\/lwid.dk\/ro\/perspective-asupra-stilului-de-viata-danez-saptamana-15\/","url_meta":{"origin":5370,"position":4},"title":"Perspective asupra stilului de via\u021b\u0103 danez &#8211; S\u0103pt\u0103m\u00e2na 15","author":"Catalina Anapios","date":"14 aprilie 2024","format":false,"excerpt":"Scutura\u021bi-v\u0103 p\u0103turile de picnic - soarele str\u0103luce\u0219te \u0219i este timpul de ie\u0219it la iarb\u0103 verde! \u0218tiai c\u0103 picnicurile sunt at\u00e2t de daneze \u00eenc\u00e2t au jucat \u0219i un rol \u00een originea sm\u00f8rrebr\u00f8d-ului, cel mai faimos fel de m\u00e2ncare din \u021bar\u0103? Aceasta const\u0103 \u00een p\u00e2ine neagr\u0103 cu toppinguri precum ou, cartofi, somon\u2026","rel":"","context":"\u00cen \u201eNavigarea \u00een Danemarca\u201d","block_context":{"text":"Navigarea \u00een Danemarca","link":"https:\/\/lwid.dk\/ro\/category\/navigarea-in-danemarca\/"},"img":{"alt_text":"Viata de zi cu zi in Danemarca Last Week in Denmark","src":"https:\/\/i0.wp.com\/lwid.dk\/wp-content\/uploads\/2023\/12\/Viata-de-zi-cu-zi-in-Danemarca.jpg?resize=350%2C200&ssl=1","width":350,"height":200,"srcset":"https:\/\/i0.wp.com\/lwid.dk\/wp-content\/uploads\/2023\/12\/Viata-de-zi-cu-zi-in-Danemarca.jpg?resize=350%2C200&ssl=1 1x, https:\/\/i0.wp.com\/lwid.dk\/wp-content\/uploads\/2023\/12\/Viata-de-zi-cu-zi-in-Danemarca.jpg?resize=525%2C300&ssl=1 1.5x"},"classes":[]},{"id":2992,"url":"https:\/\/lwid.dk\/ro\/romanul-viorel-locuieste-si-lucreaza-in-danemarca-dar-primeste-un-salariu-mai-mic-decat-colegii-sai-danezi-rumaenske-viorel-bor-og-arbejder-i-danmark-men-far-lavere-lon-end-sine-danske-kollegaer\/","url_meta":{"origin":5370,"position":5},"title":"Rom\u00e2nul Viorel locuie\u0219te \u0219i lucreaz\u0103 \u00een Danemarca &#8211; dar prime\u0219te un salariu mai mic dec\u00e2t colegii s\u0103i danezi \/ Rum\u00e6nske Viorel bor og arbejder i Danmark &#8211; men f\u00e5r lavere l\u00f8n end sine danske kollegaer","author":"Sorina Floroiu","date":"3 februarie 2020","format":false,"excerpt":"Articol publicat in DR.dk la data de 3 februarie 2020 Traducere: Rom\u00e2nul Viorel locuie\u0219te \u0219i lucreaz\u0103 \u00een Danemarca - dar prime\u0219te un salariu mai mic dec\u00e2t colegii s\u0103i danezi Salariul minim este un punct crucial de disput\u0103 \u00een negocierile contractuale. Viorel Oprea este originar din Rom\u00e2nia \u0219i locuie\u0219te \u00eempreun\u0103 cu\u2026","rel":"","context":"\u00cen \u201eNavigarea \u00een Danemarca\u201d","block_context":{"text":"Navigarea \u00een Danemarca","link":"https:\/\/lwid.dk\/ro\/category\/navigarea-in-danemarca\/"},"img":{"alt_text":"","src":"https:\/\/i0.wp.com\/lwid.dk\/wp-content\/uploads\/2023\/11\/4.-Rumaenske-Viorel.jpg?resize=350%2C200&ssl=1","width":350,"height":200,"srcset":"https:\/\/i0.wp.com\/lwid.dk\/wp-content\/uploads\/2023\/11\/4.-Rumaenske-Viorel.jpg?resize=350%2C200&ssl=1 1x, https:\/\/i0.wp.com\/lwid.dk\/wp-content\/uploads\/2023\/11\/4.-Rumaenske-Viorel.jpg?resize=525%2C300&ssl=1 1.5x, https:\/\/i0.wp.com\/lwid.dk\/wp-content\/uploads\/2023\/11\/4.-Rumaenske-Viorel.jpg?resize=700%2C400&ssl=1 2x, https:\/\/i0.wp.com\/lwid.dk\/wp-content\/uploads\/2023\/11\/4.-Rumaenske-Viorel.jpg?resize=1050%2C600&ssl=1 3x, https:\/\/i0.wp.com\/lwid.dk\/wp-content\/uploads\/2023\/11\/4.-Rumaenske-Viorel.jpg?resize=1400%2C800&ssl=1 4x"},"classes":[]}],"jetpack_featured_media_url":"https:\/\/lwid.dk\/wp-content\/uploads\/2023\/11\/16.Capsuni-.png","_links":{"self":[{"href":"https:\/\/lwid.dk\/ro\/wp-json\/wp\/v2\/posts\/5370","targetHints":{"allow":["GET"]}}],"collection":[{"href":"https:\/\/lwid.dk\/ro\/wp-json\/wp\/v2\/posts"}],"about":[{"href":"https:\/\/lwid.dk\/ro\/wp-json\/wp\/v2\/types\/post"}],"author":[{"embeddable":true,"href":"https:\/\/lwid.dk\/ro\/wp-json\/wp\/v2\/users\/11"}],"replies":[{"embeddable":true,"href":"https:\/\/lwid.dk\/ro\/wp-json\/wp\/v2\/comments?post=5370"}],"version-history":[{"count":2,"href":"https:\/\/lwid.dk\/ro\/wp-json\/wp\/v2\/posts\/5370\/revisions"}],"predecessor-version":[{"id":28714,"href":"https:\/\/lwid.dk\/ro\/wp-json\/wp\/v2\/posts\/5370\/revisions\/28714"}],"wp:featuredmedia":[{"embeddable":true,"href":"https:\/\/lwid.dk\/ro\/wp-json\/wp\/v2\/media\/5371"}],"wp:attachment":[{"href":"https:\/\/lwid.dk\/ro\/wp-json\/wp\/v2\/media?parent=5370"}],"wp:term":[{"taxonomy":"category","embeddable":true,"href":"https:\/\/lwid.dk\/ro\/wp-json\/wp\/v2\/categories?post=5370"},{"taxonomy":"post_tag","embeddable":true,"href":"https:\/\/lwid.dk\/ro\/wp-json\/wp\/v2\/tags?post=5370"}],"curies":[{"name":"wp","href":"https:\/\/api.w.org\/{rel}","templated":true}]}}