{"id":5377,"date":"2022-06-29T12:05:00","date_gmt":"2022-06-29T11:05:00","guid":{"rendered":"https:\/\/lwid.dk\/?p=5377"},"modified":"2026-09-01T18:00:03","modified_gmt":"2026-09-01T17:00:03","slug":"ionut-si-prietenii-sai-castiga-intre-10-000-si-30-000-adunand-sticle-la-festivalul-roskilde","status":"publish","type":"post","link":"https:\/\/lwid.dk\/ro\/ionut-si-prietenii-sai-castiga-intre-10-000-si-30-000-adunand-sticle-la-festivalul-roskilde\/","title":{"rendered":"Ionut \u0219i prietenii s\u0103i c\u00e2\u0219tig\u0103 \u00eentre 10.000 \u0219i 30.000 adun\u00e2nd sticle la Festivalul Roskilde"},"content":{"rendered":"\r\n<p class=\"wp-block-paragraph\">Articol publicat \u00een BT.dk\u00a0 la data de 29 iunie 2022.<\/p>\r\n\r\n\r\n\r\n<figure class=\"wp-block-image size-full\"><img loading=\"lazy\" decoding=\"async\" width=\"821\" height=\"688\" class=\"wp-image-5378\" src=\"https:\/\/lwid.dk\/wp-content\/uploads\/2023\/11\/17.-IONUT-OG-HANS-VENNER.png\" alt=\"\" srcset=\"https:\/\/lwid.dk\/wp-content\/uploads\/2023\/11\/17.-IONUT-OG-HANS-VENNER.png 821w, https:\/\/lwid.dk\/wp-content\/uploads\/2023\/11\/17.-IONUT-OG-HANS-VENNER-300x251.png 300w, https:\/\/lwid.dk\/wp-content\/uploads\/2023\/11\/17.-IONUT-OG-HANS-VENNER-768x644.png 768w, https:\/\/lwid.dk\/wp-content\/uploads\/2023\/11\/17.-IONUT-OG-HANS-VENNER-150x126.png 150w, https:\/\/lwid.dk\/wp-content\/uploads\/2023\/11\/17.-IONUT-OG-HANS-VENNER-696x583.png 696w\" sizes=\"auto, (max-width: 821px) 100vw, 821px\" \/><\/figure>\r\n\r\n\r\n\r\n<p class=\"wp-block-paragraph\">Articol integral:<\/p>\r\n\r\n\r\n\r\n<p class=\"wp-block-paragraph\">Ionut, \u00een v\u00e2rst\u0103 de 24 de ani, din Rom\u00e2nia, este unul dintre numero\u0219ii colectori de sticle care au venit \u00een Danemarca \u00een aceast\u0103 s\u0103pt\u0103m\u00e2n\u0103 cu un singur scop: s\u0103 c\u00e2\u0219tige bani pentru restul verii. Pentru majoritatea participan\u021bilor la festival, o vizit\u0103 la festival poate fi o pl\u0103cere scump\u0103, dar \u0219i o afacere extrem de profitabil\u0103.<\/p>\r\n\r\n\r\n\r\n<p class=\"wp-block-paragraph\">\u00cen fiecare diminea\u021b\u0103 la ora 8, \u00een timp ce majoritatea participan\u021bilor la festival \u00eenc\u0103 se trezesc dup\u0103 be\u021bia nop\u021bii, mai mul\u021bi oameni printre care si Ionut se \u00eent\u00e2lnesc \u00een a\u0219a-numita &#8222;Refunders Lounge&#8221;. Acolo se asigur\u0103 c\u0103 \u00ee\u0219i \u00eencarc\u0103 telefoanele \u0219i \u00ee\u0219i iau sacii, iar ziua de lucru \u00eencepe.<\/p>\r\n\r\n\r\n\r\n<p class=\"wp-block-paragraph\">Biletul, care \u00een acest an cost\u0103 2.250 de coroane daneze, \u00eel pl\u0103tesc ei \u00een\u0219i\u0219i. \u00cen plus, exist\u0103 \u0219i cheltuieli pentru m\u00e2ncare \u0219i c\u0103l\u0103toria \u00een Danemarca.<\/p>\r\n\r\n\r\n\r\n<p class=\"wp-block-paragraph\">Dar merit\u0103 efortul. B.T. a stat de vorb\u0103 cu colectori de sticle din Suedia, Germania, Rom\u00e2nia \u0219i Italia, care to\u021bi spun c\u0103 pot c\u00e2\u0219tiga 10.000 de coroane pe s\u0103pt\u0103m\u00e2n\u0103 colect\u00e2nd sticle &#8211; ca minimum. Potrivit lui Ionut, po\u021bi avea noroc s\u0103 \u00eencasezi nu mai pu\u021bin de 30.000 de coroane, dac\u0103 e\u0219ti dispus s\u0103 parcurgi festivalul \u0219i s\u0103 aduni toate sticlele l\u0103sate peste tot.<\/p>\r\n\r\n\r\n\r\n<p class=\"wp-block-paragraph\">Cu toate acestea, este o munc\u0103 grea \u0219i solicitant\u0103, spune t\u00e2n\u0103rul rom\u00e2n de 24 de ani.\u00a0<\/p>\r\n","protected":false},"excerpt":{"rendered":"<p>Articol publicat \u00een BT.dk\u00a0 la data de 29 iunie 2022. Articol integral: Ionut, \u00een v\u00e2rst\u0103 de 24 de ani, din Rom\u00e2nia, este unul dintre numero\u0219ii colectori de sticle care au venit \u00een Danemarca \u00een aceast\u0103 s\u0103pt\u0103m\u00e2n\u0103 cu un singur scop: s\u0103 c\u00e2\u0219tige bani pentru restul verii. Pentru majoritatea participan\u021bilor la festival, o vizit\u0103 la festival [&hellip;]<\/p>\n","protected":false},"author":11,"featured_media":5378,"comment_status":"open","ping_status":"closed","sticky":false,"template":"","format":"standard","meta":{"_acf_changed":false,"_themeisle_gutenberg_block_has_review":false,"_jetpack_newsletter_access":"","_jetpack_dont_email_post_to_subs":false,"_jetpack_newsletter_tier_id":0,"_jetpack_memberships_contains_paywalled_content":false,"_jetpack_feature_clip_id":0,"_jetpack_memberships_contains_paid_content":false,"footnotes":"","jetpack_post_was_ever_published":false,"_members_access_role":[],"_members_access_error":""},"categories":[878,142],"tags":[487,1012],"class_list":["post-5377","post","type-post","status-publish","format-standard","has-post-thumbnail","category-navigarea-in-danemarca","category-povesti-nespuse","tag-mediu","tag-ocuparea-fortei-de-munca"],"acf":[],"jetpack_sharing_enabled":true,"jetpack-related-posts":[{"id":5294,"url":"https:\/\/lwid.dk\/ro\/initiativa-unei-seri-romanesti\/","url_meta":{"origin":5377,"position":0},"title":"Ini\u021biativa unei seri rom\u00e2ne\u0219ti","author":"Sorina Floroiu","date":"22 februarie 2022","format":false,"excerpt":"Articol publicat in Lokalavisen Lemvig, la data de 22 februarie 2022 Rezumat:\u00a0 Giorgiana Paraschiv, o locuitoare din N\u00f8rre Nissum, organizeaz\u0103 o sear\u0103 rom\u00e2neasc\u0103 \u00een \u00d8st-Hallen pe 12 martie, cu scopul de a aduce danezii mai aproape de cultura rom\u00e2neasc\u0103. Evenimentul include o prezentare despre Rom\u00e2nia \u00een danez\u0103, urmat\u0103 de o\u2026","rel":"","context":"\u00cen \u201eNavigarea \u00een Danemarca\u201d","block_context":{"text":"Navigarea \u00een Danemarca","link":"https:\/\/lwid.dk\/ro\/category\/navigarea-in-danemarca\/"},"img":{"alt_text":"","src":"https:\/\/i0.wp.com\/lwid.dk\/wp-content\/uploads\/2023\/11\/5.-EN-RUMAENSK-AFTEN.png?resize=350%2C200&ssl=1","width":350,"height":200},"classes":[]},{"id":3159,"url":"https:\/\/lwid.dk\/ro\/karen-hammer-acasa-my-home-un-film-intrigant-din-romania-karen-hammer-acasa-my-home-tankevaekkende-film-fra-rumaenien\/","url_meta":{"origin":5377,"position":1},"title":"Karen Hammer: &#8216;Acasa, My Home&#8217; &#8211; un film intrigant din Rom\u00e2nia \/ Karen Hammer: &#8216;Acasa, My Home&#8217; &#8211; tankev\u00e6kkende film fra Rum\u00e6nien","author":"Sorina Floroiu","date":"10 aprilie 2020","format":false,"excerpt":"Articol publicat in Pov.international Karen Hammer. la data de 10 aprilie 2020 Traducere articol:\u00a0 Del Tweet Email CPH:DOX \/\/ RECENZIE - \u201cFestivalul de film documentar din Copenhaga, CPH:DOX, ofer\u0103 oportunit\u0103\u021bi incredibile de a \u00een\u021belege mai bine lumea \u00een jurul nostru\u201d, scrie Karen Hammer, care reflect\u0103 aici asupra unui festival care\u2026","rel":"","context":"\u00cen \u201eNavigarea \u00een Danemarca\u201d","block_context":{"text":"Navigarea \u00een Danemarca","link":"https:\/\/lwid.dk\/ro\/category\/navigarea-in-danemarca\/"},"img":{"alt_text":"","src":"https:\/\/i0.wp.com\/lwid.dk\/wp-content\/uploads\/2023\/10\/21.-Acasa-My-HOME.png?resize=350%2C200&ssl=1","width":350,"height":200,"srcset":"https:\/\/i0.wp.com\/lwid.dk\/wp-content\/uploads\/2023\/10\/21.-Acasa-My-HOME.png?resize=350%2C200&ssl=1 1x, https:\/\/i0.wp.com\/lwid.dk\/wp-content\/uploads\/2023\/10\/21.-Acasa-My-HOME.png?resize=525%2C300&ssl=1 1.5x, https:\/\/i0.wp.com\/lwid.dk\/wp-content\/uploads\/2023\/10\/21.-Acasa-My-HOME.png?resize=700%2C400&ssl=1 2x, https:\/\/i0.wp.com\/lwid.dk\/wp-content\/uploads\/2023\/10\/21.-Acasa-My-HOME.png?resize=1050%2C600&ssl=1 3x"},"classes":[]},{"id":5384,"url":"https:\/\/lwid.dk\/ro\/romanii-i-au-depasit-pe-danezi-la-flensburg\/","url_meta":{"origin":5377,"position":2},"title":"Rom\u00e2nii i-au dep\u0103\u0219it pe danezi la Flensburg","author":"Sorina Floroiu","date":"2 august 2022","format":false,"excerpt":"Articol publicat in Flensborg Avis la data de 2 august 2022. Rezumat: Num\u0103rul de rom\u00e2ni din Flensburg a crescut semnificativ, tripl\u00e2ndu-se \u00een ultimii cinci ani, Rom\u00e2nia devenind principala \u021bar\u0103 de origine a str\u0103inilor stabili\u021bi \u00een ora\u0219. Danemarca a cobor\u00e2t pe locul trei \u00een clasamentul str\u0103inilor, iar rom\u00e2nii au devenit cea\u2026","rel":"","context":"\u00cen \u201eNavigarea \u00een Danemarca\u201d","block_context":{"text":"Navigarea \u00een Danemarca","link":"https:\/\/lwid.dk\/ro\/category\/navigarea-in-danemarca\/"},"img":{"alt_text":"","src":"https:\/\/i0.wp.com\/lwid.dk\/wp-content\/uploads\/2023\/11\/18.-Flensborg.png?resize=350%2C200&ssl=1","width":350,"height":200},"classes":[]},{"id":3321,"url":"https:\/\/lwid.dk\/ro\/roman-lider-la-ferma-de-porci-m-am-integrat-bine-in-danemarca\/","url_meta":{"origin":5377,"position":3},"title":"Rom\u00e2n \/ lider la ferm\u0103 de porci. M-am integrat bine in Danemarca","author":"Sorina Floroiu","date":"8 iunie 2021","format":false,"excerpt":"Articol publicat in LandbrugsAvisen.dk Morten Thomsen, la data de 8 iunie 2021 Catalin Mihai Panaite a venit \u00een Danemarca din Rom\u00e2nia \u00een 2007. In 2009 a fost angajat la Aage Lauritzen. Ast\u0103zi, el este director de opera\u021biuni pentru \u0219ase angaja\u021bi \u0219i produc\u021bie de purcei mari \u0219i porci de \u00eengr\u0103\u0219at. C\u0103t\u0103lin\u2026","rel":"","context":"\u00cen \u201eNavigarea \u00een Danemarca\u201d","block_context":{"text":"Navigarea \u00een Danemarca","link":"https:\/\/lwid.dk\/ro\/category\/navigarea-in-danemarca\/"},"img":{"alt_text":"","src":"https:\/\/i0.wp.com\/lwid.dk\/wp-content\/uploads\/2023\/10\/10.png?resize=350%2C200&ssl=1","width":350,"height":200,"srcset":"https:\/\/i0.wp.com\/lwid.dk\/wp-content\/uploads\/2023\/10\/10.png?resize=350%2C200&ssl=1 1x, https:\/\/i0.wp.com\/lwid.dk\/wp-content\/uploads\/2023\/10\/10.png?resize=525%2C300&ssl=1 1.5x, https:\/\/i0.wp.com\/lwid.dk\/wp-content\/uploads\/2023\/10\/10.png?resize=700%2C400&ssl=1 2x"},"classes":[]},{"id":5443,"url":"https:\/\/lwid.dk\/ro\/vezi-imaginile-romani-din-intreaga-danemarca-au-sarbatorit-ziua-nationala-la-skive\/","url_meta":{"origin":5377,"position":4},"title":"Vezi imaginile: Rom\u00e2ni din \u00eentreaga Danemarca au s\u0103rb\u0103torit Ziua Na\u021bional\u0103 la Skive","author":"Sorina Floroiu","date":"3 decembrie 2022","format":false,"excerpt":"Articol publicat \u00een SkiveFolkeblad.dk la data de 3 decembrie 2022.\u00a0 Rezumat: Teatrul Skive a fost plin ochi s\u00e2mb\u0103ta \u00eentreag\u0103, cu ocazia celebr\u0103rii Zilei Na\u021bionale a Rom\u00e2niei de c\u0103tre Asocia\u021bia Cultural\u0103 Danezo-Rom\u00e2n\u0103. Aproximativ 250-300 de rom\u00e2ni din toat\u0103 Danemarca au umplut constant teatrul \u00een timpul evenimentului festiv. Pre\u0219edintele asocia\u021biei, Valentin Vorobat,\u2026","rel":"","context":"\u00cen \u201eCultur\u0103\u201d","block_context":{"text":"Cultur\u0103","link":"https:\/\/lwid.dk\/ro\/category\/navigarea-in-danemarca\/cultura\/"},"img":{"alt_text":"","src":"https:\/\/i0.wp.com\/lwid.dk\/wp-content\/uploads\/2023\/11\/27.-.png?resize=350%2C200&ssl=1","width":350,"height":200,"srcset":"https:\/\/i0.wp.com\/lwid.dk\/wp-content\/uploads\/2023\/11\/27.-.png?resize=350%2C200&ssl=1 1x, https:\/\/i0.wp.com\/lwid.dk\/wp-content\/uploads\/2023\/11\/27.-.png?resize=525%2C300&ssl=1 1.5x"},"classes":[]},{"id":707,"url":"https:\/\/lwid.dk\/articol-8-gradinita-inscrierea-la-gradinita\/","url_meta":{"origin":5377,"position":5},"title":"Articol 8: Gr\u0103dini\u021ba. \u00censcrierea la gr\u0103dini\u021b\u0103.","author":"Alina Racila","date":"14 mai 2022","format":false,"excerpt":"Dragi p\u0103rin\u021bi \u0219i copii, urm\u0103toarea serie de articole se va axa pe tema \u201dGr\u0103dini\u021ba \u0219i copiii \u00eentre 3-6 ani\u201d \u00een care, din experien\u021ba proprie, \u00een calitate de traduc\u0103tor la gradini\u021be \u0219i \u0219coli, dar \u0219i p\u0103rinte, voi descrie acele momente care sunt important de cunoscut pentru p\u0103rin\u021bi cu copii \u00eentre 3-6\u2026","rel":"","context":"Articol similar","block_context":{"text":"Articol similar","link":""},"img":{"alt_text":"","src":"","width":0,"height":0},"classes":[]}],"jetpack_featured_media_url":"https:\/\/lwid.dk\/wp-content\/uploads\/2023\/11\/17.-IONUT-OG-HANS-VENNER.png","_links":{"self":[{"href":"https:\/\/lwid.dk\/ro\/wp-json\/wp\/v2\/posts\/5377","targetHints":{"allow":["GET"]}}],"collection":[{"href":"https:\/\/lwid.dk\/ro\/wp-json\/wp\/v2\/posts"}],"about":[{"href":"https:\/\/lwid.dk\/ro\/wp-json\/wp\/v2\/types\/post"}],"author":[{"embeddable":true,"href":"https:\/\/lwid.dk\/ro\/wp-json\/wp\/v2\/users\/11"}],"replies":[{"embeddable":true,"href":"https:\/\/lwid.dk\/ro\/wp-json\/wp\/v2\/comments?post=5377"}],"version-history":[{"count":3,"href":"https:\/\/lwid.dk\/ro\/wp-json\/wp\/v2\/posts\/5377\/revisions"}],"predecessor-version":[{"id":28713,"href":"https:\/\/lwid.dk\/ro\/wp-json\/wp\/v2\/posts\/5377\/revisions\/28713"}],"wp:featuredmedia":[{"embeddable":true,"href":"https:\/\/lwid.dk\/ro\/wp-json\/wp\/v2\/media\/5378"}],"wp:attachment":[{"href":"https:\/\/lwid.dk\/ro\/wp-json\/wp\/v2\/media?parent=5377"}],"wp:term":[{"taxonomy":"category","embeddable":true,"href":"https:\/\/lwid.dk\/ro\/wp-json\/wp\/v2\/categories?post=5377"},{"taxonomy":"post_tag","embeddable":true,"href":"https:\/\/lwid.dk\/ro\/wp-json\/wp\/v2\/tags?post=5377"}],"curies":[{"name":"wp","href":"https:\/\/api.w.org\/{rel}","templated":true}]}}