{"id":5384,"date":"2022-08-02T12:07:00","date_gmt":"2022-08-02T11:07:00","guid":{"rendered":"https:\/\/lwid.dk\/?p=5384"},"modified":"2026-09-01T17:59:31","modified_gmt":"2026-09-01T16:59:31","slug":"romanii-i-au-depasit-pe-danezi-la-flensburg","status":"publish","type":"post","link":"https:\/\/lwid.dk\/ro\/romanii-i-au-depasit-pe-danezi-la-flensburg\/","title":{"rendered":"Rom\u00e2nii i-au dep\u0103\u0219it pe danezi la Flensburg"},"content":{"rendered":"\r\n<p class=\"wp-block-paragraph\">Articol publicat in Flensborg Avis la data de 2 august 2022.<\/p>\r\n\r\n\r\n\r\n<figure class=\"wp-block-image size-full\"><img loading=\"lazy\" decoding=\"async\" width=\"456\" height=\"686\" class=\"wp-image-5385\" src=\"https:\/\/lwid.dk\/wp-content\/uploads\/2023\/11\/18.-Flensborg.png\" alt=\"\" srcset=\"https:\/\/lwid.dk\/wp-content\/uploads\/2023\/11\/18.-Flensborg.png 456w, https:\/\/lwid.dk\/wp-content\/uploads\/2023\/11\/18.-Flensborg-199x300.png 199w, https:\/\/lwid.dk\/wp-content\/uploads\/2023\/11\/18.-Flensborg-150x226.png 150w, https:\/\/lwid.dk\/wp-content\/uploads\/2023\/11\/18.-Flensborg-300x451.png 300w\" sizes=\"auto, (max-width: 456px) 100vw, 456px\" \/><\/figure>\r\n\r\n\r\n\r\n<p class=\"wp-block-paragraph\">Rezumat:<\/p>\r\n\r\n\r\n\r\n<p class=\"wp-block-paragraph\">Num\u0103rul de rom\u00e2ni din Flensburg a crescut semnificativ, tripl\u00e2ndu-se \u00een ultimii cinci ani, Rom\u00e2nia devenind principala \u021bar\u0103 de origine a str\u0103inilor stabili\u021bi \u00een ora\u0219. Danemarca a cobor\u00e2t pe locul trei \u00een clasamentul str\u0103inilor, iar rom\u00e2nii au devenit cea mai mare comunitate, urma\u021bi de sirieni pe locul doi. Cre\u0219terea se datoreaz\u0103 probabil locurilor de munc\u0103 \u00een industria prelucr\u0103toare a c\u0103rnii, iar mul\u021bi rom\u00e2ni aleg s\u0103 se stabileasc\u0103 \u00een Flensburg.\u00a0<\/p>\r\n\r\n\r\n\r\n<p class=\"wp-block-paragraph\">Articol integral:<\/p>\r\n\r\n\r\n\r\n<p class=\"wp-block-paragraph\">Num\u0103rul de rom\u00e2ni din Flensburg s-a triplat \u00een ultimii cinci ani. Astfel, Rom\u00e2nia este \u021bara de unde provine cea mai mare parte a str\u0103inilor stabili\u021bi \u00een Flensburg.\u00a0<\/p>\r\n\r\n\r\n\r\n<p class=\"wp-block-paragraph\">Danemarca ocup\u0103 locul trei<\/p>\r\n\r\n\r\n\r\n<p class=\"wp-block-paragraph\">Danezii au fost mult timp cea mai mare grup\u0103 de str\u0103ini stabili\u021bi \u00een Flensburg.<\/p>\r\n\r\n\r\n\r\n<p class=\"wp-block-paragraph\">Dar din 2021, Danemarca a c\u0103zut pe locul trei, conform datelor furnizate de Prim\u0103ria Flensburg pentru Flensborg Avis. \u00cen schimb, cea mai mare grup\u0103 de str\u0103ini acum sunt rom\u00e2nii, \u00een timp ce sirienii ocup\u0103 locul doi.<\/p>\r\n\r\n\r\n\r\n<p class=\"wp-block-paragraph\">\u00cen timp ce num\u0103rul de danezi a r\u0103mas aproape stabil \u00een ultimii cinci ani, num\u0103rul de rom\u00e2ni s-a triplat, cresc\u00e2nd de la 1069 \u00een 2017 la 3003 \u00een 2022.<\/p>\r\n\r\n\r\n\r\n<p class=\"wp-block-paragraph\">\u00cen ultimul an, aproape 600 de rom\u00e2ni s-au mutat \u00een ora\u0219.<\/p>\r\n\r\n\r\n\r\n<p class=\"wp-block-paragraph\">La Prim\u0103ria Flensburg, purt\u0103torul de cuv\u00e2nt Christian Reimer nu are o explica\u021bie concret\u0103 pentru cre\u0219tere, dar presupune c\u0103 locurile de munc\u0103 din industria prelucr\u0103toare a c\u0103rnii din jur atrag rom\u00e2nii \u00een regiune. \u0218i mul\u021bi aleg s\u0103 se stabileasc\u0103 \u00een Flensburg \u00een loc s\u0103 locuiasc\u0103 \u00een apropierea locului de munc\u0103.<\/p>\r\n\r\n\r\n\r\n<p class=\"wp-block-paragraph\">Merg\u00e2nd la salariul minim Sindicatul Nahrung-Genuss-Gastst\u00e4tten (NGG) din landul Schleswig-Holstein simte \u0219i el o cre\u0219tere semnificativ\u0103 a num\u0103rului de rom\u00e2ni, \u0219i aici se arat\u0103 c\u0103 industria prelucr\u0103toare a c\u0103rnii este un factor atr\u0103g\u0103tor.<\/p>\r\n\r\n\r\n\r\n<p class=\"wp-block-paragraph\">-Este dificil pentru companii precum B\u00f6klunder sau D\u00f6lling-Hareico s\u0103 atrag\u0103 germani pentru locurile lor de munc\u0103, unde se lucreaz\u0103 cu carne, \u0219i de aceea rom\u00e2nii sunt angaja\u021bi. Cu toate c\u0103 majoritatea rom\u00e2nilor c\u00e2\u0219tig\u0103 doar salariul minim aici, \u00eenc\u0103 pot c\u00e2\u0219tiga mult mai mult dec\u00e2t acas\u0103, \u00een Rom\u00e2nia, spune Birgit Petersen, angajat\u0103 administrativ\u0103 la NGG-Schleswig-Holstein.<\/p>\r\n\r\n\r\n\r\n<p class=\"wp-block-paragraph\">NGG a \u00eenceput s\u0103 traduc\u0103 o parte din materialele lor \u00een limba rom\u00e2n\u0103 pentru a ajunge la mul\u021bi dintre rom\u00e2nii care lucreaz\u0103, iar conform lui Birgit Petersen, aceste materiale sunt citite, deoarece o mare parte dintre rom\u00e2nii sosi\u021bi devin membri \u00een consiliile de administra\u021bie ale NGG \u0219i se \u00eenscriu \u00een sindicat.<\/p>\r\n\r\n\r\n\r\n<p class=\"wp-block-paragraph\">Rom\u00e2nia a fost admis\u0103 \u00een Uniunea European\u0103 \u00een 2007, \u00eempreun\u0103 cu Bulgaria, ceea ce a f\u0103cut mai u\u0219or pentru rom\u00e2ni \u0219i bulgari s\u0103 caute locuri de munc\u0103 pe pia\u021ba intern\u0103 a UE. Tendin\u021ba observat\u0103 \u00een Flensburg poate fi g\u0103sit\u0103 \u0219i la nivel na\u021bional. Conform institutului de analiz\u0103 Statistic\u0103, \u00een 2021 tr\u0103iau \u00een Germania 844.535 de rom\u00e2ni, \u00een timp ce cu zece ani \u00een urm\u0103 erau doar 159.222.<\/p>\r\n","protected":false},"excerpt":{"rendered":"<p>Articol publicat in Flensborg Avis la data de 2 august 2022. Rezumat: Num\u0103rul de rom\u00e2ni din Flensburg a crescut semnificativ, tripl\u00e2ndu-se \u00een ultimii cinci ani, Rom\u00e2nia devenind principala \u021bar\u0103 de origine a str\u0103inilor stabili\u021bi \u00een ora\u0219. Danemarca a cobor\u00e2t pe locul trei \u00een clasamentul str\u0103inilor, iar rom\u00e2nii au devenit cea mai mare comunitate, urma\u021bi de [&hellip;]<\/p>\n","protected":false},"author":11,"featured_media":5385,"comment_status":"open","ping_status":"closed","sticky":false,"template":"","format":"standard","meta":{"_acf_changed":false,"_themeisle_gutenberg_block_has_review":false,"_jetpack_newsletter_access":"","_jetpack_dont_email_post_to_subs":false,"_jetpack_newsletter_tier_id":0,"_jetpack_memberships_contains_paywalled_content":false,"_jetpack_feature_clip_id":0,"_jetpack_memberships_contains_paid_content":false,"footnotes":"","jetpack_post_was_ever_published":false,"_members_access_role":[],"_members_access_error":""},"categories":[878,142],"tags":[1009,1012,476],"class_list":["post-5384","post","type-post","status-publish","format-standard","has-post-thumbnail","category-navigarea-in-danemarca","category-povesti-nespuse","tag-locuinte","tag-ocuparea-fortei-de-munca","tag-stil-de-viata"],"acf":[],"jetpack_sharing_enabled":true,"jetpack-related-posts":[{"id":3063,"url":"https:\/\/lwid.dk\/ro\/specialistii-romani-asigura-productia-in-silkeborg-rumaenske-fagfolk-sikrer-produktionen-i-silkeborg\/","url_meta":{"origin":5384,"position":0},"title":"Speciali\u0219tii rom\u00e2ni asigur\u0103 produc\u021bia \u00een Silkeborg \/ Rum\u00e6nske fagfolk sikrer produktionen i Silkeborg","author":"Sorina Floroiu","date":"11 februarie 2020","format":false,"excerpt":"Articol publicat in Industri & Teknik la data de 11 februarie 2020 Subiect articol\u00a0 \u00cen Silkeborg Sp\u00e5ntagning, \u0219ase din cei 35 de angaja\u021bi sunt rom\u00e2ni, asigur\u00e2nd produc\u021bia \u00eentr-un moment de penurie de tehnicieni industriali. Rom\u00e2nii sunt aprecia\u021bi pentru abilit\u0103\u021bile lor tehnice \u0219i pentru faptul c\u0103 sunt dedica\u021bi \u0219i eficien\u021bi \u00een\u2026","rel":"","context":"\u00cen \u201eNavigarea \u00een Danemarca\u201d","block_context":{"text":"Navigarea \u00een Danemarca","link":"https:\/\/lwid.dk\/ro\/category\/navigarea-in-danemarca\/"},"img":{"alt_text":"","src":"https:\/\/i0.wp.com\/lwid.dk\/wp-content\/uploads\/2023\/10\/8.-Rumaenske-fagfolk-sikrer-produktionen.png?resize=350%2C200&ssl=1","width":350,"height":200,"srcset":"https:\/\/i0.wp.com\/lwid.dk\/wp-content\/uploads\/2023\/10\/8.-Rumaenske-fagfolk-sikrer-produktionen.png?resize=350%2C200&ssl=1 1x, https:\/\/i0.wp.com\/lwid.dk\/wp-content\/uploads\/2023\/10\/8.-Rumaenske-fagfolk-sikrer-produktionen.png?resize=525%2C300&ssl=1 1.5x, https:\/\/i0.wp.com\/lwid.dk\/wp-content\/uploads\/2023\/10\/8.-Rumaenske-fagfolk-sikrer-produktionen.png?resize=700%2C400&ssl=1 2x"},"classes":[]},{"id":5450,"url":"https:\/\/lwid.dk\/ro\/presedintele-comisiei-afectat-de-tratarea-muncitorilor-romani\/","url_meta":{"origin":5384,"position":1},"title":"Pre\u0219edintele comisiei afectat de tratarea muncitorilor rom\u00e2ni","author":"Sorina Floroiu","date":"17 decembrie 2022","format":false,"excerpt":"Articol publicat \u00een Horsens Folkeblad la data de 17 decembrie 2022.\u00a0 Michael Neders\u00f8e (DF), pre\u0219edintele comisiei pentru ocuparea for\u021bei de munc\u0103 \u0219i integrare, inten\u021bioneaz\u0103 s\u0103 cerceteze dac\u0103 Prim\u0103ria Horsens poate ajuta \u0219apte rom\u00e2ni care locuiesc \u00eentr-o cas\u0103 \u00eenchiriat\u0103 f\u0103r\u0103 \u00eenc\u0103lzire \u00een Pilegade.\u00a0 \"M\u0103 enervez atunci c\u00e2nd citesc astfel de lucruri\",\u2026","rel":"","context":"\u00cen \u201eNavigarea \u00een Danemarca\u201d","block_context":{"text":"Navigarea \u00een Danemarca","link":"https:\/\/lwid.dk\/ro\/category\/navigarea-in-danemarca\/"},"img":{"alt_text":"","src":"https:\/\/i0.wp.com\/lwid.dk\/wp-content\/uploads\/2023\/11\/28.png?resize=350%2C200&ssl=1","width":350,"height":200,"srcset":"https:\/\/i0.wp.com\/lwid.dk\/wp-content\/uploads\/2023\/11\/28.png?resize=350%2C200&ssl=1 1x, https:\/\/i0.wp.com\/lwid.dk\/wp-content\/uploads\/2023\/11\/28.png?resize=525%2C300&ssl=1 1.5x"},"classes":[]},{"id":5443,"url":"https:\/\/lwid.dk\/ro\/vezi-imaginile-romani-din-intreaga-danemarca-au-sarbatorit-ziua-nationala-la-skive\/","url_meta":{"origin":5384,"position":2},"title":"Vezi imaginile: Rom\u00e2ni din \u00eentreaga Danemarca au s\u0103rb\u0103torit Ziua Na\u021bional\u0103 la Skive","author":"Sorina Floroiu","date":"3 decembrie 2022","format":false,"excerpt":"Articol publicat \u00een SkiveFolkeblad.dk la data de 3 decembrie 2022.\u00a0 Rezumat: Teatrul Skive a fost plin ochi s\u00e2mb\u0103ta \u00eentreag\u0103, cu ocazia celebr\u0103rii Zilei Na\u021bionale a Rom\u00e2niei de c\u0103tre Asocia\u021bia Cultural\u0103 Danezo-Rom\u00e2n\u0103. Aproximativ 250-300 de rom\u00e2ni din toat\u0103 Danemarca au umplut constant teatrul \u00een timpul evenimentului festiv. Pre\u0219edintele asocia\u021biei, Valentin Vorobat,\u2026","rel":"","context":"\u00cen \u201eCultur\u0103\u201d","block_context":{"text":"Cultur\u0103","link":"https:\/\/lwid.dk\/ro\/category\/navigarea-in-danemarca\/cultura\/"},"img":{"alt_text":"","src":"https:\/\/i0.wp.com\/lwid.dk\/wp-content\/uploads\/2023\/11\/27.-.png?resize=350%2C200&ssl=1","width":350,"height":200,"srcset":"https:\/\/i0.wp.com\/lwid.dk\/wp-content\/uploads\/2023\/11\/27.-.png?resize=350%2C200&ssl=1 1x, https:\/\/i0.wp.com\/lwid.dk\/wp-content\/uploads\/2023\/11\/27.-.png?resize=525%2C300&ssl=1 1.5x"},"classes":[]},{"id":3049,"url":"https:\/\/lwid.dk\/ro\/crestinii-romani-in-crestere-puternica-in-danemarca-rumaenske-kristne-i-kraftig-vaekst-i-danmark\/","url_meta":{"origin":5384,"position":3},"title":"Cre\u0219tinii rom\u00e2ni \u00een cre\u0219tere puternic\u0103 \u00een Danemarca \/ Rum\u00e6nske kristne i kraftig v\u00e6kst i Danmark","author":"Sorina Floroiu","date":"7 februarie 2020","format":false,"excerpt":"Articol publicat in Kristeligt Dagblad\u00a0 la data de 7 februarie 2020 Subiectul articolului:\u00a0 Num\u0103rul comunit\u0103\u021bilor ortodoxe din Danemarca, \u00een special cele rom\u00e2ne\u0219ti, a crescut semnificativ datorit\u0103 migra\u021biei sporite din \u021b\u0103rile ortodoxe. Aceast\u0103 cre\u0219tere a determinat preocuparea Bisericii Poporului cu privire la influen\u021ba ortodox\u0103 \u00een Danemarca. \u00cen prezent (e.g. 2020), exist\u0103\u2026","rel":"","context":"\u00cen \u201eNavigarea \u00een Danemarca\u201d","block_context":{"text":"Navigarea \u00een Danemarca","link":"https:\/\/lwid.dk\/ro\/category\/navigarea-in-danemarca\/"},"img":{"alt_text":"","src":"https:\/\/i0.wp.com\/lwid.dk\/wp-content\/uploads\/2023\/10\/6.-Rumaenske-kristner.png?resize=350%2C200&ssl=1","width":350,"height":200,"srcset":"https:\/\/i0.wp.com\/lwid.dk\/wp-content\/uploads\/2023\/10\/6.-Rumaenske-kristner.png?resize=350%2C200&ssl=1 1x, https:\/\/i0.wp.com\/lwid.dk\/wp-content\/uploads\/2023\/10\/6.-Rumaenske-kristner.png?resize=525%2C300&ssl=1 1.5x, https:\/\/i0.wp.com\/lwid.dk\/wp-content\/uploads\/2023\/10\/6.-Rumaenske-kristner.png?resize=700%2C400&ssl=1 2x"},"classes":[]},{"id":3248,"url":"https:\/\/lwid.dk\/ro\/industria-striga-dupa-tehnicieni-in-industrie\/","url_meta":{"origin":5384,"position":4},"title":"Industria strig\u0103 dup\u0103 tehnicieni \u00een industrie","author":"Sorina Floroiu","date":"5 februarie 2021","format":false,"excerpt":"Articol publicat in Og Maskinindustrien Sektion 1 Side 7 Eskil Mann S\u00f8rensen la data de 5 februarie 2021 Rezumat: Companiile din Danemarca se confrunt\u0103 cu dificult\u0103\u021bi \u00een g\u0103sirea de tehnicieni, cu o criz\u0103 accentuat\u0103 \u00een Vestjylland. KP Components \u00eencearc\u0103 s\u0103 rezolve aceast\u0103 problem\u0103 prin angajarea de tehnicieni rom\u00e2ni. Din zece\u2026","rel":"","context":"\u00cen \u201eNavigarea \u00een Danemarca\u201d","block_context":{"text":"Navigarea \u00een Danemarca","link":"https:\/\/lwid.dk\/ro\/category\/navigarea-in-danemarca\/"},"img":{"alt_text":"","src":"https:\/\/i0.wp.com\/lwid.dk\/wp-content\/uploads\/2023\/10\/1.-Industria-striga-dupa-tehnicieni-industriali.png?resize=350%2C200&ssl=1","width":350,"height":200,"srcset":"https:\/\/i0.wp.com\/lwid.dk\/wp-content\/uploads\/2023\/10\/1.-Industria-striga-dupa-tehnicieni-industriali.png?resize=350%2C200&ssl=1 1x, https:\/\/i0.wp.com\/lwid.dk\/wp-content\/uploads\/2023\/10\/1.-Industria-striga-dupa-tehnicieni-industriali.png?resize=525%2C300&ssl=1 1.5x"},"classes":[]},{"id":4179,"url":"https:\/\/lwid.dk\/ro\/atata-timp-cat-este-de-lucru-aici-si-fiica-mea-este-bine-voi-ramane\/","url_meta":{"origin":5384,"position":5},"title":"At\u00e2ta timp c\u00e2t este de lucru aici \u0219i fiica mea este bine, voi r\u0103m\u00e2ne","author":"Sorina Floroiu","date":"31 iulie 2021","format":false,"excerpt":"Articol publicat in Information Sektion 1 Side 8, la data de 31 iulie 2021 Rezumat Viorel Oprea, un muncitor rom\u00e2n, a venit \u00een Danemarca pentru a lucra la construc\u021bia metroului din Copenhaga \u0219i s-a stabilit definitiv acolo. El are o familie \u0219i o cas\u0103 \u00een Danemarca \u0219i lucreaz\u0103 ca muncitor\u2026","rel":"","context":"\u00cen \u201eNavigarea \u00een Danemarca\u201d","block_context":{"text":"Navigarea \u00een Danemarca","link":"https:\/\/lwid.dk\/ro\/category\/navigarea-in-danemarca\/"},"img":{"alt_text":"","src":"https:\/\/i0.wp.com\/lwid.dk\/wp-content\/uploads\/2023\/10\/25.png?resize=350%2C200&ssl=1","width":350,"height":200,"srcset":"https:\/\/i0.wp.com\/lwid.dk\/wp-content\/uploads\/2023\/10\/25.png?resize=350%2C200&ssl=1 1x, https:\/\/i0.wp.com\/lwid.dk\/wp-content\/uploads\/2023\/10\/25.png?resize=525%2C300&ssl=1 1.5x"},"classes":[]}],"jetpack_featured_media_url":"https:\/\/lwid.dk\/wp-content\/uploads\/2023\/11\/18.-Flensborg.png","_links":{"self":[{"href":"https:\/\/lwid.dk\/ro\/wp-json\/wp\/v2\/posts\/5384","targetHints":{"allow":["GET"]}}],"collection":[{"href":"https:\/\/lwid.dk\/ro\/wp-json\/wp\/v2\/posts"}],"about":[{"href":"https:\/\/lwid.dk\/ro\/wp-json\/wp\/v2\/types\/post"}],"author":[{"embeddable":true,"href":"https:\/\/lwid.dk\/ro\/wp-json\/wp\/v2\/users\/11"}],"replies":[{"embeddable":true,"href":"https:\/\/lwid.dk\/ro\/wp-json\/wp\/v2\/comments?post=5384"}],"version-history":[{"count":2,"href":"https:\/\/lwid.dk\/ro\/wp-json\/wp\/v2\/posts\/5384\/revisions"}],"predecessor-version":[{"id":28712,"href":"https:\/\/lwid.dk\/ro\/wp-json\/wp\/v2\/posts\/5384\/revisions\/28712"}],"wp:featuredmedia":[{"embeddable":true,"href":"https:\/\/lwid.dk\/ro\/wp-json\/wp\/v2\/media\/5385"}],"wp:attachment":[{"href":"https:\/\/lwid.dk\/ro\/wp-json\/wp\/v2\/media?parent=5384"}],"wp:term":[{"taxonomy":"category","embeddable":true,"href":"https:\/\/lwid.dk\/ro\/wp-json\/wp\/v2\/categories?post=5384"},{"taxonomy":"post_tag","embeddable":true,"href":"https:\/\/lwid.dk\/ro\/wp-json\/wp\/v2\/tags?post=5384"}],"curies":[{"name":"wp","href":"https:\/\/api.w.org\/{rel}","templated":true}]}}