{"id":5408,"date":"2022-11-02T14:03:00","date_gmt":"2022-11-02T13:03:00","guid":{"rendered":"https:\/\/lwid.dk\/?p=5408"},"modified":"2026-09-01T17:56:17","modified_gmt":"2026-09-01T16:56:17","slug":"elev-la-agricultura-a-ramas-in-danemarca","status":"publish","type":"post","link":"https:\/\/lwid.dk\/ro\/elev-la-agricultura-a-ramas-in-danemarca\/","title":{"rendered":"Elev la agricultur\u0103 a r\u0103mas \u00een Danemarca"},"content":{"rendered":"\r\n<p class=\"wp-block-paragraph\">Articol publicat \u00een Aars Avis la data de 2 noiembrie 2022<\/p>\r\n\r\n\r\n\r\n<figure class=\"wp-block-image size-full\"><img loading=\"lazy\" decoding=\"async\" width=\"449\" height=\"344\" class=\"wp-image-5409\" src=\"https:\/\/lwid.dk\/wp-content\/uploads\/2023\/11\/22.-Landsbrug-elev-blev-i-Danmark.png\" alt=\"\" srcset=\"https:\/\/lwid.dk\/wp-content\/uploads\/2023\/11\/22.-Landsbrug-elev-blev-i-Danmark.png 449w, https:\/\/lwid.dk\/wp-content\/uploads\/2023\/11\/22.-Landsbrug-elev-blev-i-Danmark-300x230.png 300w, https:\/\/lwid.dk\/wp-content\/uploads\/2023\/11\/22.-Landsbrug-elev-blev-i-Danmark-150x115.png 150w\" sizes=\"auto, (max-width: 449px) 100vw, 449px\" \/><\/figure>\r\n\r\n\r\n\r\n<p class=\"wp-block-paragraph\">Rezumat:<\/p>\r\n\r\n\r\n\r\n<p class=\"wp-block-paragraph\">Elena Comandaru, elev\u0103 la agricultur\u0103 \u00een Ia\u0219i, Rom\u00e2nia, s-a mutat \u00een Danemarca \u00een 2008. Cu o experien\u021b\u0103 ini\u021bial\u0103 dificil\u0103 \u0219i \u00eendoieli cu privire la decizia de a r\u0103m\u00e2ne, ea a ales s\u0103 continue la \u0219coala de agricultur\u0103 Borris, acum \u00eenchis\u0103, pentru a-\u0219i dezvolta abilit\u0103\u021bile practice. Recrutat\u0103 din Rom\u00e2nia pentru a \u00eenv\u0103\u021ba la \u0219coala danez\u0103, Elena a remarcat diferen\u021be semnificative \u00een abordarea practic\u0103 a agriculturii. Cu sprijinul unui frate din Danemarca, a dep\u0103\u0219it barierele lingvistice \u0219i a evoluat de la stadiul de elev\u0103 la \u0219efa opera\u021biunilor la o ferm\u0103 de porci \u00een Vesthimmerland. Dup\u0103 \u00eenchiderea fermei, Elena lucreaz\u0103 acum \u00een planificarea produc\u021biei, contabilitate \u0219i logistic\u0103 pentru o companie mare din aceea\u0219i regiune. Ea r\u0103m\u00e2ne conectat\u0103 la agricultur\u0103, dar subliniaz\u0103 provoc\u0103rile generate de excesul de reguli. Cu toate acestea, Elena nu ezit\u0103 s\u0103 recomande altor rom\u00e2ni s\u0103 vin\u0103 \u00een Danemarca pentru stagii de practic\u0103 \u0219i munc\u0103, subliniind oportunit\u0103\u021bile \u0219i condi\u021biile mai bune pe care le ofer\u0103 \u021bara nordic\u0103.<\/p>\r\n\r\n\r\n\r\n<p class=\"wp-block-paragraph\">Articol integral:<\/p>\r\n\r\n\r\n\r\n<p class=\"wp-block-paragraph\">Una dintre elevele la agricultur\u0103 de la \u0219coala din Ia\u0219i, Rom\u00e2nia, este Elena Comandaru.<\/p>\r\n\r\n\r\n\r\n<p class=\"wp-block-paragraph\">Ea este \u00een Danemarca \u00eenc\u0103 din 2008.<\/p>\r\n\r\n\r\n\r\n<p class=\"wp-block-paragraph\">\u201cM-am r\u0103zg\u00e2ndit dup\u0103 dou\u0103 ore de c\u00e2nd am cobor\u00e2t din autobuz \u0219i m-am g\u00e2ndit: &#8222;Ce naiba fac aici?&#8221;, r\u00e2de ea.<\/p>\r\n\r\n\r\n\r\n<p class=\"wp-block-paragraph\">Dup\u0103 patru ani de teorie \u00een Rom\u00e2nia, a venit la \u0219coala de agricultur\u0103 Borris, acum \u00eenchis\u0103, pentru a \u00eenv\u0103\u021ba munca practic\u0103.<\/p>\r\n\r\n\r\n\r\n<p class=\"wp-block-paragraph\">\u201cEi recrutau elevi din Rom\u00e2nia la acea vreme, \u0219i eu f\u0103cusem doar 40 de ore de practic\u0103 pentru a demonstra c\u0103 \u0219tiu ceva despre animale. Am lucrat doar cu teoria. Partea aceasta a educa\u021biei este la acela\u0219i nivel ca \u00een Danemarca, dar la \u0219coala din Rom\u00e2nia sunt mult \u00een urm\u0103 \u00een privin\u021ba practicii\u201d, spune Elena Comandaru.<\/p>\r\n\r\n\r\n\r\n<p class=\"wp-block-paragraph\">Avea un frate \u00een Danemarca care o putea ajuta, \u0219i chiar dac\u0103 \u0219i-a regretat decizia dup\u0103 dou\u0103 ore, nu inten\u021biona s\u0103 se \u00eentoarc\u0103. \u201c- Auzisem doar lucruri bune despre Danemarca. Tehnologie avansat\u0103 \u0219i condi\u021bii bune \u00een ferme. \u00cen Rom\u00e2nia, lucrul \u00een agricultur\u0103 are un statut foarte sc\u0103zut. Nu ar fi fost at\u00e2t de multe oportunit\u0103\u021bi pentru mine, iar eu alesesem asta pentru c\u0103 g\u00e2ndul meu era c\u0103 agricultura va fi \u00eentotdeauna important\u0103\u201d, spune Elena Comandaru.<\/p>\r\n\r\n\r\n\r\n<p class=\"wp-block-paragraph\">Dup\u0103 perioada de practic\u0103 la Borris, a ob\u021binut un loc de munc\u0103 \u00eentr-o ferm\u0103 de porci \u00een Vesthimmerland. Cea mai mare provocare a fost limba. Engleza ei nu era cea mai bun\u0103, dar a \u00eenv\u0103\u021bat repede.<\/p>\r\n\r\n\r\n\r\n<p class=\"wp-block-paragraph\">A \u00eenceput ca elev\u0103, a fost angajat\u0103 permanent \u0219i s-a dezvoltat at\u00e2t de mult \u00eenc\u00e2t timp de nou\u0103 ani a fost \u0219efa opera\u021biunilor.<\/p>\r\n\r\n\r\n\r\n<p class=\"wp-block-paragraph\">\u201cDatorit\u0103 celor patru ani de studii \u00een domeniul economiei \u0219i finan\u021belor din Rom\u00e2nia am reu\u0219it ca \u0219ef de opera\u021biuni,\u00a0 s\u0103-mi folosesc educa\u021bia \u0219i s\u0103 m\u0103 dezvolt. Exist\u0103 mult mai multe posibilit\u0103\u021bi \u00een Danemarca, iar acum m-am integrat \u0219i consider Danemarca drept casa mea\u201d, spune Elena Comandaru. Ast\u0103zi lucreaz\u0103 \u00een planificarea produc\u021biei, contabilitate \u0219i logistic\u0103 pentru o companie mare din Vesthimmerland.<\/p>\r\n\r\n\r\n\r\n<p class=\"wp-block-paragraph\">Ferma pe care o conducea a fost \u00eenchis\u0103 \u00een februarie.<\/p>\r\n\r\n\r\n\r\n<p class=\"wp-block-paragraph\">Dar ea simte \u00eenc\u0103 o leg\u0103tur\u0103 cu agricultura \u0219i crede c\u0103 exist\u0103 prea multe reguli.<\/p>\r\n\r\n\r\n\r\n<p class=\"wp-block-paragraph\">\u201cFermierii fac tot ce le st\u0103 \u00een putin\u021b\u0103. Au nevoie de ajutor din partea politicienilor pentru a continua s\u0103 se dezvolte. Exist\u0103 multe reguli \u0219i legi care merg \u00eempotriva agriculturii. De exemplu, reguli privind momentul c\u00e2nd animalele trebuie s\u0103 fie pe c\u00e2mp, de ce nu le permite\u021bi fermierilor s\u0103 decid\u0103 asta\u201d, \u00eentreab\u0103 ea.<\/p>\r\n\r\n\r\n\r\n<p class=\"wp-block-paragraph\">Dar nu ar ezita s\u0103 recomande altora din Rom\u00e2nia s\u0103 vin\u0103 pentru stagii de practic\u0103 \u0219i s\u0103 lucreze aici. \u201c- Am prieteni care au studiat \u00een Rom\u00e2nia, \u0219i s-au dezvoltat abia c\u00e2nd au venit \u00een Danemarca. Sper c\u0103 va fi mai bine \u00een Rom\u00e2nia, dar a\u0219a cum stau lucrurile acum, mul\u021bi r\u0103m\u00e2n aici pentru c\u0103 condi\u021biile sunt mai bune \u00een Danemarca\u201d, spune Elena Comandaru.<\/p>\r\n","protected":false},"excerpt":{"rendered":"<p>Articol publicat \u00een Aars Avis la data de 2 noiembrie 2022 Rezumat: Elena Comandaru, elev\u0103 la agricultur\u0103 \u00een Ia\u0219i, Rom\u00e2nia, s-a mutat \u00een Danemarca \u00een 2008. Cu o experien\u021b\u0103 ini\u021bial\u0103 dificil\u0103 \u0219i \u00eendoieli cu privire la decizia de a r\u0103m\u00e2ne, ea a ales s\u0103 continue la \u0219coala de agricultur\u0103 Borris, acum \u00eenchis\u0103, pentru a-\u0219i dezvolta [&hellip;]<\/p>\n","protected":false},"author":11,"featured_media":5409,"comment_status":"open","ping_status":"closed","sticky":false,"template":"","format":"standard","meta":{"_acf_changed":false,"_themeisle_gutenberg_block_has_review":false,"_jetpack_newsletter_access":"","_jetpack_dont_email_post_to_subs":false,"_jetpack_newsletter_tier_id":0,"_jetpack_memberships_contains_paywalled_content":false,"_jetpack_feature_clip_id":0,"_jetpack_memberships_contains_paid_content":false,"footnotes":"","jetpack_post_was_ever_published":false,"_members_access_role":[],"_members_access_error":""},"categories":[878,142],"tags":[536,1003,1012],"class_list":["post-5408","post","type-post","status-publish","format-standard","has-post-thumbnail","category-navigarea-in-danemarca","category-povesti-nespuse","tag-agricultura-si-ferma","tag-educatie","tag-ocuparea-fortei-de-munca"],"acf":[],"jetpack_sharing_enabled":true,"jetpack-related-posts":[{"id":2967,"url":"https:\/\/lwid.dk\/ro\/danemarca-ii-ofera-dianei-mai-multe-oportunitati-danmark-giver-diana-bedre-muligheder\/","url_meta":{"origin":5408,"position":0},"title":"Danemarca \u00eei ofer\u0103 Dianei mai multe oportunit\u0103\u021bi \/ Danmark giver Diana bedre muligheder","author":"Sorina Floroiu","date":"3 ianuarie 2020","format":false,"excerpt":"Articol publicat in Magasinet Hyo la 3 ianuarie 2020 Subiectul articolului:\u00a0 Diana Vl\u0103deanu, \u00een v\u00e2rst\u0103 de 23 de ani din Rom\u00e2nia, a venit \u00een Danemarca pentru a studia \u0219i lucra \u00een industria agricol\u0103. Ea a g\u0103sit oportunit\u0103\u021bi mai bune \u00een Danemarca dec\u00e2t \u00een \u021bara natal\u0103. Prin intermediul AgroJob, a fost\u2026","rel":"","context":"\u00cen \u201eNavigarea \u00een Danemarca\u201d","block_context":{"text":"Navigarea \u00een Danemarca","link":"https:\/\/lwid.dk\/ro\/category\/navigarea-in-danemarca\/"},"img":{"alt_text":"","src":"https:\/\/i0.wp.com\/lwid.dk\/wp-content\/uploads\/2023\/10\/1.-Danmark-giver-Diana-bedre-muligheder-e1697727104268.png?resize=350%2C200&ssl=1","width":350,"height":200,"srcset":"https:\/\/i0.wp.com\/lwid.dk\/wp-content\/uploads\/2023\/10\/1.-Danmark-giver-Diana-bedre-muligheder-e1697727104268.png?resize=350%2C200&ssl=1 1x, https:\/\/i0.wp.com\/lwid.dk\/wp-content\/uploads\/2023\/10\/1.-Danmark-giver-Diana-bedre-muligheder-e1697727104268.png?resize=525%2C300&ssl=1 1.5x, https:\/\/i0.wp.com\/lwid.dk\/wp-content\/uploads\/2023\/10\/1.-Danmark-giver-Diana-bedre-muligheder-e1697727104268.png?resize=700%2C400&ssl=1 2x, https:\/\/i0.wp.com\/lwid.dk\/wp-content\/uploads\/2023\/10\/1.-Danmark-giver-Diana-bedre-muligheder-e1697727104268.png?resize=1050%2C600&ssl=1 3x"},"classes":[]},{"id":5401,"url":"https:\/\/lwid.dk\/ro\/din-aars-in-romania-pentru-a-ajuta-in-agricultura\/","url_meta":{"origin":5408,"position":1},"title":"Din Aars \u00een Rom\u00e2nia pentru a ajuta \u00een agricultur\u0103","author":"Sorina Floroiu","date":"2 noiembrie 2022","format":false,"excerpt":"Articol publicat \u00een Aars Avis la data de 2 noiembrie 2022. Rezumat Colaborarea dintre Aars \u0219i Ia\u0219i are o istorie de 22 de ani. Vittus Bernlow a vizitat pentru prima dat\u0103 \u0219coala agricol\u0103 din Ia\u0219i acum dou\u0103 decenii. Ora\u0219ul, cu peste 300.000 de locuitori, se afl\u0103 la aproximativ 10 kilometri\u2026","rel":"","context":"\u00cen \u201eNavigarea \u00een Danemarca\u201d","block_context":{"text":"Navigarea \u00een Danemarca","link":"https:\/\/lwid.dk\/ro\/category\/navigarea-in-danemarca\/"},"img":{"alt_text":"","src":"https:\/\/i0.wp.com\/lwid.dk\/wp-content\/uploads\/2023\/11\/21.-Aars.png?resize=350%2C200&ssl=1","width":350,"height":200,"srcset":"https:\/\/i0.wp.com\/lwid.dk\/wp-content\/uploads\/2023\/11\/21.-Aars.png?resize=350%2C200&ssl=1 1x, https:\/\/i0.wp.com\/lwid.dk\/wp-content\/uploads\/2023\/11\/21.-Aars.png?resize=525%2C300&ssl=1 1.5x"},"classes":[]},{"id":3321,"url":"https:\/\/lwid.dk\/ro\/roman-lider-la-ferma-de-porci-m-am-integrat-bine-in-danemarca\/","url_meta":{"origin":5408,"position":2},"title":"Rom\u00e2n \/ lider la ferm\u0103 de porci. M-am integrat bine in Danemarca","author":"Sorina Floroiu","date":"8 iunie 2021","format":false,"excerpt":"Articol publicat in LandbrugsAvisen.dk Morten Thomsen, la data de 8 iunie 2021 Catalin Mihai Panaite a venit \u00een Danemarca din Rom\u00e2nia \u00een 2007. In 2009 a fost angajat la Aage Lauritzen. Ast\u0103zi, el este director de opera\u021biuni pentru \u0219ase angaja\u021bi \u0219i produc\u021bie de purcei mari \u0219i porci de \u00eengr\u0103\u0219at. C\u0103t\u0103lin\u2026","rel":"","context":"\u00cen \u201eNavigarea \u00een Danemarca\u201d","block_context":{"text":"Navigarea \u00een Danemarca","link":"https:\/\/lwid.dk\/ro\/category\/navigarea-in-danemarca\/"},"img":{"alt_text":"","src":"https:\/\/i0.wp.com\/lwid.dk\/wp-content\/uploads\/2023\/10\/10.png?resize=350%2C200&ssl=1","width":350,"height":200,"srcset":"https:\/\/i0.wp.com\/lwid.dk\/wp-content\/uploads\/2023\/10\/10.png?resize=350%2C200&ssl=1 1x, https:\/\/i0.wp.com\/lwid.dk\/wp-content\/uploads\/2023\/10\/10.png?resize=525%2C300&ssl=1 1.5x, https:\/\/i0.wp.com\/lwid.dk\/wp-content\/uploads\/2023\/10\/10.png?resize=700%2C400&ssl=1 2x"},"classes":[]},{"id":5394,"url":"https:\/\/lwid.dk\/ro\/magazinul-second-hand-al-crucii-rosii-a-ajutat-o-pe-mihaela-sa-avanseze-catre-un-loc-de-munca-stabil\/","url_meta":{"origin":5408,"position":3},"title":"Magazinul second-hand al Crucii Ro\u0219ii a ajutat-o pe Mihaela s\u0103 avanseze c\u0103tre un loc de munc\u0103 stabil","author":"Sorina Floroiu","date":"26 octombrie 2022","format":false,"excerpt":"Articol publicat in Ugeavisen Grindsted la data de 26 octombrie 2022.\u00a0 Rezumat: Mihaela Dospinesco, \u00een v\u00e2rst\u0103 de 31 de ani, din Rom\u00e2nia, a venit \u00een stagiu practic la magazinul second-hand al Crucii Ro\u0219ii din Vestergade, Grindsted, c\u00e2nd a r\u0103mas \u0219omer\u0103. Voluntarii au ajutat-o cu limba, iar acum a ob\u021binut un\u2026","rel":"","context":"\u00cen \u201eNavigarea \u00een Danemarca\u201d","block_context":{"text":"Navigarea \u00een Danemarca","link":"https:\/\/lwid.dk\/ro\/category\/navigarea-in-danemarca\/"},"img":{"alt_text":"","src":"https:\/\/i0.wp.com\/lwid.dk\/wp-content\/uploads\/2023\/11\/20.-Mihaela-.png?resize=350%2C200&ssl=1","width":350,"height":200,"srcset":"https:\/\/i0.wp.com\/lwid.dk\/wp-content\/uploads\/2023\/11\/20.-Mihaela-.png?resize=350%2C200&ssl=1 1x, https:\/\/i0.wp.com\/lwid.dk\/wp-content\/uploads\/2023\/11\/20.-Mihaela-.png?resize=525%2C300&ssl=1 1.5x"},"classes":[]},{"id":4275,"url":"https:\/\/lwid.dk\/ro\/incerc-cu-adevarat-sa-schimb-felul-in-care-suntem-vazuti-ca-straini\/","url_meta":{"origin":5408,"position":4},"title":"\u201e\u00cencerc cu adev\u0103rat s\u0103 schimb felul \u00een care suntem v\u0103zu\u021bi ca str\u0103ini&#8221;","author":"Sorina Floroiu","date":"20 decembrie 2021","format":false,"excerpt":"Articol publicat in Piopio.dk, la data de 20 decembrie 2021 Rezumat Aceast\u0103 poveste relateaz\u0103 experien\u021ba lui Ovidiu Nechitoi, un rom\u00e2n care a venit \u00een Danemarca \u00een 2011 pentru a lucra \u00een agricultur\u0103 \u0219i care ulterior \u0219i-a schimbat domeniul de activitate, ajung\u00e2nd s\u0103 lucreze \u00een finan\u021be. Povestea eviden\u021biaz\u0103 provoc\u0103rile \u0219i obstacolele\u2026","rel":"","context":"\u00cen \u201eNavigarea \u00een Danemarca\u201d","block_context":{"text":"Navigarea \u00een Danemarca","link":"https:\/\/lwid.dk\/ro\/category\/navigarea-in-danemarca\/"},"img":{"alt_text":"","src":"https:\/\/i0.wp.com\/lwid.dk\/wp-content\/uploads\/2023\/10\/43.png?resize=350%2C200&ssl=1","width":350,"height":200,"srcset":"https:\/\/i0.wp.com\/lwid.dk\/wp-content\/uploads\/2023\/10\/43.png?resize=350%2C200&ssl=1 1x, https:\/\/i0.wp.com\/lwid.dk\/wp-content\/uploads\/2023\/10\/43.png?resize=525%2C300&ssl=1 1.5x"},"classes":[]},{"id":4158,"url":"https:\/\/lwid.dk\/ro\/editor-sef-fara-straini-agricultura-daneza-s-ar-prabusi-peste-noapte\/","url_meta":{"origin":5408,"position":5},"title":"Editor-\u0219ef: F\u0103r\u0103 str\u0103ini, agricultura danez\u0103 s-ar pr\u0103bu\u0219i peste noapte","author":"Sorina Floroiu","date":"25 iulie 2021","format":false,"excerpt":"Articol publicat in LandbrugsAvisen.dk Christian Friis Hansen, la data de 25 iulie 2021 Rezumat Agricultura danez\u0103 depinde \u00een mare m\u0103sur\u0103 de for\u021ba de munc\u0103 str\u0103in\u0103, iar recrutarea din \u021b\u0103ri precum Ucraina \u0219i Rom\u00e2nia devine din ce \u00een ce mai dificil\u0103 din cauza cre\u0219terii nivelului de trai \u00een aceste \u021b\u0103ri. Cu\u2026","rel":"","context":"\u00cen \u201eNavigarea \u00een Danemarca\u201d","block_context":{"text":"Navigarea \u00een Danemarca","link":"https:\/\/lwid.dk\/ro\/category\/navigarea-in-danemarca\/"},"img":{"alt_text":"","src":"https:\/\/i0.wp.com\/lwid.dk\/wp-content\/uploads\/2023\/10\/22.png?resize=350%2C200&ssl=1","width":350,"height":200,"srcset":"https:\/\/i0.wp.com\/lwid.dk\/wp-content\/uploads\/2023\/10\/22.png?resize=350%2C200&ssl=1 1x, https:\/\/i0.wp.com\/lwid.dk\/wp-content\/uploads\/2023\/10\/22.png?resize=525%2C300&ssl=1 1.5x, https:\/\/i0.wp.com\/lwid.dk\/wp-content\/uploads\/2023\/10\/22.png?resize=700%2C400&ssl=1 2x"},"classes":[]}],"jetpack_featured_media_url":"https:\/\/lwid.dk\/wp-content\/uploads\/2023\/11\/22.-Landsbrug-elev-blev-i-Danmark.png","_links":{"self":[{"href":"https:\/\/lwid.dk\/ro\/wp-json\/wp\/v2\/posts\/5408","targetHints":{"allow":["GET"]}}],"collection":[{"href":"https:\/\/lwid.dk\/ro\/wp-json\/wp\/v2\/posts"}],"about":[{"href":"https:\/\/lwid.dk\/ro\/wp-json\/wp\/v2\/types\/post"}],"author":[{"embeddable":true,"href":"https:\/\/lwid.dk\/ro\/wp-json\/wp\/v2\/users\/11"}],"replies":[{"embeddable":true,"href":"https:\/\/lwid.dk\/ro\/wp-json\/wp\/v2\/comments?post=5408"}],"version-history":[{"count":2,"href":"https:\/\/lwid.dk\/ro\/wp-json\/wp\/v2\/posts\/5408\/revisions"}],"predecessor-version":[{"id":28707,"href":"https:\/\/lwid.dk\/ro\/wp-json\/wp\/v2\/posts\/5408\/revisions\/28707"}],"wp:featuredmedia":[{"embeddable":true,"href":"https:\/\/lwid.dk\/ro\/wp-json\/wp\/v2\/media\/5409"}],"wp:attachment":[{"href":"https:\/\/lwid.dk\/ro\/wp-json\/wp\/v2\/media?parent=5408"}],"wp:term":[{"taxonomy":"category","embeddable":true,"href":"https:\/\/lwid.dk\/ro\/wp-json\/wp\/v2\/categories?post=5408"},{"taxonomy":"post_tag","embeddable":true,"href":"https:\/\/lwid.dk\/ro\/wp-json\/wp\/v2\/tags?post=5408"}],"curies":[{"name":"wp","href":"https:\/\/api.w.org\/{rel}","templated":true}]}}