{"id":5415,"date":"2022-11-24T14:07:00","date_gmt":"2022-11-24T13:07:00","guid":{"rendered":"https:\/\/lwid.dk\/?p=5415"},"modified":"2026-09-01T17:55:35","modified_gmt":"2026-09-01T16:55:35","slug":"cea-mai-notabila-comunitate-culturala-a-anului-este-absolut-incredibil","status":"publish","type":"post","link":"https:\/\/lwid.dk\/ro\/cea-mai-notabila-comunitate-culturala-a-anului-este-absolut-incredibil\/","title":{"rendered":"Cea mai notabil\u0103 Comunitate Cultural\u0103 a Anului: \u201c- Este absolut incredibil!\u201d\u2019"},"content":{"rendered":"\r\n<p class=\"wp-block-paragraph\">Articol publicat \u00een SkiveFolkeblad.dk la data de 24 noiembrie 2022.<\/p>\r\n\r\n\r\n\r\n<figure class=\"wp-block-image size-full\"><img loading=\"lazy\" decoding=\"async\" width=\"720\" height=\"375\" class=\"wp-image-5416\" src=\"https:\/\/lwid.dk\/wp-content\/uploads\/2023\/11\/23.png\" alt=\"\" srcset=\"https:\/\/lwid.dk\/wp-content\/uploads\/2023\/11\/23.png 720w, https:\/\/lwid.dk\/wp-content\/uploads\/2023\/11\/23-300x156.png 300w, https:\/\/lwid.dk\/wp-content\/uploads\/2023\/11\/23-150x78.png 150w, https:\/\/lwid.dk\/wp-content\/uploads\/2023\/11\/23-696x363.png 696w\" sizes=\"auto, (max-width: 720px) 100vw, 720px\" \/><\/figure>\r\n\r\n\r\n\r\n<p class=\"wp-block-paragraph\">Rezumat:<\/p>\r\n\r\n\r\n\r\n<p class=\"wp-block-paragraph\">Asocia\u021bia Cultural\u0103 Danezo-Rom\u00e2n\u0103 din Skive, activ\u0103 de mai pu\u021bin de un an, a fost distins\u0103 cu premiul pentru Comunitatea Cultural\u0103 a Anului. Valentin Vorobat, pre\u0219edintele asocia\u021biei, a fost surprins de acest premiu \u0219i recunoa\u0219te c\u0103 nu se a\u0219tepta la o astfel de recompens\u0103. Banii primi\u021bi odat\u0103 cu premiul vor fi folosi\u021bi pentru organizarea unor evenimente culturale \u00een cadrul asocia\u021biei transna\u021bionale, care \u0219i-a propus s\u0103 schimbe percep\u021bia danezilor despre Rom\u00e2nia \u0219i comunitatea rom\u00e2neasc\u0103.\u00a0<\/p>\r\n\r\n\r\n\r\n<p class=\"wp-block-paragraph\">Articol integral:<\/p>\r\n\r\n\r\n\r\n<p class=\"wp-block-paragraph\">Asocia\u021bia Cultural\u0103 Danezo-Rom\u00e2n\u0103 din Skive exist\u0103 de mai pu\u021bin de un an \u0219i a c\u00e2\u0219tigat premiul pentru Comunitatea Cultural\u0103 a Anului.<\/p>\r\n\r\n\r\n\r\n<p class=\"wp-block-paragraph\">C\u00c2\u0218TIG\u0102TOR Pre\u0219edintele Asocia\u021biei Culturale Danezo-Rom\u00e2ne din Skive, Valentin Vorobat, a fost destul de surprins c\u00e2nd a primit premiul pentru comunitatea cultural\u0103 a anului:<\/p>\r\n\r\n\r\n\r\n<p class=\"wp-block-paragraph\">\u201cEste cu totul incredibil c\u0103 am c\u00e2\u0219tigat. Nu m\u0103 a\u0219teptam la asta\u201d, spune el dup\u0103 \u00eenm\u00e2narea premiului.<\/p>\r\n\r\n\r\n\r\n<p class=\"wp-block-paragraph\">\u201c\u00cen consiliu, ne-am dat voturile pentru \u0218coala de Teatru TRAKO, pentru c\u0103 fac ceva cu totul unic \u0219i special pentru copiii din zona noastr\u0103\u201d, continu\u0103 el cu un z\u00e2mbet larg.<\/p>\r\n\r\n\r\n\r\n<p class=\"wp-block-paragraph\">Cu toate acestea, este foarte fericit pentru premiu \u0219i pentru premiul \u00een bani care \u00eenso\u021be\u0219te acest premiu, bani care vor fi folosi\u021bi pentru a organiza \u0219i mai multe evenimente \u00een cadrul asocia\u021biei culturale transna\u021bionale.<\/p>\r\n\r\n\r\n\r\n<p class=\"wp-block-paragraph\">\u201cC\u00e2nd m\u0103 g\u00e2ndesc la anul care a trecut, este incredibil c\u00e2t de mult am realizat. Nu am avut nicio premis\u0103 s\u0103 c\u00e2\u0219tig\u0103m premii, a\u0219a c\u0103 este frumos c\u0103 cineva a observat lucrurile pe care le-am f\u0103cut\u201d, spune el.<\/p>\r\n\r\n\r\n\r\n<p class=\"wp-block-paragraph\">De la \u00eenfiin\u021barea asocia\u021biei \u00een decembrie anul trecut, asocia\u021bia a fost responsabil\u0103 pentru cel pu\u021bin un eveniment cultural \u00een fiecare lun\u0103.<\/p>\r\n\r\n\r\n\r\n<p class=\"wp-block-paragraph\">\u201cScopul asocia\u021biei a fost, de la \u00eenceput, s\u0103 schimbe percep\u021bia danezilor despre Rom\u00e2nia \u0219i cei peste 35.000 de rom\u00e2ni care locuiesc \u00een \u021bar\u0103\u201d, explic\u0103 Valentin Vorobat.<\/p>\r\n\r\n\r\n\r\n<p class=\"wp-block-paragraph\">\u00cen acest sens, au fost organizate seri de degustare de vinuri, evenimente me\u0219te\u0219ug\u0103re\u0219ti \u0219i cursuri de dans popular rom\u00e2nesc \u00een timpul scurtului timp de existen\u021b\u0103 al asocia\u021biei.<\/p>\r\n\r\n\r\n\r\n<p class=\"wp-block-paragraph\">Asocia\u021bia a depus, de asemenea, eforturi semnificative \u00een sprijinul refugia\u021bilor ucraineni care au ajuns \u00een zon\u0103, \u0219i totul indic\u0103 faptul c\u0103 asocia\u021bia cultural\u0103 danezo-rom\u00e2n\u0103 va continua cu evenimentele culturale \u0219i \u00eent\u00e2lnirile interculturale \u00een viitor.<\/p>\r\n\r\n\r\n\r\n<figure class=\"wp-block-embed\">\r\n<div class=\"wp-block-embed__wrapper\">https:\/\/www.skivefolkeblad.dk\/artikel\/4be8c598-4759-413a-a397-ea046841b0aa\/<\/div>\r\n<\/figure>\r\n","protected":false},"excerpt":{"rendered":"<p>Articol publicat \u00een SkiveFolkeblad.dk la data de 24 noiembrie 2022. Rezumat: Asocia\u021bia Cultural\u0103 Danezo-Rom\u00e2n\u0103 din Skive, activ\u0103 de mai pu\u021bin de un an, a fost distins\u0103 cu premiul pentru Comunitatea Cultural\u0103 a Anului. Valentin Vorobat, pre\u0219edintele asocia\u021biei, a fost surprins de acest premiu \u0219i recunoa\u0219te c\u0103 nu se a\u0219tepta la o astfel de recompens\u0103. Banii [&hellip;]<\/p>\n","protected":false},"author":11,"featured_media":5416,"comment_status":"open","ping_status":"closed","sticky":false,"template":"","format":"standard","meta":{"_acf_changed":false,"_themeisle_gutenberg_block_has_review":false,"_jetpack_newsletter_access":"","_jetpack_dont_email_post_to_subs":false,"_jetpack_newsletter_tier_id":0,"_jetpack_memberships_contains_paywalled_content":false,"_jetpack_feature_clip_id":0,"_jetpack_memberships_contains_paid_content":false,"footnotes":"","jetpack_post_was_ever_published":false,"_members_access_role":[],"_members_access_error":""},"categories":[878,142],"tags":[998,1001,1005],"class_list":["post-5415","post","type-post","status-publish","format-standard","has-post-thumbnail","category-navigarea-in-danemarca","category-povesti-nespuse","tag-arta-si-teatru","tag-diversitate-si-incluziune","tag-implicare"],"acf":[],"jetpack_sharing_enabled":true,"jetpack-related-posts":[{"id":5422,"url":"https:\/\/lwid.dk\/ro\/valentin-din-romania-este-indragostit-de-spiritul-de-voluntariat-din-danemarca\/","url_meta":{"origin":5415,"position":0},"title":"Valentin din Rom\u00e2nia este \u00eendr\u0103gostit de spiritul de voluntariat din Danemarca","author":"Sorina Floroiu","date":"25 noiembrie 2022","format":false,"excerpt":"Articol publicat \u00een Skive Folkeblad la data de 25 noiembrie 2022.\u00a0 Rezumat: Valentin Vorobat, aflat \u00een Danemarca de 12 ani, a fost atras de voluntariat, implic\u00e2ndu-se activ \u00een diverse organiza\u021bii \u0219i activit\u0103\u021bi comunitare. El consider\u0103 c\u0103 prin exemplul s\u0103u poate inspira \u0219i al\u021bi rom\u00e2ni s\u0103 participe la via\u021ba comunitar\u0103 din\u2026","rel":"","context":"\u00cen \u201eNavigarea \u00een Danemarca\u201d","block_context":{"text":"Navigarea \u00een Danemarca","link":"https:\/\/lwid.dk\/ro\/category\/navigarea-in-danemarca\/"},"img":{"alt_text":"","src":"https:\/\/i0.wp.com\/lwid.dk\/wp-content\/uploads\/2023\/11\/24.-Valentin.png?resize=350%2C200&ssl=1","width":350,"height":200,"srcset":"https:\/\/i0.wp.com\/lwid.dk\/wp-content\/uploads\/2023\/11\/24.-Valentin.png?resize=350%2C200&ssl=1 1x, https:\/\/i0.wp.com\/lwid.dk\/wp-content\/uploads\/2023\/11\/24.-Valentin.png?resize=525%2C300&ssl=1 1.5x, https:\/\/i0.wp.com\/lwid.dk\/wp-content\/uploads\/2023\/11\/24.-Valentin.png?resize=700%2C400&ssl=1 2x"},"classes":[]},{"id":5443,"url":"https:\/\/lwid.dk\/ro\/vezi-imaginile-romani-din-intreaga-danemarca-au-sarbatorit-ziua-nationala-la-skive\/","url_meta":{"origin":5415,"position":1},"title":"Vezi imaginile: Rom\u00e2ni din \u00eentreaga Danemarca au s\u0103rb\u0103torit Ziua Na\u021bional\u0103 la Skive","author":"Sorina Floroiu","date":"3 decembrie 2022","format":false,"excerpt":"Articol publicat \u00een SkiveFolkeblad.dk la data de 3 decembrie 2022.\u00a0 Rezumat: Teatrul Skive a fost plin ochi s\u00e2mb\u0103ta \u00eentreag\u0103, cu ocazia celebr\u0103rii Zilei Na\u021bionale a Rom\u00e2niei de c\u0103tre Asocia\u021bia Cultural\u0103 Danezo-Rom\u00e2n\u0103. Aproximativ 250-300 de rom\u00e2ni din toat\u0103 Danemarca au umplut constant teatrul \u00een timpul evenimentului festiv. Pre\u0219edintele asocia\u021biei, Valentin Vorobat,\u2026","rel":"","context":"\u00cen \u201eCultur\u0103\u201d","block_context":{"text":"Cultur\u0103","link":"https:\/\/lwid.dk\/ro\/category\/navigarea-in-danemarca\/cultura\/"},"img":{"alt_text":"","src":"https:\/\/i0.wp.com\/lwid.dk\/wp-content\/uploads\/2023\/11\/27.-.png?resize=350%2C200&ssl=1","width":350,"height":200,"srcset":"https:\/\/i0.wp.com\/lwid.dk\/wp-content\/uploads\/2023\/11\/27.-.png?resize=350%2C200&ssl=1 1x, https:\/\/i0.wp.com\/lwid.dk\/wp-content\/uploads\/2023\/11\/27.-.png?resize=525%2C300&ssl=1 1.5x"},"classes":[]},{"id":3026,"url":"https:\/\/lwid.dk\/ro\/biserica-ortodoxa-a-cumparat-casa-de-misiune-ortodoks-kirke-kobte-missionshus\/","url_meta":{"origin":5415,"position":2},"title":"Biseric\u0103 ortodox\u0103 a cump\u0103rat cas\u0103 de misiune \/ Ortodoks kirke k\u00f8bte missionshus","author":"Sorina Floroiu","date":"7 februarie 2020","format":false,"excerpt":"Articol publicat in Kristeligt Dagblad\u00a0 la data de 7 februarie 2020 Subiectul articolului: \u00cen Isenvad, l\u00e2ng\u0103 Ikast, o comunitate rom\u00e2neasc\u0103-ortodox\u0103 s-a stabilit \u00een 2010, \u00eent\u00e2mpin\u00e2nd provoc\u0103ri \u0219i obstacole, dar reu\u0219ind s\u0103 se integreze treptat \u00een comunitatea local\u0103. Dup\u0103 achizi\u021bionarea unei case de misiune \u00een 2013, au avut loc \u00eembun\u0103t\u0103\u021biri \u0219i\u2026","rel":"","context":"\u00cen \u201eNavigarea \u00een Danemarca\u201d","block_context":{"text":"Navigarea \u00een Danemarca","link":"https:\/\/lwid.dk\/ro\/category\/navigarea-in-danemarca\/"},"img":{"alt_text":"","src":"https:\/\/i0.wp.com\/lwid.dk\/wp-content\/uploads\/2023\/10\/5.-Ortodoks-kirke-1-2.jpg?resize=350%2C200&ssl=1","width":350,"height":200,"srcset":"https:\/\/i0.wp.com\/lwid.dk\/wp-content\/uploads\/2023\/10\/5.-Ortodoks-kirke-1-2.jpg?resize=350%2C200&ssl=1 1x, https:\/\/i0.wp.com\/lwid.dk\/wp-content\/uploads\/2023\/10\/5.-Ortodoks-kirke-1-2.jpg?resize=525%2C300&ssl=1 1.5x, https:\/\/i0.wp.com\/lwid.dk\/wp-content\/uploads\/2023\/10\/5.-Ortodoks-kirke-1-2.jpg?resize=700%2C400&ssl=1 2x, https:\/\/i0.wp.com\/lwid.dk\/wp-content\/uploads\/2023\/10\/5.-Ortodoks-kirke-1-2.jpg?resize=1050%2C600&ssl=1 3x, https:\/\/i0.wp.com\/lwid.dk\/wp-content\/uploads\/2023\/10\/5.-Ortodoks-kirke-1-2.jpg?resize=1400%2C800&ssl=1 4x"},"classes":[]},{"id":5429,"url":"https:\/\/lwid.dk\/ro\/participa-la-celebrarea-zilei-nationale-a-romaniei\/","url_meta":{"origin":5415,"position":3},"title":"Participa la celebrarea Zilei Na\u021bionale a Rom\u00e2niei","author":"Sorina Floroiu","date":"30 noiembrie 2022","format":false,"excerpt":"Articol publicat \u00een Salling Avis la data de 30 noiembrie.\u00a0 Petrecere gratuit\u0103 pentru to\u021bi la Skive Theater pe 3 decembrie. De fapt, Rom\u00e2nia \u00ee\u0219i s\u0103rb\u0103tore\u0219te ziua na\u021bional\u0103 pe 1 decembrie, dar pentru a oferi posibilitatea tuturor s\u0103 participe, chiar \u0219i celor care lucreaz\u0103, petrecerea din Skive este programat\u0103 pe 3\u2026","rel":"","context":"\u00cen \u201eCultur\u0103\u201d","block_context":{"text":"Cultur\u0103","link":"https:\/\/lwid.dk\/ro\/category\/navigarea-in-danemarca\/cultura\/"},"img":{"alt_text":"","src":"https:\/\/i0.wp.com\/lwid.dk\/wp-content\/uploads\/2023\/11\/25.-Ziua-NAtionala.png?resize=350%2C200&ssl=1","width":350,"height":200,"srcset":"https:\/\/i0.wp.com\/lwid.dk\/wp-content\/uploads\/2023\/11\/25.-Ziua-NAtionala.png?resize=350%2C200&ssl=1 1x, https:\/\/i0.wp.com\/lwid.dk\/wp-content\/uploads\/2023\/11\/25.-Ziua-NAtionala.png?resize=525%2C300&ssl=1 1.5x"},"classes":[]},{"id":4151,"url":"https:\/\/lwid.dk\/ro\/experientele-culturale-dau-aripi-de-viata\/","url_meta":{"origin":5415,"position":4},"title":"Experien\u021bele culturale dau aripi de via\u021b\u0103","author":"Sorina Floroiu","date":"11 iulie 2021","format":false,"excerpt":"Articol publicat in JydskeVestkysten Kolding (Livsstil) Side 12, la data de 11 iulie 2021 Rezumat \u00cen acest text, actri\u021ba, dramaturgul \u0219i romancierul Astrid Saalbach subliniaz\u0103 importan\u021ba experien\u021belor culturale \u00een via\u021ba sa, descriindu-le ca pe o necesitate care adaug\u0103 valoare \u0219i profunzime vie\u021bii. Ea regret\u0103 perioada \u00een care evenimentele culturale au\u2026","rel":"","context":"\u00cen \u201eCultur\u0103\u201d","block_context":{"text":"Cultur\u0103","link":"https:\/\/lwid.dk\/ro\/category\/navigarea-in-danemarca\/cultura\/"},"img":{"alt_text":"","src":"https:\/\/i0.wp.com\/lwid.dk\/wp-content\/uploads\/2023\/10\/21.png?resize=350%2C200&ssl=1","width":350,"height":200,"srcset":"https:\/\/i0.wp.com\/lwid.dk\/wp-content\/uploads\/2023\/10\/21.png?resize=350%2C200&ssl=1 1x, https:\/\/i0.wp.com\/lwid.dk\/wp-content\/uploads\/2023\/10\/21.png?resize=525%2C300&ssl=1 1.5x"},"classes":[]},{"id":3215,"url":"https:\/\/lwid.dk\/ro\/soren-este-gata-sa-ofere-ajutor-de-craciun-familiilor-sarace-din-romania-soren-er-klar-med-julehjaelp-til-fattige-familier-i-rumaenien\/","url_meta":{"origin":5415,"position":5},"title":"S\u00f8ren este gata s\u0103 ofere ajutor de Cr\u0103ciun familiilor s\u0103race din Rom\u00e2nia \/ S\u00f8ren er klar med julehj\u00e6lp til fattige familier i Rum\u00e6nien","author":"Sorina Floroiu","date":"24 noiembrie 2020","format":false,"excerpt":"Articol publicat in Ugeavisen Vejle la data de 24 noiembrie 2020.\u00a0 Subiectul articolului: Organiza\u021bia AKO, Activi Kristnes Omsorgsarbejde, a trimis primele dou\u0103 camioane cu ajutoare c\u0103tre familiile s\u0103race din nord-estul Rom\u00e2niei, inclusiv haine de iarn\u0103 \u0219i cadouri de Cr\u0103ciun. De asemenea, planific\u0103 s\u0103 trimit\u0103 \u00eenc\u0103 trei camioane \u00een zon\u0103. AKO\u2026","rel":"","context":"\u00cen \u201eNavigarea \u00een Danemarca\u201d","block_context":{"text":"Navigarea \u00een Danemarca","link":"https:\/\/lwid.dk\/ro\/category\/navigarea-in-danemarca\/"},"img":{"alt_text":"","src":"https:\/\/i0.wp.com\/lwid.dk\/wp-content\/uploads\/2023\/10\/29.-Soren.png?resize=350%2C200&ssl=1","width":350,"height":200,"srcset":"https:\/\/i0.wp.com\/lwid.dk\/wp-content\/uploads\/2023\/10\/29.-Soren.png?resize=350%2C200&ssl=1 1x, https:\/\/i0.wp.com\/lwid.dk\/wp-content\/uploads\/2023\/10\/29.-Soren.png?resize=525%2C300&ssl=1 1.5x"},"classes":[]}],"jetpack_featured_media_url":"https:\/\/lwid.dk\/wp-content\/uploads\/2023\/11\/23.png","_links":{"self":[{"href":"https:\/\/lwid.dk\/ro\/wp-json\/wp\/v2\/posts\/5415","targetHints":{"allow":["GET"]}}],"collection":[{"href":"https:\/\/lwid.dk\/ro\/wp-json\/wp\/v2\/posts"}],"about":[{"href":"https:\/\/lwid.dk\/ro\/wp-json\/wp\/v2\/types\/post"}],"author":[{"embeddable":true,"href":"https:\/\/lwid.dk\/ro\/wp-json\/wp\/v2\/users\/11"}],"replies":[{"embeddable":true,"href":"https:\/\/lwid.dk\/ro\/wp-json\/wp\/v2\/comments?post=5415"}],"version-history":[{"count":2,"href":"https:\/\/lwid.dk\/ro\/wp-json\/wp\/v2\/posts\/5415\/revisions"}],"predecessor-version":[{"id":28706,"href":"https:\/\/lwid.dk\/ro\/wp-json\/wp\/v2\/posts\/5415\/revisions\/28706"}],"wp:featuredmedia":[{"embeddable":true,"href":"https:\/\/lwid.dk\/ro\/wp-json\/wp\/v2\/media\/5416"}],"wp:attachment":[{"href":"https:\/\/lwid.dk\/ro\/wp-json\/wp\/v2\/media?parent=5415"}],"wp:term":[{"taxonomy":"category","embeddable":true,"href":"https:\/\/lwid.dk\/ro\/wp-json\/wp\/v2\/categories?post=5415"},{"taxonomy":"post_tag","embeddable":true,"href":"https:\/\/lwid.dk\/ro\/wp-json\/wp\/v2\/tags?post=5415"}],"curies":[{"name":"wp","href":"https:\/\/api.w.org\/{rel}","templated":true}]}}