{"id":5422,"date":"2022-11-25T14:09:00","date_gmt":"2022-11-25T13:09:00","guid":{"rendered":"https:\/\/lwid.dk\/?p=5422"},"modified":"2026-09-01T17:55:16","modified_gmt":"2026-09-01T16:55:16","slug":"valentin-din-romania-este-indragostit-de-spiritul-de-voluntariat-din-danemarca","status":"publish","type":"post","link":"https:\/\/lwid.dk\/ro\/valentin-din-romania-este-indragostit-de-spiritul-de-voluntariat-din-danemarca\/","title":{"rendered":"Valentin din Rom\u00e2nia este \u00eendr\u0103gostit de spiritul de voluntariat din Danemarca"},"content":{"rendered":"\r\n<p class=\"wp-block-paragraph\">Articol publicat \u00een Skive Folkeblad la data de 25 noiembrie 2022.\u00a0<\/p>\r\n\r\n\r\n\r\n<figure class=\"wp-block-image size-full\"><img loading=\"lazy\" decoding=\"async\" width=\"745\" height=\"727\" class=\"wp-image-5423\" src=\"https:\/\/lwid.dk\/wp-content\/uploads\/2023\/11\/24.-Valentin.png\" alt=\"\" srcset=\"https:\/\/lwid.dk\/wp-content\/uploads\/2023\/11\/24.-Valentin.png 745w, https:\/\/lwid.dk\/wp-content\/uploads\/2023\/11\/24.-Valentin-300x293.png 300w, https:\/\/lwid.dk\/wp-content\/uploads\/2023\/11\/24.-Valentin-150x146.png 150w, https:\/\/lwid.dk\/wp-content\/uploads\/2023\/11\/24.-Valentin-696x679.png 696w\" sizes=\"auto, (max-width: 745px) 100vw, 745px\" \/><\/figure>\r\n\r\n\r\n\r\n<p class=\"wp-block-paragraph\">Rezumat:<\/p>\r\n\r\n\r\n\r\n<p class=\"wp-block-paragraph\">Valentin Vorobat, aflat \u00een Danemarca de 12 ani, a fost atras de voluntariat, implic\u00e2ndu-se activ \u00een diverse organiza\u021bii \u0219i activit\u0103\u021bi comunitare. El consider\u0103 c\u0103 prin exemplul s\u0103u poate inspira \u0219i al\u021bi rom\u00e2ni s\u0103 participe la via\u021ba comunitar\u0103 din Danemarca.<\/p>\r\n\r\n\r\n\r\n<p class=\"wp-block-paragraph\">Articol integral:<\/p>\r\n\r\n\r\n\r\n<p class=\"wp-block-paragraph\">Asocia\u021bia Cultural\u0103 Danezo-Rom\u00e2n\u0103 a c\u00e2\u0219tigat recent premiul local pentru &#8222;Comunitatea Cultural\u0103 a Anului&#8221;. Cu o existen\u021b\u0103 de mai pu\u021bin de un an, asocia\u021bia \u0219i-a l\u0103sat deja amprenta asupra comunit\u0103\u021bii locale.<\/p>\r\n\r\n\r\n\r\n<p class=\"wp-block-paragraph\">C\u00c2\u0218TIG\u0102TOR La \u00eenm\u00e2narea Premiilor Culturale Skiveegn, miercuri seara, surpriza a fost cu at\u00e2t mai mare pentru mul\u021bi c\u0103 Asocia\u021bia Cultural\u0103 Danezo-Rom\u00e2n\u0103 a primit premiul pentru &#8222;Comunitatea Cultural\u0103 a Anului&#8221; \u0219i premiul consistent de 10.000 de coroane care a \u00eenso\u021bit acest premiu.<\/p>\r\n\r\n\r\n\r\n<p class=\"wp-block-paragraph\">Cel mai surprins a fost, totu\u0219i, consiliul propriu al asocia\u021biei, cu pre\u0219edintele Valentin Vorobat, care se a\u0219tepta ca organiza\u021biile mai consolidate din regiune s\u0103 c\u00e2\u0219tige premiul pentru comunitate. Asocia\u021bia Cultural\u0103 Danezo-Rom\u00e2n\u0103 din Skive exist\u0103 doar din decembrie anul trecut, dar \u00een ciuda vie\u021bii modeste, asocia\u021bia se poate m\u00e2ndri cu un nivel activ \u0219i intens de activit\u0103\u021bi.<\/p>\r\n\r\n\r\n\r\n<p class=\"wp-block-paragraph\">&#8222;Scopul meu cu asocia\u021bia a fost, \u00eenc\u0103 de la \u00eenceput, s\u0103 schimb percep\u021bia danezilor despre rom\u00e2ni \u0219i, invers, s\u0103 \u00eenv\u0103\u021b rom\u00e2nii de aici despre cultura danez\u0103&#8221;, explic\u0103 Valentin.<\/p>\r\n\r\n\r\n\r\n<p class=\"wp-block-paragraph\">Cu satisfac\u021bie, el prive\u0219te \u00eenapoi la un an cu multe evenimente festive, cum ar fi seri de degustare a vinurilor cu dansuri populare rom\u00e2ne\u0219ti \u0219i costume tradi\u021bionale.<\/p>\r\n\r\n\r\n\r\n<p class=\"wp-block-paragraph\">De la \u00eenfiin\u021barea asocia\u021biei acum aproximativ un an, aceasta a organizat cel pu\u021bin un eveniment cultural \u00een fiecare lun\u0103. Asocia\u021bia este, de asemenea, preg\u0103tit\u0103 s\u0103 deschid\u0103 o bibliotec\u0103 rom\u00e2neasc\u0103 la \u0219coala Glyng\u00f8re \u0219i, \u00een cursul anului trecut, asocia\u021bia a depus eforturi considerabile pentru a ajuta refugia\u021bii ucraineni care au ajuns \u00een zon\u0103.<\/p>\r\n\r\n\r\n\r\n<p class=\"wp-block-paragraph\">&#8222;A fost un an complet nebun pentru noi&#8221;, constat\u0103 Valentin cu un z\u00e2mbet.<\/p>\r\n\r\n\r\n\r\n<p class=\"wp-block-paragraph\">Atrac\u021bia pentru voluntariat<\/p>\r\n\r\n\r\n\r\n<p class=\"wp-block-paragraph\">Valentin Vorobat a ajuns \u00een Danemarca acum 12 ani. Ast\u0103zi, studiaz\u0103 pentru a deveni operator logistic la Holstebro \u0219i \u00ee\u0219i desf\u0103\u0219oar\u0103 ucenicia la Kulstof-Kemi pe Mors.<\/p>\r\n\r\n\r\n\r\n<p class=\"wp-block-paragraph\">Cu toate acestea, abia recent Valentin a intrat \u00een contact cu adev\u0103rat cu Danemarca voluntar\u0103.<\/p>\r\n\r\n\r\n\r\n<p class=\"wp-block-paragraph\">&#8222;Nu avem organiza\u021bii voluntare \u00een acela\u0219i mod \u00een Rom\u00e2nia. Eu, cel pu\u021bin, nu am crescut cu aceea\u0219i mentalitate despre voluntariat pe care am \u00eent\u00e2lnit-o aici&#8221;, explic\u0103 el.<\/p>\r\n\r\n\r\n\r\n<p class=\"wp-block-paragraph\">El poveste\u0219te cum familia sa din Rom\u00e2nia este uluit\u0103 de suma pe care o pl\u0103te\u0219te pentru jum\u0103tatea anual\u0103 a taxei sale de \u00eenot.<\/p>\r\n\r\n\r\n\r\n<p class=\"wp-block-paragraph\">&#8222;Este aceea\u0219i sum\u0103 pe care o pl\u0103tesc pentru o lun\u0103 de cursuri de \u00eenot, pentru c\u0103 exist\u0103 un instructor de \u00eenot care trebuie pl\u0103tit cu norm\u0103 \u00eentreag\u0103 pentru a veni&#8221;, continu\u0103 el.<\/p>\r\n\r\n\r\n\r\n<p class=\"wp-block-paragraph\">Valentin a fost atras de voluntariat c\u00e2nd s-a \u00eenscris \u00een consiliul de administra\u021bie al Glyng\u00f8re Idr\u00e6tsforening acum doi ani.<\/p>\r\n\r\n\r\n\r\n<p class=\"wp-block-paragraph\">&#8222;Asocia\u021bia era pe cale s\u0103 se \u00eenchid\u0103 dac\u0103 nu s-ar fi \u00eenscris nimeni \u00een consiliu. Adunarea general\u0103 extraordinar\u0103 a aprins o sc\u00e2nteie \u00een mine.&#8221;<\/p>\r\n\r\n\r\n\r\n<p class=\"wp-block-paragraph\">De atunci, el s-a implicat \u00een multe activit\u0103\u021bi voluntare \u0219i locale. El este \u00een continuare membru al consiliului de administra\u021bie al Glyng\u00f8re IF \u0219i ocup\u0103 \u0219i func\u021bia de membru al consiliului de administra\u021bie al Kulturelt Samr\u00e5d. \u00cen plus, el este \u0219i membru al Consiliului Etnic din Skive \u0219i al Comitetului Local de Cooperare.<\/p>\r\n\r\n\r\n\r\n<p class=\"wp-block-paragraph\">\u00een jurul culturii<\/p>\r\n\r\n\r\n\r\n<p class=\"wp-block-paragraph\">Valentin Vorobat se bucur\u0103 s\u0103 fac\u0103 o diferen\u021b\u0103 \u00een comunitatea local\u0103 cu multele sale angajamente voluntare.<\/p>\r\n\r\n\r\n\r\n<p class=\"wp-block-paragraph\">&#8222;Am un motto care sun\u0103 a\u0219a: &#8216;Lead by example&#8217; (Condu prin exemplu). Dac\u0103 m\u0103 implic \u00een via\u021ba asocia\u021biei, poate c\u0103 \u0219i al\u021bi rom\u00e2ni vor avea chef s\u0103 participe. Poate unii care sunt \u0219i mai pricepu\u021bi dec\u00e2t mine&#8221;, spune Valentin.<\/p>\r\n\r\n\r\n\r\n<p class=\"wp-block-paragraph\">Motto-ul a avut succes, pentru c\u0103 prin intermediul Asocia\u021biei Culturale Danezo-Rom\u00e2ne el a ob\u021binut o re\u021bea mai larg\u0103 de rom\u00e2ni locuitori \u00een \u00eentreaga Danemarca, care doresc s\u0103 dea o m\u00e2n\u0103 de ajutor voluntar la eveniment.<\/p>\r\n","protected":false},"excerpt":{"rendered":"<p>Articol publicat \u00een Skive Folkeblad la data de 25 noiembrie 2022.\u00a0 Rezumat: Valentin Vorobat, aflat \u00een Danemarca de 12 ani, a fost atras de voluntariat, implic\u00e2ndu-se activ \u00een diverse organiza\u021bii \u0219i activit\u0103\u021bi comunitare. El consider\u0103 c\u0103 prin exemplul s\u0103u poate inspira \u0219i al\u021bi rom\u00e2ni s\u0103 participe la via\u021ba comunitar\u0103 din Danemarca. Articol integral: Asocia\u021bia Cultural\u0103 [&hellip;]<\/p>\n","protected":false},"author":11,"featured_media":5423,"comment_status":"open","ping_status":"closed","sticky":false,"template":"","format":"standard","meta":{"_acf_changed":false,"_themeisle_gutenberg_block_has_review":false,"_jetpack_newsletter_access":"","_jetpack_dont_email_post_to_subs":false,"_jetpack_newsletter_tier_id":0,"_jetpack_memberships_contains_paywalled_content":false,"_jetpack_feature_clip_id":0,"_jetpack_memberships_contains_paid_content":false,"footnotes":"","jetpack_post_was_ever_published":false,"_members_access_role":[],"_members_access_error":""},"categories":[878,142],"tags":[1001,1005,476],"class_list":["post-5422","post","type-post","status-publish","format-standard","has-post-thumbnail","category-navigarea-in-danemarca","category-povesti-nespuse","tag-diversitate-si-incluziune","tag-implicare","tag-stil-de-viata"],"acf":[],"jetpack_sharing_enabled":true,"jetpack-related-posts":[{"id":5443,"url":"https:\/\/lwid.dk\/ro\/vezi-imaginile-romani-din-intreaga-danemarca-au-sarbatorit-ziua-nationala-la-skive\/","url_meta":{"origin":5422,"position":0},"title":"Vezi imaginile: Rom\u00e2ni din \u00eentreaga Danemarca au s\u0103rb\u0103torit Ziua Na\u021bional\u0103 la Skive","author":"Sorina Floroiu","date":"3 decembrie 2022","format":false,"excerpt":"Articol publicat \u00een SkiveFolkeblad.dk la data de 3 decembrie 2022.\u00a0 Rezumat: Teatrul Skive a fost plin ochi s\u00e2mb\u0103ta \u00eentreag\u0103, cu ocazia celebr\u0103rii Zilei Na\u021bionale a Rom\u00e2niei de c\u0103tre Asocia\u021bia Cultural\u0103 Danezo-Rom\u00e2n\u0103. Aproximativ 250-300 de rom\u00e2ni din toat\u0103 Danemarca au umplut constant teatrul \u00een timpul evenimentului festiv. Pre\u0219edintele asocia\u021biei, Valentin Vorobat,\u2026","rel":"","context":"\u00cen \u201eCultur\u0103\u201d","block_context":{"text":"Cultur\u0103","link":"https:\/\/lwid.dk\/ro\/category\/navigarea-in-danemarca\/cultura\/"},"img":{"alt_text":"","src":"https:\/\/i0.wp.com\/lwid.dk\/wp-content\/uploads\/2023\/11\/27.-.png?resize=350%2C200&ssl=1","width":350,"height":200,"srcset":"https:\/\/i0.wp.com\/lwid.dk\/wp-content\/uploads\/2023\/11\/27.-.png?resize=350%2C200&ssl=1 1x, https:\/\/i0.wp.com\/lwid.dk\/wp-content\/uploads\/2023\/11\/27.-.png?resize=525%2C300&ssl=1 1.5x"},"classes":[]},{"id":5415,"url":"https:\/\/lwid.dk\/ro\/cea-mai-notabila-comunitate-culturala-a-anului-este-absolut-incredibil\/","url_meta":{"origin":5422,"position":1},"title":"Cea mai notabil\u0103 Comunitate Cultural\u0103 a Anului: \u201c- Este absolut incredibil!\u201d\u2019","author":"Sorina Floroiu","date":"24 noiembrie 2022","format":false,"excerpt":"Articol publicat \u00een SkiveFolkeblad.dk la data de 24 noiembrie 2022. Rezumat: Asocia\u021bia Cultural\u0103 Danezo-Rom\u00e2n\u0103 din Skive, activ\u0103 de mai pu\u021bin de un an, a fost distins\u0103 cu premiul pentru Comunitatea Cultural\u0103 a Anului. Valentin Vorobat, pre\u0219edintele asocia\u021biei, a fost surprins de acest premiu \u0219i recunoa\u0219te c\u0103 nu se a\u0219tepta la\u2026","rel":"","context":"\u00cen \u201eNavigarea \u00een Danemarca\u201d","block_context":{"text":"Navigarea \u00een Danemarca","link":"https:\/\/lwid.dk\/ro\/category\/navigarea-in-danemarca\/"},"img":{"alt_text":"","src":"https:\/\/i0.wp.com\/lwid.dk\/wp-content\/uploads\/2023\/11\/23.png?resize=350%2C200&ssl=1","width":350,"height":200,"srcset":"https:\/\/i0.wp.com\/lwid.dk\/wp-content\/uploads\/2023\/11\/23.png?resize=350%2C200&ssl=1 1x, https:\/\/i0.wp.com\/lwid.dk\/wp-content\/uploads\/2023\/11\/23.png?resize=525%2C300&ssl=1 1.5x, https:\/\/i0.wp.com\/lwid.dk\/wp-content\/uploads\/2023\/11\/23.png?resize=700%2C400&ssl=1 2x"},"classes":[]},{"id":5429,"url":"https:\/\/lwid.dk\/ro\/participa-la-celebrarea-zilei-nationale-a-romaniei\/","url_meta":{"origin":5422,"position":2},"title":"Participa la celebrarea Zilei Na\u021bionale a Rom\u00e2niei","author":"Sorina Floroiu","date":"30 noiembrie 2022","format":false,"excerpt":"Articol publicat \u00een Salling Avis la data de 30 noiembrie.\u00a0 Petrecere gratuit\u0103 pentru to\u021bi la Skive Theater pe 3 decembrie. De fapt, Rom\u00e2nia \u00ee\u0219i s\u0103rb\u0103tore\u0219te ziua na\u021bional\u0103 pe 1 decembrie, dar pentru a oferi posibilitatea tuturor s\u0103 participe, chiar \u0219i celor care lucreaz\u0103, petrecerea din Skive este programat\u0103 pe 3\u2026","rel":"","context":"\u00cen \u201eCultur\u0103\u201d","block_context":{"text":"Cultur\u0103","link":"https:\/\/lwid.dk\/ro\/category\/navigarea-in-danemarca\/cultura\/"},"img":{"alt_text":"","src":"https:\/\/i0.wp.com\/lwid.dk\/wp-content\/uploads\/2023\/11\/25.-Ziua-NAtionala.png?resize=350%2C200&ssl=1","width":350,"height":200,"srcset":"https:\/\/i0.wp.com\/lwid.dk\/wp-content\/uploads\/2023\/11\/25.-Ziua-NAtionala.png?resize=350%2C200&ssl=1 1x, https:\/\/i0.wp.com\/lwid.dk\/wp-content\/uploads\/2023\/11\/25.-Ziua-NAtionala.png?resize=525%2C300&ssl=1 1.5x"},"classes":[]},{"id":3049,"url":"https:\/\/lwid.dk\/ro\/crestinii-romani-in-crestere-puternica-in-danemarca-rumaenske-kristne-i-kraftig-vaekst-i-danmark\/","url_meta":{"origin":5422,"position":3},"title":"Cre\u0219tinii rom\u00e2ni \u00een cre\u0219tere puternic\u0103 \u00een Danemarca \/ Rum\u00e6nske kristne i kraftig v\u00e6kst i Danmark","author":"Sorina Floroiu","date":"7 februarie 2020","format":false,"excerpt":"Articol publicat in Kristeligt Dagblad\u00a0 la data de 7 februarie 2020 Subiectul articolului:\u00a0 Num\u0103rul comunit\u0103\u021bilor ortodoxe din Danemarca, \u00een special cele rom\u00e2ne\u0219ti, a crescut semnificativ datorit\u0103 migra\u021biei sporite din \u021b\u0103rile ortodoxe. Aceast\u0103 cre\u0219tere a determinat preocuparea Bisericii Poporului cu privire la influen\u021ba ortodox\u0103 \u00een Danemarca. \u00cen prezent (e.g. 2020), exist\u0103\u2026","rel":"","context":"\u00cen \u201eNavigarea \u00een Danemarca\u201d","block_context":{"text":"Navigarea \u00een Danemarca","link":"https:\/\/lwid.dk\/ro\/category\/navigarea-in-danemarca\/"},"img":{"alt_text":"","src":"https:\/\/i0.wp.com\/lwid.dk\/wp-content\/uploads\/2023\/10\/6.-Rumaenske-kristner.png?resize=350%2C200&ssl=1","width":350,"height":200,"srcset":"https:\/\/i0.wp.com\/lwid.dk\/wp-content\/uploads\/2023\/10\/6.-Rumaenske-kristner.png?resize=350%2C200&ssl=1 1x, https:\/\/i0.wp.com\/lwid.dk\/wp-content\/uploads\/2023\/10\/6.-Rumaenske-kristner.png?resize=525%2C300&ssl=1 1.5x, https:\/\/i0.wp.com\/lwid.dk\/wp-content\/uploads\/2023\/10\/6.-Rumaenske-kristner.png?resize=700%2C400&ssl=1 2x"},"classes":[]},{"id":3063,"url":"https:\/\/lwid.dk\/ro\/specialistii-romani-asigura-productia-in-silkeborg-rumaenske-fagfolk-sikrer-produktionen-i-silkeborg\/","url_meta":{"origin":5422,"position":4},"title":"Speciali\u0219tii rom\u00e2ni asigur\u0103 produc\u021bia \u00een Silkeborg \/ Rum\u00e6nske fagfolk sikrer produktionen i Silkeborg","author":"Sorina Floroiu","date":"11 februarie 2020","format":false,"excerpt":"Articol publicat in Industri & Teknik la data de 11 februarie 2020 Subiect articol\u00a0 \u00cen Silkeborg Sp\u00e5ntagning, \u0219ase din cei 35 de angaja\u021bi sunt rom\u00e2ni, asigur\u00e2nd produc\u021bia \u00eentr-un moment de penurie de tehnicieni industriali. Rom\u00e2nii sunt aprecia\u021bi pentru abilit\u0103\u021bile lor tehnice \u0219i pentru faptul c\u0103 sunt dedica\u021bi \u0219i eficien\u021bi \u00een\u2026","rel":"","context":"\u00cen \u201eNavigarea \u00een Danemarca\u201d","block_context":{"text":"Navigarea \u00een Danemarca","link":"https:\/\/lwid.dk\/ro\/category\/navigarea-in-danemarca\/"},"img":{"alt_text":"","src":"https:\/\/i0.wp.com\/lwid.dk\/wp-content\/uploads\/2023\/10\/8.-Rumaenske-fagfolk-sikrer-produktionen.png?resize=350%2C200&ssl=1","width":350,"height":200,"srcset":"https:\/\/i0.wp.com\/lwid.dk\/wp-content\/uploads\/2023\/10\/8.-Rumaenske-fagfolk-sikrer-produktionen.png?resize=350%2C200&ssl=1 1x, https:\/\/i0.wp.com\/lwid.dk\/wp-content\/uploads\/2023\/10\/8.-Rumaenske-fagfolk-sikrer-produktionen.png?resize=525%2C300&ssl=1 1.5x, https:\/\/i0.wp.com\/lwid.dk\/wp-content\/uploads\/2023\/10\/8.-Rumaenske-fagfolk-sikrer-produktionen.png?resize=700%2C400&ssl=1 2x"},"classes":[]},{"id":15938,"url":"https:\/\/lwid.dk\/ro\/perspective-asupra-stilului-de-viata-danez-saptamana-15\/","url_meta":{"origin":5422,"position":5},"title":"Perspective asupra stilului de via\u021b\u0103 danez &#8211; S\u0103pt\u0103m\u00e2na 15","author":"Catalina Anapios","date":"14 aprilie 2024","format":false,"excerpt":"Scutura\u021bi-v\u0103 p\u0103turile de picnic - soarele str\u0103luce\u0219te \u0219i este timpul de ie\u0219it la iarb\u0103 verde! \u0218tiai c\u0103 picnicurile sunt at\u00e2t de daneze \u00eenc\u00e2t au jucat \u0219i un rol \u00een originea sm\u00f8rrebr\u00f8d-ului, cel mai faimos fel de m\u00e2ncare din \u021bar\u0103? Aceasta const\u0103 \u00een p\u00e2ine neagr\u0103 cu toppinguri precum ou, cartofi, somon\u2026","rel":"","context":"\u00cen \u201eNavigarea \u00een Danemarca\u201d","block_context":{"text":"Navigarea \u00een Danemarca","link":"https:\/\/lwid.dk\/ro\/category\/navigarea-in-danemarca\/"},"img":{"alt_text":"Viata de zi cu zi in Danemarca Last Week in Denmark","src":"https:\/\/i0.wp.com\/lwid.dk\/wp-content\/uploads\/2023\/12\/Viata-de-zi-cu-zi-in-Danemarca.jpg?resize=350%2C200&ssl=1","width":350,"height":200,"srcset":"https:\/\/i0.wp.com\/lwid.dk\/wp-content\/uploads\/2023\/12\/Viata-de-zi-cu-zi-in-Danemarca.jpg?resize=350%2C200&ssl=1 1x, https:\/\/i0.wp.com\/lwid.dk\/wp-content\/uploads\/2023\/12\/Viata-de-zi-cu-zi-in-Danemarca.jpg?resize=525%2C300&ssl=1 1.5x"},"classes":[]}],"jetpack_featured_media_url":"https:\/\/lwid.dk\/wp-content\/uploads\/2023\/11\/24.-Valentin.png","_links":{"self":[{"href":"https:\/\/lwid.dk\/ro\/wp-json\/wp\/v2\/posts\/5422","targetHints":{"allow":["GET"]}}],"collection":[{"href":"https:\/\/lwid.dk\/ro\/wp-json\/wp\/v2\/posts"}],"about":[{"href":"https:\/\/lwid.dk\/ro\/wp-json\/wp\/v2\/types\/post"}],"author":[{"embeddable":true,"href":"https:\/\/lwid.dk\/ro\/wp-json\/wp\/v2\/users\/11"}],"replies":[{"embeddable":true,"href":"https:\/\/lwid.dk\/ro\/wp-json\/wp\/v2\/comments?post=5422"}],"version-history":[{"count":2,"href":"https:\/\/lwid.dk\/ro\/wp-json\/wp\/v2\/posts\/5422\/revisions"}],"predecessor-version":[{"id":28705,"href":"https:\/\/lwid.dk\/ro\/wp-json\/wp\/v2\/posts\/5422\/revisions\/28705"}],"wp:featuredmedia":[{"embeddable":true,"href":"https:\/\/lwid.dk\/ro\/wp-json\/wp\/v2\/media\/5423"}],"wp:attachment":[{"href":"https:\/\/lwid.dk\/ro\/wp-json\/wp\/v2\/media?parent=5422"}],"wp:term":[{"taxonomy":"category","embeddable":true,"href":"https:\/\/lwid.dk\/ro\/wp-json\/wp\/v2\/categories?post=5422"},{"taxonomy":"post_tag","embeddable":true,"href":"https:\/\/lwid.dk\/ro\/wp-json\/wp\/v2\/tags?post=5422"}],"curies":[{"name":"wp","href":"https:\/\/api.w.org\/{rel}","templated":true}]}}