{"id":5429,"date":"2022-11-30T14:11:00","date_gmt":"2022-11-30T13:11:00","guid":{"rendered":"https:\/\/lwid.dk\/?p=5429"},"modified":"2026-09-01T17:54:08","modified_gmt":"2026-09-01T16:54:08","slug":"participa-la-celebrarea-zilei-nationale-a-romaniei","status":"publish","type":"post","link":"https:\/\/lwid.dk\/ro\/participa-la-celebrarea-zilei-nationale-a-romaniei\/","title":{"rendered":"Participa la celebrarea Zilei Na\u021bionale a Rom\u00e2niei"},"content":{"rendered":"\r\n<p class=\"wp-block-paragraph\">Articol publicat \u00een Salling Avis la data de 30 noiembrie.\u00a0<\/p>\r\n\r\n\r\n\r\n<figure class=\"wp-block-image size-full\"><img loading=\"lazy\" decoding=\"async\" width=\"552\" height=\"375\" class=\"wp-image-5430\" src=\"https:\/\/lwid.dk\/wp-content\/uploads\/2023\/11\/25.-Ziua-NAtionala.png\" alt=\"\" srcset=\"https:\/\/lwid.dk\/wp-content\/uploads\/2023\/11\/25.-Ziua-NAtionala.png 552w, https:\/\/lwid.dk\/wp-content\/uploads\/2023\/11\/25.-Ziua-NAtionala-300x204.png 300w, https:\/\/lwid.dk\/wp-content\/uploads\/2023\/11\/25.-Ziua-NAtionala-150x102.png 150w\" sizes=\"auto, (max-width: 552px) 100vw, 552px\" \/><\/figure>\r\n\r\n\r\n\r\n<p class=\"wp-block-paragraph\">Petrecere gratuit\u0103 pentru to\u021bi la Skive Theater pe 3 decembrie. De fapt, Rom\u00e2nia \u00ee\u0219i s\u0103rb\u0103tore\u0219te ziua na\u021bional\u0103 pe 1 decembrie, dar pentru a oferi posibilitatea tuturor s\u0103 participe, chiar \u0219i celor care lucreaz\u0103, petrecerea din Skive este programat\u0103 pe 3 decembrie. Aici, to\u021bi, inclusiv danezii, sunt bineveni\u021bi s\u0103 participe la celebrarea zilei na\u021bionale \u00een Skive Theater. Evenimentul este organizat \u00een colaborare cu Asocia\u021bia Cultural\u0103 Danezo-Rom\u00e2n\u0103 din Skive, care v\u0103 invit\u0103 s\u0103 lua\u021bi parte la activit\u0103\u021bi pentru copii \u0219i adul\u021bi, standuri cu produse tradi\u021bionale, cultur\u0103 \u0219i dans, precum \u0219i muzic\u0103 live.<\/p>\r\n\r\n\r\n\r\n<p class=\"wp-block-paragraph\">\u201cNe bucur\u0103m foarte mult \u0219i sper\u0103m c\u0103 mul\u021bi vor avea chef s\u0103 participe. Este complet gratuit. P\u00e2n\u0103 acum, 160 de persoane s-au \u00eenscris prin evenimentul nostru de pe Facebook, dar pute\u021bi veni \u0219i s\u0103 participa\u021bi \u00een ziua evenimentului. \u00cencepem diminea\u021ba\u201d, spune Valentin Vorobat, pre\u0219edintele asocia\u021biei.<\/p>\r\n\r\n\r\n\r\n<p class=\"wp-block-paragraph\">El explic\u0103 c\u0103 asocia\u021bia dore\u0219te s\u0103 ofere tuturor rom\u00e2nilor care locuiesc \u00een Danemarca o \u0219ans\u0103 de a se aduna \u00een aceast\u0103 zi, \u0219i exist\u0103 deja rom\u00e2ni \u0219i danezi din \u00eentreaga \u021bar\u0103 \u00eenregistra\u021bi.<\/p>\r\n\r\n\r\n\r\n<ul class=\"wp-block-list\">\r\n<li>Oaspe\u021bii pot explora o varietate de standuri cu specialit\u0103\u021bi rom\u00e2ne\u0219ti. \u0218coala rom\u00e2neasc\u0103 local\u0103, care se afl\u0103 la Skivehus, va fi \u0219i ea prezent\u0103. Elevii vor vinde produse, iar profitul ob\u021binut va merge c\u0103tre o excursie la cinema pentru elevi. De asemenea, vor dansa, vor c\u00e2nta \u0219i vor recita poezii. Oaspe\u021bii vor avea, de asemenea, ocazia s\u0103 danseze un dans rom\u00e2nesc \u0219i s\u0103 deguste m\u00e2ncare \u0219i vin.<\/li>\r\n\r\n\r\n\r\n<li>Am reu\u0219it, de asemenea, s\u0103 aducem patru arti\u0219ti diferi\u021bi pentru a sus\u021bine un spectacol. Suntem ner\u0103bd\u0103tori s\u0103-i avem pe Moldo-Duo, pe violonista Mihaela Oprea, pe Daniel Gusti \u0219i, nu \u00een ultimul r\u00e2nd, pe Ducu Bertzi, care este un nume cu adev\u0103rat mare \u00een Rom\u00e2nia. Este un succes c\u0103 am reu\u0219it s\u0103-l aducem s\u0103 c\u00e2nte la Skive, spune Valentin Vorobat pentru Salling Avis.<\/li>\r\n<\/ul>\r\n","protected":false},"excerpt":{"rendered":"<p>Articol publicat \u00een Salling Avis la data de 30 noiembrie.\u00a0 Petrecere gratuit\u0103 pentru to\u021bi la Skive Theater pe 3 decembrie. De fapt, Rom\u00e2nia \u00ee\u0219i s\u0103rb\u0103tore\u0219te ziua na\u021bional\u0103 pe 1 decembrie, dar pentru a oferi posibilitatea tuturor s\u0103 participe, chiar \u0219i celor care lucreaz\u0103, petrecerea din Skive este programat\u0103 pe 3 decembrie. Aici, to\u021bi, inclusiv danezii, [&hellip;]<\/p>\n","protected":false},"author":11,"featured_media":5430,"comment_status":"open","ping_status":"closed","sticky":false,"template":"","format":"standard","meta":{"_acf_changed":false,"_themeisle_gutenberg_block_has_review":false,"_jetpack_newsletter_access":"","_jetpack_dont_email_post_to_subs":false,"_jetpack_newsletter_tier_id":0,"_jetpack_memberships_contains_paywalled_content":false,"_jetpack_feature_clip_id":0,"_jetpack_memberships_contains_paid_content":false,"footnotes":"","jetpack_post_was_ever_published":false,"_members_access_role":[],"_members_access_error":""},"categories":[136,878],"tags":[998,1001,1005],"class_list":["post-5429","post","type-post","status-publish","format-standard","has-post-thumbnail","category-cultura","category-navigarea-in-danemarca","tag-arta-si-teatru","tag-diversitate-si-incluziune","tag-implicare"],"acf":[],"jetpack_sharing_enabled":true,"jetpack-related-posts":[{"id":5443,"url":"https:\/\/lwid.dk\/ro\/vezi-imaginile-romani-din-intreaga-danemarca-au-sarbatorit-ziua-nationala-la-skive\/","url_meta":{"origin":5429,"position":0},"title":"Vezi imaginile: Rom\u00e2ni din \u00eentreaga Danemarca au s\u0103rb\u0103torit Ziua Na\u021bional\u0103 la Skive","author":"Sorina Floroiu","date":"3 decembrie 2022","format":false,"excerpt":"Articol publicat \u00een SkiveFolkeblad.dk la data de 3 decembrie 2022.\u00a0 Rezumat: Teatrul Skive a fost plin ochi s\u00e2mb\u0103ta \u00eentreag\u0103, cu ocazia celebr\u0103rii Zilei Na\u021bionale a Rom\u00e2niei de c\u0103tre Asocia\u021bia Cultural\u0103 Danezo-Rom\u00e2n\u0103. Aproximativ 250-300 de rom\u00e2ni din toat\u0103 Danemarca au umplut constant teatrul \u00een timpul evenimentului festiv. Pre\u0219edintele asocia\u021biei, Valentin Vorobat,\u2026","rel":"","context":"\u00cen \u201eCultur\u0103\u201d","block_context":{"text":"Cultur\u0103","link":"https:\/\/lwid.dk\/ro\/category\/navigarea-in-danemarca\/cultura\/"},"img":{"alt_text":"","src":"https:\/\/i0.wp.com\/lwid.dk\/wp-content\/uploads\/2023\/11\/27.-.png?resize=350%2C200&ssl=1","width":350,"height":200,"srcset":"https:\/\/i0.wp.com\/lwid.dk\/wp-content\/uploads\/2023\/11\/27.-.png?resize=350%2C200&ssl=1 1x, https:\/\/i0.wp.com\/lwid.dk\/wp-content\/uploads\/2023\/11\/27.-.png?resize=525%2C300&ssl=1 1.5x"},"classes":[]},{"id":5436,"url":"https:\/\/lwid.dk\/ro\/carti-romanesti-la-scoala-din-glyngore\/","url_meta":{"origin":5429,"position":1},"title":"C\u0103r\u021bi rom\u00e2ne\u0219ti la \u0219coala din Glyng\u00f8re","author":"Sorina Floroiu","date":"30 noiembrie 2022","format":false,"excerpt":"Articol publicat \u00een Salling Avis la data de 30 noiembrie 2022.\u00a0 La 4 decembrie se deschide o bibliotec\u0103 rom\u00e2neasc\u0103 la \u0218coala Glyng\u00f8re. Deschiderea va fi s\u0103rb\u0103torit\u0103 cu dou\u0103 lans\u0103ri de c\u0103r\u021bi \u0219i interpretare la pian, iar to\u021bi sunt bineveni\u021bi, conform Asocia\u021biei Culturale Danezo-Rom\u00e2ne Skive, care st\u0103 \u00een spatele acestei ini\u021biative.\u2026","rel":"","context":"\u00cen \u201eCultur\u0103\u201d","block_context":{"text":"Cultur\u0103","link":"https:\/\/lwid.dk\/ro\/category\/navigarea-in-danemarca\/cultura\/"},"img":{"alt_text":"","src":"https:\/\/i0.wp.com\/lwid.dk\/wp-content\/uploads\/2023\/11\/26.-Rumaenske-boger.png?resize=350%2C200&ssl=1","width":350,"height":200,"srcset":"https:\/\/i0.wp.com\/lwid.dk\/wp-content\/uploads\/2023\/11\/26.-Rumaenske-boger.png?resize=350%2C200&ssl=1 1x, https:\/\/i0.wp.com\/lwid.dk\/wp-content\/uploads\/2023\/11\/26.-Rumaenske-boger.png?resize=525%2C300&ssl=1 1.5x"},"classes":[]},{"id":5415,"url":"https:\/\/lwid.dk\/ro\/cea-mai-notabila-comunitate-culturala-a-anului-este-absolut-incredibil\/","url_meta":{"origin":5429,"position":2},"title":"Cea mai notabil\u0103 Comunitate Cultural\u0103 a Anului: \u201c- Este absolut incredibil!\u201d\u2019","author":"Sorina Floroiu","date":"24 noiembrie 2022","format":false,"excerpt":"Articol publicat \u00een SkiveFolkeblad.dk la data de 24 noiembrie 2022. Rezumat: Asocia\u021bia Cultural\u0103 Danezo-Rom\u00e2n\u0103 din Skive, activ\u0103 de mai pu\u021bin de un an, a fost distins\u0103 cu premiul pentru Comunitatea Cultural\u0103 a Anului. Valentin Vorobat, pre\u0219edintele asocia\u021biei, a fost surprins de acest premiu \u0219i recunoa\u0219te c\u0103 nu se a\u0219tepta la\u2026","rel":"","context":"\u00cen \u201eNavigarea \u00een Danemarca\u201d","block_context":{"text":"Navigarea \u00een Danemarca","link":"https:\/\/lwid.dk\/ro\/category\/navigarea-in-danemarca\/"},"img":{"alt_text":"","src":"https:\/\/i0.wp.com\/lwid.dk\/wp-content\/uploads\/2023\/11\/23.png?resize=350%2C200&ssl=1","width":350,"height":200,"srcset":"https:\/\/i0.wp.com\/lwid.dk\/wp-content\/uploads\/2023\/11\/23.png?resize=350%2C200&ssl=1 1x, https:\/\/i0.wp.com\/lwid.dk\/wp-content\/uploads\/2023\/11\/23.png?resize=525%2C300&ssl=1 1.5x, https:\/\/i0.wp.com\/lwid.dk\/wp-content\/uploads\/2023\/11\/23.png?resize=700%2C400&ssl=1 2x"},"classes":[]},{"id":5422,"url":"https:\/\/lwid.dk\/ro\/valentin-din-romania-este-indragostit-de-spiritul-de-voluntariat-din-danemarca\/","url_meta":{"origin":5429,"position":3},"title":"Valentin din Rom\u00e2nia este \u00eendr\u0103gostit de spiritul de voluntariat din Danemarca","author":"Sorina Floroiu","date":"25 noiembrie 2022","format":false,"excerpt":"Articol publicat \u00een Skive Folkeblad la data de 25 noiembrie 2022.\u00a0 Rezumat: Valentin Vorobat, aflat \u00een Danemarca de 12 ani, a fost atras de voluntariat, implic\u00e2ndu-se activ \u00een diverse organiza\u021bii \u0219i activit\u0103\u021bi comunitare. El consider\u0103 c\u0103 prin exemplul s\u0103u poate inspira \u0219i al\u021bi rom\u00e2ni s\u0103 participe la via\u021ba comunitar\u0103 din\u2026","rel":"","context":"\u00cen \u201eNavigarea \u00een Danemarca\u201d","block_context":{"text":"Navigarea \u00een Danemarca","link":"https:\/\/lwid.dk\/ro\/category\/navigarea-in-danemarca\/"},"img":{"alt_text":"","src":"https:\/\/i0.wp.com\/lwid.dk\/wp-content\/uploads\/2023\/11\/24.-Valentin.png?resize=350%2C200&ssl=1","width":350,"height":200,"srcset":"https:\/\/i0.wp.com\/lwid.dk\/wp-content\/uploads\/2023\/11\/24.-Valentin.png?resize=350%2C200&ssl=1 1x, https:\/\/i0.wp.com\/lwid.dk\/wp-content\/uploads\/2023\/11\/24.-Valentin.png?resize=525%2C300&ssl=1 1.5x, https:\/\/i0.wp.com\/lwid.dk\/wp-content\/uploads\/2023\/11\/24.-Valentin.png?resize=700%2C400&ssl=1 2x"},"classes":[]},{"id":3056,"url":"https:\/\/lwid.dk\/ro\/jurnalist-publica-o-carte-despre-europa-de-est-journalist-udgiver-bog-om-osteuropa\/","url_meta":{"origin":5429,"position":4},"title":"Jurnalist public\u0103 o carte despre Europa de Est \/ Journalist udgiver bog om \u00d8steuropa","author":"Sorina Floroiu","date":"7 februarie 2020","format":false,"excerpt":"Articol publicat in Skive Folkeblad la data de 7 februarie 2020 Subiectul articolului:\u00a0 Jurnalistul Thue Grum-Schwensen a lansat o carte despre experien\u021bele din Europa de Est, \u00een care se exploreaz\u0103 \u0219i se poveste\u0219te despre persoane \u0219i evenimente din mai multe \u021b\u0103ri, inclusiv din Rom\u00e2nia. Cartea pune accent pe diversitatea politic\u0103\u2026","rel":"","context":"\u00cen \u201eNavigarea \u00een Danemarca\u201d","block_context":{"text":"Navigarea \u00een Danemarca","link":"https:\/\/lwid.dk\/ro\/category\/navigarea-in-danemarca\/"},"img":{"alt_text":"","src":"https:\/\/i0.wp.com\/lwid.dk\/wp-content\/uploads\/2023\/10\/7.-Journalister.png?resize=350%2C200&ssl=1","width":350,"height":200,"srcset":"https:\/\/i0.wp.com\/lwid.dk\/wp-content\/uploads\/2023\/10\/7.-Journalister.png?resize=350%2C200&ssl=1 1x, https:\/\/i0.wp.com\/lwid.dk\/wp-content\/uploads\/2023\/10\/7.-Journalister.png?resize=525%2C300&ssl=1 1.5x, https:\/\/i0.wp.com\/lwid.dk\/wp-content\/uploads\/2023\/10\/7.-Journalister.png?resize=700%2C400&ssl=1 2x"},"classes":[]},{"id":4275,"url":"https:\/\/lwid.dk\/ro\/incerc-cu-adevarat-sa-schimb-felul-in-care-suntem-vazuti-ca-straini\/","url_meta":{"origin":5429,"position":5},"title":"\u201e\u00cencerc cu adev\u0103rat s\u0103 schimb felul \u00een care suntem v\u0103zu\u021bi ca str\u0103ini&#8221;","author":"Sorina Floroiu","date":"20 decembrie 2021","format":false,"excerpt":"Articol publicat in Piopio.dk, la data de 20 decembrie 2021 Rezumat Aceast\u0103 poveste relateaz\u0103 experien\u021ba lui Ovidiu Nechitoi, un rom\u00e2n care a venit \u00een Danemarca \u00een 2011 pentru a lucra \u00een agricultur\u0103 \u0219i care ulterior \u0219i-a schimbat domeniul de activitate, ajung\u00e2nd s\u0103 lucreze \u00een finan\u021be. Povestea eviden\u021biaz\u0103 provoc\u0103rile \u0219i obstacolele\u2026","rel":"","context":"\u00cen \u201eNavigarea \u00een Danemarca\u201d","block_context":{"text":"Navigarea \u00een Danemarca","link":"https:\/\/lwid.dk\/ro\/category\/navigarea-in-danemarca\/"},"img":{"alt_text":"","src":"https:\/\/i0.wp.com\/lwid.dk\/wp-content\/uploads\/2023\/10\/43.png?resize=350%2C200&ssl=1","width":350,"height":200,"srcset":"https:\/\/i0.wp.com\/lwid.dk\/wp-content\/uploads\/2023\/10\/43.png?resize=350%2C200&ssl=1 1x, https:\/\/i0.wp.com\/lwid.dk\/wp-content\/uploads\/2023\/10\/43.png?resize=525%2C300&ssl=1 1.5x"},"classes":[]}],"jetpack_featured_media_url":"https:\/\/lwid.dk\/wp-content\/uploads\/2023\/11\/25.-Ziua-NAtionala.png","_links":{"self":[{"href":"https:\/\/lwid.dk\/ro\/wp-json\/wp\/v2\/posts\/5429","targetHints":{"allow":["GET"]}}],"collection":[{"href":"https:\/\/lwid.dk\/ro\/wp-json\/wp\/v2\/posts"}],"about":[{"href":"https:\/\/lwid.dk\/ro\/wp-json\/wp\/v2\/types\/post"}],"author":[{"embeddable":true,"href":"https:\/\/lwid.dk\/ro\/wp-json\/wp\/v2\/users\/11"}],"replies":[{"embeddable":true,"href":"https:\/\/lwid.dk\/ro\/wp-json\/wp\/v2\/comments?post=5429"}],"version-history":[{"count":2,"href":"https:\/\/lwid.dk\/ro\/wp-json\/wp\/v2\/posts\/5429\/revisions"}],"predecessor-version":[{"id":28683,"href":"https:\/\/lwid.dk\/ro\/wp-json\/wp\/v2\/posts\/5429\/revisions\/28683"}],"wp:featuredmedia":[{"embeddable":true,"href":"https:\/\/lwid.dk\/ro\/wp-json\/wp\/v2\/media\/5430"}],"wp:attachment":[{"href":"https:\/\/lwid.dk\/ro\/wp-json\/wp\/v2\/media?parent=5429"}],"wp:term":[{"taxonomy":"category","embeddable":true,"href":"https:\/\/lwid.dk\/ro\/wp-json\/wp\/v2\/categories?post=5429"},{"taxonomy":"post_tag","embeddable":true,"href":"https:\/\/lwid.dk\/ro\/wp-json\/wp\/v2\/tags?post=5429"}],"curies":[{"name":"wp","href":"https:\/\/api.w.org\/{rel}","templated":true}]}}