{"id":5436,"date":"2022-11-30T14:13:00","date_gmt":"2022-11-30T13:13:00","guid":{"rendered":"https:\/\/lwid.dk\/?p=5436"},"modified":"2026-09-01T17:53:46","modified_gmt":"2026-09-01T16:53:46","slug":"carti-romanesti-la-scoala-din-glyngore","status":"publish","type":"post","link":"https:\/\/lwid.dk\/ro\/carti-romanesti-la-scoala-din-glyngore\/","title":{"rendered":"C\u0103r\u021bi rom\u00e2ne\u0219ti la \u0219coala din Glyng\u00f8re"},"content":{"rendered":"\r\n<p class=\"wp-block-paragraph\">Articol publicat \u00een Salling Avis la data de 30 noiembrie 2022.\u00a0<\/p>\r\n\r\n\r\n\r\n<figure class=\"wp-block-image size-full\"><img loading=\"lazy\" decoding=\"async\" width=\"537\" height=\"353\" class=\"wp-image-5437\" src=\"https:\/\/lwid.dk\/wp-content\/uploads\/2023\/11\/26.-Rumaenske-boger.png\" alt=\"\" srcset=\"https:\/\/lwid.dk\/wp-content\/uploads\/2023\/11\/26.-Rumaenske-boger.png 537w, https:\/\/lwid.dk\/wp-content\/uploads\/2023\/11\/26.-Rumaenske-boger-300x197.png 300w, https:\/\/lwid.dk\/wp-content\/uploads\/2023\/11\/26.-Rumaenske-boger-150x99.png 150w\" sizes=\"auto, (max-width: 537px) 100vw, 537px\" \/><\/figure>\r\n\r\n\r\n\r\n<p class=\"wp-block-paragraph\">La 4 decembrie se deschide o bibliotec\u0103 rom\u00e2neasc\u0103 la \u0218coala Glyng\u00f8re. Deschiderea va fi s\u0103rb\u0103torit\u0103 cu dou\u0103 lans\u0103ri de c\u0103r\u021bi \u0219i interpretare la pian, iar to\u021bi sunt bineveni\u021bi, conform Asocia\u021biei Culturale Danezo-Rom\u00e2ne Skive, care st\u0103 \u00een spatele acestei ini\u021biative. To\u021bi copiii din comun\u0103 pot utiliza biblioteca, care are scopul de a oferi \u00een special copiilor rom\u00e2ni posibilitatea de a citi c\u0103r\u021bi \u00een limba lor matern\u0103. Dup\u0103 deschidere, vor exista activit\u0103\u021bi continue, iar biblioteca va fi deschis\u0103 pe baz\u0103 de programare sau o dat\u0103 pe s\u0103pt\u0103m\u00e2n\u0103.<\/p>\r\n\r\n\r\n\r\n<p class=\"wp-block-paragraph\">Pre\u0219edintele asocia\u021biei, Valentin Vorobat, spune pentru Salling Avis c\u0103 aceast\u0103 bibliotec\u0103 va fi singura de acest gen \u00eentr-o zon\u0103 extins\u0103 \u0219i c\u0103 este complet gratuit\u0103. Aceasta va debuta cu aproximativ 400 de c\u0103r\u021bi \u0219i este sus\u021binut\u0103 de guvernul rom\u00e2n, care dore\u0219te s\u0103 contribuie la faptul c\u0103 rom\u00e2nii care locuiesc \u00een str\u0103in\u0103tate pot citi c\u0103r\u021bi \u00een limba rom\u00e2n\u0103.<\/p>\r\n","protected":false},"excerpt":{"rendered":"<p>Articol publicat \u00een Salling Avis la data de 30 noiembrie 2022.\u00a0 La 4 decembrie se deschide o bibliotec\u0103 rom\u00e2neasc\u0103 la \u0218coala Glyng\u00f8re. Deschiderea va fi s\u0103rb\u0103torit\u0103 cu dou\u0103 lans\u0103ri de c\u0103r\u021bi \u0219i interpretare la pian, iar to\u021bi sunt bineveni\u021bi, conform Asocia\u021biei Culturale Danezo-Rom\u00e2ne Skive, care st\u0103 \u00een spatele acestei ini\u021biative. To\u021bi copiii din comun\u0103 pot [&hellip;]<\/p>\n","protected":false},"author":11,"featured_media":5437,"comment_status":"open","ping_status":"closed","sticky":false,"template":"","format":"standard","meta":{"_acf_changed":false,"_themeisle_gutenberg_block_has_review":false,"_jetpack_newsletter_access":"","_jetpack_dont_email_post_to_subs":false,"_jetpack_newsletter_tier_id":0,"_jetpack_memberships_contains_paywalled_content":false,"_jetpack_feature_clip_id":0,"_jetpack_memberships_contains_paid_content":false,"footnotes":"","jetpack_post_was_ever_published":false,"_members_access_role":[],"_members_access_error":""},"categories":[136,878],"tags":[998,1001],"class_list":["post-5436","post","type-post","status-publish","format-standard","has-post-thumbnail","category-cultura","category-navigarea-in-danemarca","tag-arta-si-teatru","tag-diversitate-si-incluziune"],"acf":[],"jetpack_sharing_enabled":true,"jetpack-related-posts":[{"id":5429,"url":"https:\/\/lwid.dk\/ro\/participa-la-celebrarea-zilei-nationale-a-romaniei\/","url_meta":{"origin":5436,"position":0},"title":"Participa la celebrarea Zilei Na\u021bionale a Rom\u00e2niei","author":"Sorina Floroiu","date":"30 noiembrie 2022","format":false,"excerpt":"Articol publicat \u00een Salling Avis la data de 30 noiembrie.\u00a0 Petrecere gratuit\u0103 pentru to\u021bi la Skive Theater pe 3 decembrie. De fapt, Rom\u00e2nia \u00ee\u0219i s\u0103rb\u0103tore\u0219te ziua na\u021bional\u0103 pe 1 decembrie, dar pentru a oferi posibilitatea tuturor s\u0103 participe, chiar \u0219i celor care lucreaz\u0103, petrecerea din Skive este programat\u0103 pe 3\u2026","rel":"","context":"\u00cen \u201eCultur\u0103\u201d","block_context":{"text":"Cultur\u0103","link":"https:\/\/lwid.dk\/ro\/category\/navigarea-in-danemarca\/cultura\/"},"img":{"alt_text":"","src":"https:\/\/i0.wp.com\/lwid.dk\/wp-content\/uploads\/2023\/11\/25.-Ziua-NAtionala.png?resize=350%2C200&ssl=1","width":350,"height":200,"srcset":"https:\/\/i0.wp.com\/lwid.dk\/wp-content\/uploads\/2023\/11\/25.-Ziua-NAtionala.png?resize=350%2C200&ssl=1 1x, https:\/\/i0.wp.com\/lwid.dk\/wp-content\/uploads\/2023\/11\/25.-Ziua-NAtionala.png?resize=525%2C300&ssl=1 1.5x"},"classes":[]},{"id":5443,"url":"https:\/\/lwid.dk\/ro\/vezi-imaginile-romani-din-intreaga-danemarca-au-sarbatorit-ziua-nationala-la-skive\/","url_meta":{"origin":5436,"position":1},"title":"Vezi imaginile: Rom\u00e2ni din \u00eentreaga Danemarca au s\u0103rb\u0103torit Ziua Na\u021bional\u0103 la Skive","author":"Sorina Floroiu","date":"3 decembrie 2022","format":false,"excerpt":"Articol publicat \u00een SkiveFolkeblad.dk la data de 3 decembrie 2022.\u00a0 Rezumat: Teatrul Skive a fost plin ochi s\u00e2mb\u0103ta \u00eentreag\u0103, cu ocazia celebr\u0103rii Zilei Na\u021bionale a Rom\u00e2niei de c\u0103tre Asocia\u021bia Cultural\u0103 Danezo-Rom\u00e2n\u0103. Aproximativ 250-300 de rom\u00e2ni din toat\u0103 Danemarca au umplut constant teatrul \u00een timpul evenimentului festiv. Pre\u0219edintele asocia\u021biei, Valentin Vorobat,\u2026","rel":"","context":"\u00cen \u201eCultur\u0103\u201d","block_context":{"text":"Cultur\u0103","link":"https:\/\/lwid.dk\/ro\/category\/navigarea-in-danemarca\/cultura\/"},"img":{"alt_text":"","src":"https:\/\/i0.wp.com\/lwid.dk\/wp-content\/uploads\/2023\/11\/27.-.png?resize=350%2C200&ssl=1","width":350,"height":200,"srcset":"https:\/\/i0.wp.com\/lwid.dk\/wp-content\/uploads\/2023\/11\/27.-.png?resize=350%2C200&ssl=1 1x, https:\/\/i0.wp.com\/lwid.dk\/wp-content\/uploads\/2023\/11\/27.-.png?resize=525%2C300&ssl=1 1.5x"},"classes":[]},{"id":5422,"url":"https:\/\/lwid.dk\/ro\/valentin-din-romania-este-indragostit-de-spiritul-de-voluntariat-din-danemarca\/","url_meta":{"origin":5436,"position":2},"title":"Valentin din Rom\u00e2nia este \u00eendr\u0103gostit de spiritul de voluntariat din Danemarca","author":"Sorina Floroiu","date":"25 noiembrie 2022","format":false,"excerpt":"Articol publicat \u00een Skive Folkeblad la data de 25 noiembrie 2022.\u00a0 Rezumat: Valentin Vorobat, aflat \u00een Danemarca de 12 ani, a fost atras de voluntariat, implic\u00e2ndu-se activ \u00een diverse organiza\u021bii \u0219i activit\u0103\u021bi comunitare. El consider\u0103 c\u0103 prin exemplul s\u0103u poate inspira \u0219i al\u021bi rom\u00e2ni s\u0103 participe la via\u021ba comunitar\u0103 din\u2026","rel":"","context":"\u00cen \u201eNavigarea \u00een Danemarca\u201d","block_context":{"text":"Navigarea \u00een Danemarca","link":"https:\/\/lwid.dk\/ro\/category\/navigarea-in-danemarca\/"},"img":{"alt_text":"","src":"https:\/\/i0.wp.com\/lwid.dk\/wp-content\/uploads\/2023\/11\/24.-Valentin.png?resize=350%2C200&ssl=1","width":350,"height":200,"srcset":"https:\/\/i0.wp.com\/lwid.dk\/wp-content\/uploads\/2023\/11\/24.-Valentin.png?resize=350%2C200&ssl=1 1x, https:\/\/i0.wp.com\/lwid.dk\/wp-content\/uploads\/2023\/11\/24.-Valentin.png?resize=525%2C300&ssl=1 1.5x, https:\/\/i0.wp.com\/lwid.dk\/wp-content\/uploads\/2023\/11\/24.-Valentin.png?resize=700%2C400&ssl=1 2x"},"classes":[]},{"id":5415,"url":"https:\/\/lwid.dk\/ro\/cea-mai-notabila-comunitate-culturala-a-anului-este-absolut-incredibil\/","url_meta":{"origin":5436,"position":3},"title":"Cea mai notabil\u0103 Comunitate Cultural\u0103 a Anului: \u201c- Este absolut incredibil!\u201d\u2019","author":"Sorina Floroiu","date":"24 noiembrie 2022","format":false,"excerpt":"Articol publicat \u00een SkiveFolkeblad.dk la data de 24 noiembrie 2022. Rezumat: Asocia\u021bia Cultural\u0103 Danezo-Rom\u00e2n\u0103 din Skive, activ\u0103 de mai pu\u021bin de un an, a fost distins\u0103 cu premiul pentru Comunitatea Cultural\u0103 a Anului. Valentin Vorobat, pre\u0219edintele asocia\u021biei, a fost surprins de acest premiu \u0219i recunoa\u0219te c\u0103 nu se a\u0219tepta la\u2026","rel":"","context":"\u00cen \u201eNavigarea \u00een Danemarca\u201d","block_context":{"text":"Navigarea \u00een Danemarca","link":"https:\/\/lwid.dk\/ro\/category\/navigarea-in-danemarca\/"},"img":{"alt_text":"","src":"https:\/\/i0.wp.com\/lwid.dk\/wp-content\/uploads\/2023\/11\/23.png?resize=350%2C200&ssl=1","width":350,"height":200,"srcset":"https:\/\/i0.wp.com\/lwid.dk\/wp-content\/uploads\/2023\/11\/23.png?resize=350%2C200&ssl=1 1x, https:\/\/i0.wp.com\/lwid.dk\/wp-content\/uploads\/2023\/11\/23.png?resize=525%2C300&ssl=1 1.5x, https:\/\/i0.wp.com\/lwid.dk\/wp-content\/uploads\/2023\/11\/23.png?resize=700%2C400&ssl=1 2x"},"classes":[]},{"id":715,"url":"https:\/\/lwid.dk\/articolul-12-pregatirea-pentru-scoala\/","url_meta":{"origin":5436,"position":4},"title":"Articolul 12: Preg\u0103tirea pentru \u0219coal\u0103","author":"Alina Racila","date":"14 mai 2022","format":false,"excerpt":"Dac\u0103 e\u0219ti nou \u00een Danemarca \u0219i copilul t\u0103u nu a frecventat gr\u0103dini\u021ba \u00een Danemarca, dar urmeaz\u0103 s\u0103 \u00eenceap\u0103 \u0219coala aici, ar fi bine s\u0103 te adresezi la \u201dborgerservice\u201d sau \u201dkommune\u201d ambele fac referire la \u201dprim\u0103ria municipalit\u0103\u021bii \u00een care locuie\u0219ti\u201d. Toate cele 98 de municipalit\u0103\u021bi existente \u00een Danemarca pot avea reguli\u2026","rel":"","context":"Articol similar","block_context":{"text":"Articol similar","link":""},"img":{"alt_text":"","src":"","width":0,"height":0},"classes":[]},{"id":5408,"url":"https:\/\/lwid.dk\/ro\/elev-la-agricultura-a-ramas-in-danemarca\/","url_meta":{"origin":5436,"position":5},"title":"Elev la agricultur\u0103 a r\u0103mas \u00een Danemarca","author":"Sorina Floroiu","date":"2 noiembrie 2022","format":false,"excerpt":"Articol publicat \u00een Aars Avis la data de 2 noiembrie 2022 Rezumat: Elena Comandaru, elev\u0103 la agricultur\u0103 \u00een Ia\u0219i, Rom\u00e2nia, s-a mutat \u00een Danemarca \u00een 2008. Cu o experien\u021b\u0103 ini\u021bial\u0103 dificil\u0103 \u0219i \u00eendoieli cu privire la decizia de a r\u0103m\u00e2ne, ea a ales s\u0103 continue la \u0219coala de agricultur\u0103 Borris,\u2026","rel":"","context":"\u00cen \u201eNavigarea \u00een Danemarca\u201d","block_context":{"text":"Navigarea \u00een Danemarca","link":"https:\/\/lwid.dk\/ro\/category\/navigarea-in-danemarca\/"},"img":{"alt_text":"","src":"https:\/\/i0.wp.com\/lwid.dk\/wp-content\/uploads\/2023\/11\/22.-Landsbrug-elev-blev-i-Danmark.png?resize=350%2C200&ssl=1","width":350,"height":200},"classes":[]}],"jetpack_featured_media_url":"https:\/\/lwid.dk\/wp-content\/uploads\/2023\/11\/26.-Rumaenske-boger.png","_links":{"self":[{"href":"https:\/\/lwid.dk\/ro\/wp-json\/wp\/v2\/posts\/5436","targetHints":{"allow":["GET"]}}],"collection":[{"href":"https:\/\/lwid.dk\/ro\/wp-json\/wp\/v2\/posts"}],"about":[{"href":"https:\/\/lwid.dk\/ro\/wp-json\/wp\/v2\/types\/post"}],"author":[{"embeddable":true,"href":"https:\/\/lwid.dk\/ro\/wp-json\/wp\/v2\/users\/11"}],"replies":[{"embeddable":true,"href":"https:\/\/lwid.dk\/ro\/wp-json\/wp\/v2\/comments?post=5436"}],"version-history":[{"count":2,"href":"https:\/\/lwid.dk\/ro\/wp-json\/wp\/v2\/posts\/5436\/revisions"}],"predecessor-version":[{"id":28682,"href":"https:\/\/lwid.dk\/ro\/wp-json\/wp\/v2\/posts\/5436\/revisions\/28682"}],"wp:featuredmedia":[{"embeddable":true,"href":"https:\/\/lwid.dk\/ro\/wp-json\/wp\/v2\/media\/5437"}],"wp:attachment":[{"href":"https:\/\/lwid.dk\/ro\/wp-json\/wp\/v2\/media?parent=5436"}],"wp:term":[{"taxonomy":"category","embeddable":true,"href":"https:\/\/lwid.dk\/ro\/wp-json\/wp\/v2\/categories?post=5436"},{"taxonomy":"post_tag","embeddable":true,"href":"https:\/\/lwid.dk\/ro\/wp-json\/wp\/v2\/tags?post=5436"}],"curies":[{"name":"wp","href":"https:\/\/api.w.org\/{rel}","templated":true}]}}