{"id":5443,"date":"2022-12-03T14:15:00","date_gmt":"2022-12-03T13:15:00","guid":{"rendered":"https:\/\/lwid.dk\/?p=5443"},"modified":"2026-09-01T17:53:17","modified_gmt":"2026-09-01T16:53:17","slug":"vezi-imaginile-romani-din-intreaga-danemarca-au-sarbatorit-ziua-nationala-la-skive","status":"publish","type":"post","link":"https:\/\/lwid.dk\/ro\/vezi-imaginile-romani-din-intreaga-danemarca-au-sarbatorit-ziua-nationala-la-skive\/","title":{"rendered":"Vezi imaginile: Rom\u00e2ni din \u00eentreaga Danemarca au s\u0103rb\u0103torit Ziua Na\u021bional\u0103 la Skive"},"content":{"rendered":"\r\n<p class=\"wp-block-paragraph\">Articol publicat \u00een SkiveFolkeblad.dk la data de 3 decembrie 2022.\u00a0<\/p>\r\n\r\n\r\n\r\n<figure class=\"wp-block-image size-full\"><img loading=\"lazy\" decoding=\"async\" width=\"683\" height=\"499\" class=\"wp-image-5444\" src=\"https:\/\/lwid.dk\/wp-content\/uploads\/2023\/11\/27.-.png\" alt=\"\" srcset=\"https:\/\/lwid.dk\/wp-content\/uploads\/2023\/11\/27.-.png 683w, https:\/\/lwid.dk\/wp-content\/uploads\/2023\/11\/27.--300x219.png 300w, https:\/\/lwid.dk\/wp-content\/uploads\/2023\/11\/27.--150x110.png 150w\" sizes=\"auto, (max-width: 683px) 100vw, 683px\" \/><\/figure>\r\n\r\n\r\n\r\n<p class=\"wp-block-paragraph\">Rezumat:<\/p>\r\n\r\n\r\n\r\n<p class=\"wp-block-paragraph\">Teatrul Skive a fost plin ochi s\u00e2mb\u0103ta \u00eentreag\u0103, cu ocazia celebr\u0103rii Zilei Na\u021bionale a Rom\u00e2niei de c\u0103tre Asocia\u021bia Cultural\u0103 Danezo-Rom\u00e2n\u0103. Aproximativ 250-300 de rom\u00e2ni din toat\u0103 Danemarca au umplut constant teatrul \u00een timpul evenimentului festiv. Pre\u0219edintele asocia\u021biei, Valentin Vorobat, a declarat c\u0103 to\u021bi rom\u00e2nii prezen\u021bi sunt reziden\u021bi \u00een Danemarca \u0219i au venit din diverse regiuni ale \u021b\u0103rii. Holul teatrului a g\u0103zduit tarabe cu comercian\u021bi rom\u00e2ni care ofereau vinuri, &#8222;cozonac&#8221; rom\u00e2nesc \u0219i alte produse. La s\u0103rb\u0103toarea na\u021bional\u0103 rom\u00e2neasc\u0103 au participat \u0219i c\u00e2\u021biva oaspe\u021bi danezi, dar au predominat familiile rom\u00e2ne\u0219ti \u00eembr\u0103cate \u00een costume tradi\u021bionale, care au venit s\u0103-\u0219i celebreze r\u0103d\u0103cinile culturale la Skive.<\/p>\r\n\r\n\r\n\r\n<p class=\"wp-block-paragraph\">Articol integral:<\/p>\r\n\r\n\r\n\r\n<p class=\"wp-block-paragraph\">Teatrul Skive a fost plin ochi s\u00e2mb\u0103ta \u00eentreag\u0103, \u00een timp ce Asocia\u021bia Cultural\u0103 Danezo-Rom\u00e2n\u0103 s\u0103rb\u0103torea Ziua Na\u021bional\u0103 a Rom\u00e2niei.<\/p>\r\n\r\n\r\n\r\n<p class=\"wp-block-paragraph\">Unul dintre cele mai spectaculoase peisaje ale zilei putea fi observat la Teatrul Skive, care, cu ocazia Zilei Na\u021bionale a Rom\u00e2niei, a fost plin de rom\u00e2ni veni\u021bi la Skive din toate col\u021burile Danemarcei.<\/p>\r\n\r\n\r\n\r\n<p class=\"wp-block-paragraph\">Aproximativ 250-300 de oameni au umplut constant teatrul pe tot parcursul evenimentului festiv.<\/p>\r\n\r\n\r\n\r\n<p class=\"wp-block-paragraph\">&#8222;Practic, to\u021bi rom\u00e2nii de aici sunt reziden\u021bi \u00een Danemarca. Vin din \u00eentreaga \u021bar\u0103 &#8211; de la S\u00f8nderborg, Skjern, Aalborg \u0219i Aabenraa&#8221;, spune pre\u0219edintele Asocia\u021biei Danezo-Rom\u00e2ne din Skive, Valentin Vorobat.<\/p>\r\n\r\n\r\n\r\n<p class=\"wp-block-paragraph\">Holul teatrului era plin de tarabe gestionate de comercian\u021bi rom\u00e2ni. Aici, oamenii puteau cump\u0103ra vinuri rom\u00e2ne\u0219ti, &#8222;cozonac&#8221; rom\u00e2nesc, decora\u021biuni din lemn, bijuterii handmade \u0219i multe altele.<\/p>\r\n\r\n\r\n\r\n<p class=\"wp-block-paragraph\">Existau \u0219i tarabe gestionate de femei \u00eembr\u0103cate \u00een negru din biserica danezo-rom\u00e2n\u0103 din Isenvad, l\u00e2ng\u0103 Ikast, care vindeau icoane cre\u0219tine \u0219i produse.<\/p>\r\n\r\n\r\n\r\n<p class=\"wp-block-paragraph\">&#8222;Este fantastic c\u0103 at\u00e2t de mul\u021bi au venit la Skive pentru a s\u0103rb\u0103tori ziua&#8221;, spune Valentin Vorobat.<\/p>\r\n\r\n\r\n\r\n<p class=\"wp-block-paragraph\">Weekend aglomerat<\/p>\r\n\r\n\r\n\r\n<p class=\"wp-block-paragraph\">Asocia\u021bia Danezo-Rom\u00e2n\u0103 a fost infiintata acum aproape un an, iar \u00een tot acest timp, asocia\u021bia a organizat cel pu\u021bin un eveniment \u00een fiecare lun\u0103.<\/p>\r\n\r\n\r\n\r\n<p class=\"wp-block-paragraph\">\u00cen acest weekend, asocia\u021bia a avut o perioad\u0103 mai aglomerat\u0103, deoarece, pe l\u00e2ng\u0103 festivitatea de Ziua Na\u021bional\u0103, a fost \u0219i inaugurarea unei biblioteci rom\u00e2ne\u0219ti la \u0218coala Glyng\u00f8re \u00een ziua urm\u0103toare.<\/p>\r\n\r\n\r\n\r\n<p class=\"wp-block-paragraph\">&#8222;Este un weekend aglomerat, dar a\u0219a se \u00eent\u00e2mpl\u0103 uneori&#8221;, spune Valentin Vorobat.<\/p>\r\n\r\n\r\n\r\n<p class=\"wp-block-paragraph\">Cu aproximativ o s\u0103pt\u0103m\u00e2n\u0103 \u00een urm\u0103, Asocia\u021bia Danezo-Rom\u00e2n\u0103 a c\u00e2\u0219tigat premiul pentru &#8222;Comunitatea Cultural\u0103 a Anului&#8221;, c\u00e2nd Consiliul Cultural a acordat premii culturale.<\/p>\r\n\r\n\r\n\r\n<p class=\"wp-block-paragraph\">Este tocmai munca sus\u021binut\u0103 a asocia\u021biei de a organiza evenimente festive care aduce mai aproape rom\u00e2ni \u0219i danezi, ceea ce a avut un mare impact \u00een evaluarea juriului.<\/p>\r\n\r\n\r\n\r\n<p class=\"wp-block-paragraph\">Au fost \u0219i c\u00e2\u021biva oaspe\u021bi danezi la s\u0103rb\u0103toarea na\u021bional\u0103 rom\u00e2neasc\u0103, dorind s\u0103 vad\u0103 ce se \u00eent\u00e2mpl\u0103 la evenimentele asocia\u021biei.<\/p>\r\n\r\n\r\n\r\n<p class=\"wp-block-paragraph\">Cu toate acestea, a existat o clar\u0103 predominan\u021b\u0103 a familiilor rom\u00e2ne\u0219ti cu copii \u00eembr\u0103ca\u021bi \u00een costume na\u021bionale, care au venit la Skive pentru a s\u0103rb\u0103tori r\u0103d\u0103cinile lor culturale.<\/p>\r\n","protected":false},"excerpt":{"rendered":"<p>Articol publicat \u00een SkiveFolkeblad.dk la data de 3 decembrie 2022.\u00a0 Rezumat: Teatrul Skive a fost plin ochi s\u00e2mb\u0103ta \u00eentreag\u0103, cu ocazia celebr\u0103rii Zilei Na\u021bionale a Rom\u00e2niei de c\u0103tre Asocia\u021bia Cultural\u0103 Danezo-Rom\u00e2n\u0103. Aproximativ 250-300 de rom\u00e2ni din toat\u0103 Danemarca au umplut constant teatrul \u00een timpul evenimentului festiv. Pre\u0219edintele asocia\u021biei, Valentin Vorobat, a declarat c\u0103 to\u021bi rom\u00e2nii [&hellip;]<\/p>\n","protected":false},"author":11,"featured_media":5444,"comment_status":"open","ping_status":"closed","sticky":false,"template":"","format":"standard","meta":{"_acf_changed":false,"_themeisle_gutenberg_block_has_review":false,"_jetpack_newsletter_access":"","_jetpack_dont_email_post_to_subs":false,"_jetpack_newsletter_tier_id":0,"_jetpack_memberships_contains_paywalled_content":false,"_jetpack_feature_clip_id":0,"_jetpack_memberships_contains_paid_content":false,"footnotes":"","jetpack_post_was_ever_published":false,"_members_access_role":[],"_members_access_error":""},"categories":[136,878],"tags":[998,1001],"class_list":["post-5443","post","type-post","status-publish","format-standard","has-post-thumbnail","category-cultura","category-navigarea-in-danemarca","tag-arta-si-teatru","tag-diversitate-si-incluziune"],"acf":[],"jetpack_sharing_enabled":true,"jetpack-related-posts":[{"id":5429,"url":"https:\/\/lwid.dk\/ro\/participa-la-celebrarea-zilei-nationale-a-romaniei\/","url_meta":{"origin":5443,"position":0},"title":"Participa la celebrarea Zilei Na\u021bionale a Rom\u00e2niei","author":"Sorina Floroiu","date":"30 noiembrie 2022","format":false,"excerpt":"Articol publicat \u00een Salling Avis la data de 30 noiembrie.\u00a0 Petrecere gratuit\u0103 pentru to\u021bi la Skive Theater pe 3 decembrie. De fapt, Rom\u00e2nia \u00ee\u0219i s\u0103rb\u0103tore\u0219te ziua na\u021bional\u0103 pe 1 decembrie, dar pentru a oferi posibilitatea tuturor s\u0103 participe, chiar \u0219i celor care lucreaz\u0103, petrecerea din Skive este programat\u0103 pe 3\u2026","rel":"","context":"\u00cen \u201eCultur\u0103\u201d","block_context":{"text":"Cultur\u0103","link":"https:\/\/lwid.dk\/ro\/category\/navigarea-in-danemarca\/cultura\/"},"img":{"alt_text":"","src":"https:\/\/i0.wp.com\/lwid.dk\/wp-content\/uploads\/2023\/11\/25.-Ziua-NAtionala.png?resize=350%2C200&ssl=1","width":350,"height":200,"srcset":"https:\/\/i0.wp.com\/lwid.dk\/wp-content\/uploads\/2023\/11\/25.-Ziua-NAtionala.png?resize=350%2C200&ssl=1 1x, https:\/\/i0.wp.com\/lwid.dk\/wp-content\/uploads\/2023\/11\/25.-Ziua-NAtionala.png?resize=525%2C300&ssl=1 1.5x"},"classes":[]},{"id":3049,"url":"https:\/\/lwid.dk\/ro\/crestinii-romani-in-crestere-puternica-in-danemarca-rumaenske-kristne-i-kraftig-vaekst-i-danmark\/","url_meta":{"origin":5443,"position":1},"title":"Cre\u0219tinii rom\u00e2ni \u00een cre\u0219tere puternic\u0103 \u00een Danemarca \/ Rum\u00e6nske kristne i kraftig v\u00e6kst i Danmark","author":"Sorina Floroiu","date":"7 februarie 2020","format":false,"excerpt":"Articol publicat in Kristeligt Dagblad\u00a0 la data de 7 februarie 2020 Subiectul articolului:\u00a0 Num\u0103rul comunit\u0103\u021bilor ortodoxe din Danemarca, \u00een special cele rom\u00e2ne\u0219ti, a crescut semnificativ datorit\u0103 migra\u021biei sporite din \u021b\u0103rile ortodoxe. Aceast\u0103 cre\u0219tere a determinat preocuparea Bisericii Poporului cu privire la influen\u021ba ortodox\u0103 \u00een Danemarca. \u00cen prezent (e.g. 2020), exist\u0103\u2026","rel":"","context":"\u00cen \u201eNavigarea \u00een Danemarca\u201d","block_context":{"text":"Navigarea \u00een Danemarca","link":"https:\/\/lwid.dk\/ro\/category\/navigarea-in-danemarca\/"},"img":{"alt_text":"","src":"https:\/\/i0.wp.com\/lwid.dk\/wp-content\/uploads\/2023\/10\/6.-Rumaenske-kristner.png?resize=350%2C200&ssl=1","width":350,"height":200,"srcset":"https:\/\/i0.wp.com\/lwid.dk\/wp-content\/uploads\/2023\/10\/6.-Rumaenske-kristner.png?resize=350%2C200&ssl=1 1x, https:\/\/i0.wp.com\/lwid.dk\/wp-content\/uploads\/2023\/10\/6.-Rumaenske-kristner.png?resize=525%2C300&ssl=1 1.5x, https:\/\/i0.wp.com\/lwid.dk\/wp-content\/uploads\/2023\/10\/6.-Rumaenske-kristner.png?resize=700%2C400&ssl=1 2x"},"classes":[]},{"id":5422,"url":"https:\/\/lwid.dk\/ro\/valentin-din-romania-este-indragostit-de-spiritul-de-voluntariat-din-danemarca\/","url_meta":{"origin":5443,"position":2},"title":"Valentin din Rom\u00e2nia este \u00eendr\u0103gostit de spiritul de voluntariat din Danemarca","author":"Sorina Floroiu","date":"25 noiembrie 2022","format":false,"excerpt":"Articol publicat \u00een Skive Folkeblad la data de 25 noiembrie 2022.\u00a0 Rezumat: Valentin Vorobat, aflat \u00een Danemarca de 12 ani, a fost atras de voluntariat, implic\u00e2ndu-se activ \u00een diverse organiza\u021bii \u0219i activit\u0103\u021bi comunitare. El consider\u0103 c\u0103 prin exemplul s\u0103u poate inspira \u0219i al\u021bi rom\u00e2ni s\u0103 participe la via\u021ba comunitar\u0103 din\u2026","rel":"","context":"\u00cen \u201eNavigarea \u00een Danemarca\u201d","block_context":{"text":"Navigarea \u00een Danemarca","link":"https:\/\/lwid.dk\/ro\/category\/navigarea-in-danemarca\/"},"img":{"alt_text":"","src":"https:\/\/i0.wp.com\/lwid.dk\/wp-content\/uploads\/2023\/11\/24.-Valentin.png?resize=350%2C200&ssl=1","width":350,"height":200,"srcset":"https:\/\/i0.wp.com\/lwid.dk\/wp-content\/uploads\/2023\/11\/24.-Valentin.png?resize=350%2C200&ssl=1 1x, https:\/\/i0.wp.com\/lwid.dk\/wp-content\/uploads\/2023\/11\/24.-Valentin.png?resize=525%2C300&ssl=1 1.5x, https:\/\/i0.wp.com\/lwid.dk\/wp-content\/uploads\/2023\/11\/24.-Valentin.png?resize=700%2C400&ssl=1 2x"},"classes":[]},{"id":3248,"url":"https:\/\/lwid.dk\/ro\/industria-striga-dupa-tehnicieni-in-industrie\/","url_meta":{"origin":5443,"position":3},"title":"Industria strig\u0103 dup\u0103 tehnicieni \u00een industrie","author":"Sorina Floroiu","date":"5 februarie 2021","format":false,"excerpt":"Articol publicat in Og Maskinindustrien Sektion 1 Side 7 Eskil Mann S\u00f8rensen la data de 5 februarie 2021 Rezumat: Companiile din Danemarca se confrunt\u0103 cu dificult\u0103\u021bi \u00een g\u0103sirea de tehnicieni, cu o criz\u0103 accentuat\u0103 \u00een Vestjylland. KP Components \u00eencearc\u0103 s\u0103 rezolve aceast\u0103 problem\u0103 prin angajarea de tehnicieni rom\u00e2ni. Din zece\u2026","rel":"","context":"\u00cen \u201eNavigarea \u00een Danemarca\u201d","block_context":{"text":"Navigarea \u00een Danemarca","link":"https:\/\/lwid.dk\/ro\/category\/navigarea-in-danemarca\/"},"img":{"alt_text":"","src":"https:\/\/i0.wp.com\/lwid.dk\/wp-content\/uploads\/2023\/10\/1.-Industria-striga-dupa-tehnicieni-industriali.png?resize=350%2C200&ssl=1","width":350,"height":200,"srcset":"https:\/\/i0.wp.com\/lwid.dk\/wp-content\/uploads\/2023\/10\/1.-Industria-striga-dupa-tehnicieni-industriali.png?resize=350%2C200&ssl=1 1x, https:\/\/i0.wp.com\/lwid.dk\/wp-content\/uploads\/2023\/10\/1.-Industria-striga-dupa-tehnicieni-industriali.png?resize=525%2C300&ssl=1 1.5x"},"classes":[]},{"id":5384,"url":"https:\/\/lwid.dk\/ro\/romanii-i-au-depasit-pe-danezi-la-flensburg\/","url_meta":{"origin":5443,"position":4},"title":"Rom\u00e2nii i-au dep\u0103\u0219it pe danezi la Flensburg","author":"Sorina Floroiu","date":"2 august 2022","format":false,"excerpt":"Articol publicat in Flensborg Avis la data de 2 august 2022. Rezumat: Num\u0103rul de rom\u00e2ni din Flensburg a crescut semnificativ, tripl\u00e2ndu-se \u00een ultimii cinci ani, Rom\u00e2nia devenind principala \u021bar\u0103 de origine a str\u0103inilor stabili\u021bi \u00een ora\u0219. Danemarca a cobor\u00e2t pe locul trei \u00een clasamentul str\u0103inilor, iar rom\u00e2nii au devenit cea\u2026","rel":"","context":"\u00cen \u201eNavigarea \u00een Danemarca\u201d","block_context":{"text":"Navigarea \u00een Danemarca","link":"https:\/\/lwid.dk\/ro\/category\/navigarea-in-danemarca\/"},"img":{"alt_text":"","src":"https:\/\/i0.wp.com\/lwid.dk\/wp-content\/uploads\/2023\/11\/18.-Flensborg.png?resize=350%2C200&ssl=1","width":350,"height":200},"classes":[]},{"id":11686,"url":"https:\/\/lwid.dk\/ro\/sanatatea-romanilor-din-danemarca\/","url_meta":{"origin":5443,"position":5},"title":"S\u0103n\u0103tatea rom\u00e2nilor din Danemarca","author":"Alina Racila","date":"12 februarie 2024","format":false,"excerpt":"Ideea de a scrie despre unul dintre cele mai mari grupuri minoritare din Danemarca a venit ca o dorin\u021b\u0103 de a face lumin\u0103 asupra cine este acest grup de cet\u0103\u021beni, ce activit\u0103\u021bi principale, caracteristicile sociale, etnice \u0219i tradi\u021bionale apar\u021bin cet\u0103\u021benilor \u0219i ce ar putea fi important de \u0219tiut despre s\u0103n\u0103tatea\u2026","rel":"","context":"\u00cen \u201eGhiduri practice\u201d","block_context":{"text":"Ghiduri practice","link":"https:\/\/lwid.dk\/ro\/category\/navigarea-in-danemarca\/ghiduri-practice\/"},"img":{"alt_text":"","src":"https:\/\/i0.wp.com\/lwid.dk\/wp-content\/uploads\/2023\/12\/Add-a-subtitle.jpg?resize=350%2C200&ssl=1","width":350,"height":200,"srcset":"https:\/\/i0.wp.com\/lwid.dk\/wp-content\/uploads\/2023\/12\/Add-a-subtitle.jpg?resize=350%2C200&ssl=1 1x, https:\/\/i0.wp.com\/lwid.dk\/wp-content\/uploads\/2023\/12\/Add-a-subtitle.jpg?resize=525%2C300&ssl=1 1.5x"},"classes":[]}],"jetpack_featured_media_url":"https:\/\/lwid.dk\/wp-content\/uploads\/2023\/11\/27.-.png","_links":{"self":[{"href":"https:\/\/lwid.dk\/ro\/wp-json\/wp\/v2\/posts\/5443","targetHints":{"allow":["GET"]}}],"collection":[{"href":"https:\/\/lwid.dk\/ro\/wp-json\/wp\/v2\/posts"}],"about":[{"href":"https:\/\/lwid.dk\/ro\/wp-json\/wp\/v2\/types\/post"}],"author":[{"embeddable":true,"href":"https:\/\/lwid.dk\/ro\/wp-json\/wp\/v2\/users\/11"}],"replies":[{"embeddable":true,"href":"https:\/\/lwid.dk\/ro\/wp-json\/wp\/v2\/comments?post=5443"}],"version-history":[{"count":2,"href":"https:\/\/lwid.dk\/ro\/wp-json\/wp\/v2\/posts\/5443\/revisions"}],"predecessor-version":[{"id":28681,"href":"https:\/\/lwid.dk\/ro\/wp-json\/wp\/v2\/posts\/5443\/revisions\/28681"}],"wp:featuredmedia":[{"embeddable":true,"href":"https:\/\/lwid.dk\/ro\/wp-json\/wp\/v2\/media\/5444"}],"wp:attachment":[{"href":"https:\/\/lwid.dk\/ro\/wp-json\/wp\/v2\/media?parent=5443"}],"wp:term":[{"taxonomy":"category","embeddable":true,"href":"https:\/\/lwid.dk\/ro\/wp-json\/wp\/v2\/categories?post=5443"},{"taxonomy":"post_tag","embeddable":true,"href":"https:\/\/lwid.dk\/ro\/wp-json\/wp\/v2\/tags?post=5443"}],"curies":[{"name":"wp","href":"https:\/\/api.w.org\/{rel}","templated":true}]}}