{"id":5450,"date":"2022-12-17T14:17:00","date_gmt":"2022-12-17T13:17:00","guid":{"rendered":"https:\/\/lwid.dk\/?p=5450"},"modified":"2026-09-01T17:52:54","modified_gmt":"2026-09-01T16:52:54","slug":"presedintele-comisiei-afectat-de-tratarea-muncitorilor-romani","status":"publish","type":"post","link":"https:\/\/lwid.dk\/ro\/presedintele-comisiei-afectat-de-tratarea-muncitorilor-romani\/","title":{"rendered":"Pre\u0219edintele comisiei afectat de tratarea muncitorilor rom\u00e2ni"},"content":{"rendered":"\r\n<p class=\"wp-block-paragraph\">Articol publicat \u00een Horsens Folkeblad la data de 17 decembrie 2022.\u00a0<\/p>\r\n\r\n\r\n\r\n<figure class=\"wp-block-image size-full\"><img loading=\"lazy\" decoding=\"async\" width=\"559\" height=\"733\" class=\"wp-image-5451\" src=\"https:\/\/lwid.dk\/wp-content\/uploads\/2023\/11\/28.png\" alt=\"\" srcset=\"https:\/\/lwid.dk\/wp-content\/uploads\/2023\/11\/28.png 559w, https:\/\/lwid.dk\/wp-content\/uploads\/2023\/11\/28-229x300.png 229w, https:\/\/lwid.dk\/wp-content\/uploads\/2023\/11\/28-150x197.png 150w, https:\/\/lwid.dk\/wp-content\/uploads\/2023\/11\/28-300x393.png 300w\" sizes=\"auto, (max-width: 559px) 100vw, 559px\" \/><\/figure>\r\n\r\n\r\n\r\n<p class=\"wp-block-paragraph\">Michael Neders\u00f8e (DF), pre\u0219edintele comisiei pentru ocuparea for\u021bei de munc\u0103 \u0219i integrare, inten\u021bioneaz\u0103 s\u0103 cerceteze dac\u0103 Prim\u0103ria Horsens poate ajuta \u0219apte rom\u00e2ni care locuiesc \u00eentr-o cas\u0103 \u00eenchiriat\u0103 f\u0103r\u0103 \u00eenc\u0103lzire \u00een Pilegade.\u00a0<\/p>\r\n\r\n\r\n\r\n<p class=\"wp-block-paragraph\">&#8222;M\u0103 enervez atunci c\u00e2nd citesc astfel de lucruri&#8221;, spune el.\u00a0<\/p>\r\n\r\n\r\n\r\n<p class=\"wp-block-paragraph\">Cei \u0219apte rom\u00e2ni, angaja\u021bi de firma de recrutare Hurrah Vikar cu sediul la Vejle, tr\u0103iesc \u00een condi\u021bii precare, av\u00e2nd doar dou\u0103 plite \u00een buc\u0103t\u0103rie ca surs\u0103 de c\u0103ldur\u0103. Cu toate acestea, fiecare locatar pl\u0103te\u0219te 3000 de coroane pe lun\u0103 chirie. Michael Neders\u00f8e consider\u0103 c\u0103 tratamentul este aproape de sclavie \u0219i inten\u021bioneaz\u0103 s\u0103 vad\u0103 dac\u0103 poate face ceva pentru a-i ajuta. El a contactat deja conducerea Prim\u0103riei Horsens \u0219i \u00eencearc\u0103 s\u0103 afle dac\u0103 ora\u0219ul poate interveni pentru a ajuta locuitorii respectivi. Preocupat de fenomenul de dumping social, Neders\u00f8e subliniaz\u0103 c\u0103 aceste practici sunt \u00eent\u00e2lnite \u00een multe domenii, inclusiv \u00een agricultur\u0103 \u0219i transport. El crede c\u0103 UE, prin regulile privind libera circula\u021bie a for\u021bei de munc\u0103, permite aceste abuzuri \u0219i ar putea opri dumpingul social dac\u0103 ar dori, dar prefer\u0103 solu\u021bii temporare care afecteaz\u0103 condi\u021biile de munc\u0103 \u0219i salariile din Danemarca. Rom\u00e2nii au fost atra\u0219i \u00een Danemarca prin anun\u021buri de pe Facebook \u0219i promisiuni false privind salariile de 21.000-24.000 de coroane pentru munc\u0103 \u00een depozite. Realitatea s-a dovedit a fi cu totul alta, iar Hurrah Vikar a respins acuza\u021biile, men\u021bion\u00e2nd c\u0103 rom\u00e2nii nu au primit \u00eenc\u0103 salariile, ci doar avansuri. 3F a invitat Hurrah Vikar la o \u00eent\u00e2lnire privind aceast\u0103 problem\u0103, care se va desf\u0103\u0219ura s\u0103pt\u0103m\u00e2na viitoare.<\/p>\r\n","protected":false},"excerpt":{"rendered":"<p>Articol publicat \u00een Horsens Folkeblad la data de 17 decembrie 2022.\u00a0 Michael Neders\u00f8e (DF), pre\u0219edintele comisiei pentru ocuparea for\u021bei de munc\u0103 \u0219i integrare, inten\u021bioneaz\u0103 s\u0103 cerceteze dac\u0103 Prim\u0103ria Horsens poate ajuta \u0219apte rom\u00e2ni care locuiesc \u00eentr-o cas\u0103 \u00eenchiriat\u0103 f\u0103r\u0103 \u00eenc\u0103lzire \u00een Pilegade.\u00a0 &#8222;M\u0103 enervez atunci c\u00e2nd citesc astfel de lucruri&#8221;, spune el.\u00a0 Cei \u0219apte rom\u00e2ni, [&hellip;]<\/p>\n","protected":false},"author":11,"featured_media":5451,"comment_status":"open","ping_status":"closed","sticky":false,"template":"","format":"standard","meta":{"_acf_changed":false,"_themeisle_gutenberg_block_has_review":false,"_jetpack_newsletter_access":"","_jetpack_dont_email_post_to_subs":false,"_jetpack_newsletter_tier_id":0,"_jetpack_memberships_contains_paywalled_content":false,"_jetpack_feature_clip_id":0,"_jetpack_memberships_contains_paid_content":false,"footnotes":"","jetpack_post_was_ever_published":false,"_members_access_role":[],"_members_access_error":""},"categories":[878,992],"tags":[1001,1012],"class_list":["post-5450","post","type-post","status-publish","format-standard","has-post-thumbnail","category-navigarea-in-danemarca","category-societate","tag-diversitate-si-incluziune","tag-ocuparea-fortei-de-munca"],"acf":[],"jetpack_sharing_enabled":true,"jetpack-related-posts":[{"id":3063,"url":"https:\/\/lwid.dk\/ro\/specialistii-romani-asigura-productia-in-silkeborg-rumaenske-fagfolk-sikrer-produktionen-i-silkeborg\/","url_meta":{"origin":5450,"position":0},"title":"Speciali\u0219tii rom\u00e2ni asigur\u0103 produc\u021bia \u00een Silkeborg \/ Rum\u00e6nske fagfolk sikrer produktionen i Silkeborg","author":"Sorina Floroiu","date":"11 februarie 2020","format":false,"excerpt":"Articol publicat in Industri & Teknik la data de 11 februarie 2020 Subiect articol\u00a0 \u00cen Silkeborg Sp\u00e5ntagning, \u0219ase din cei 35 de angaja\u021bi sunt rom\u00e2ni, asigur\u00e2nd produc\u021bia \u00eentr-un moment de penurie de tehnicieni industriali. Rom\u00e2nii sunt aprecia\u021bi pentru abilit\u0103\u021bile lor tehnice \u0219i pentru faptul c\u0103 sunt dedica\u021bi \u0219i eficien\u021bi \u00een\u2026","rel":"","context":"\u00cen \u201eNavigarea \u00een Danemarca\u201d","block_context":{"text":"Navigarea \u00een Danemarca","link":"https:\/\/lwid.dk\/ro\/category\/navigarea-in-danemarca\/"},"img":{"alt_text":"","src":"https:\/\/i0.wp.com\/lwid.dk\/wp-content\/uploads\/2023\/10\/8.-Rumaenske-fagfolk-sikrer-produktionen.png?resize=350%2C200&ssl=1","width":350,"height":200,"srcset":"https:\/\/i0.wp.com\/lwid.dk\/wp-content\/uploads\/2023\/10\/8.-Rumaenske-fagfolk-sikrer-produktionen.png?resize=350%2C200&ssl=1 1x, https:\/\/i0.wp.com\/lwid.dk\/wp-content\/uploads\/2023\/10\/8.-Rumaenske-fagfolk-sikrer-produktionen.png?resize=525%2C300&ssl=1 1.5x, https:\/\/i0.wp.com\/lwid.dk\/wp-content\/uploads\/2023\/10\/8.-Rumaenske-fagfolk-sikrer-produktionen.png?resize=700%2C400&ssl=1 2x"},"classes":[]},{"id":5287,"url":"https:\/\/lwid.dk\/ro\/romanii-salveaza-afacerea-din-criza-locurilor-de-munca-dupa-anul-cel-mai-salbatic\/","url_meta":{"origin":5450,"position":1},"title":"Rom\u00e2nii salveaz\u0103 afacerea din criza locurilor de munc\u0103 dup\u0103 &#8222;anul cel mai s\u0103lbatic&#8221;","author":"Sorina Floroiu","date":"21 ianuarie 2022","format":false,"excerpt":"Articol publicat in Metal-Supply.dk la data de 21 ianuarie 2022 Rezumat:\u00a0 \u00centr-un an tumultuos marcat de pandemia de COVID-19, HAI Horsens, o companie danez\u0103 de familie specializat\u0103 \u00een prelucrarea suprafe\u021belor de aluminiu, a avut dificult\u0103\u021bi cu lipsa de for\u021b\u0103 de munc\u0103. Dup\u0103 concedierea a aproximativ o treime din angaja\u021bi, compania\u2026","rel":"","context":"\u00cen \u201eNavigarea \u00een Danemarca\u201d","block_context":{"text":"Navigarea \u00een Danemarca","link":"https:\/\/lwid.dk\/ro\/category\/navigarea-in-danemarca\/"},"img":{"alt_text":"","src":"https:\/\/i0.wp.com\/lwid.dk\/wp-content\/uploads\/2023\/11\/4.-RUMAENERE-REDDER.png?resize=350%2C200&ssl=1","width":350,"height":200,"srcset":"https:\/\/i0.wp.com\/lwid.dk\/wp-content\/uploads\/2023\/11\/4.-RUMAENERE-REDDER.png?resize=350%2C200&ssl=1 1x, https:\/\/i0.wp.com\/lwid.dk\/wp-content\/uploads\/2023\/11\/4.-RUMAENERE-REDDER.png?resize=525%2C300&ssl=1 1.5x"},"classes":[]},{"id":3269,"url":"https:\/\/lwid.dk\/ro\/un-roman-in-varsta-de-31-de-ani-tocmai-a-deschis-un-mini-supermarket-in-horsens\/","url_meta":{"origin":5450,"position":2},"title":"Un rom\u00e2n \u00een v\u00e2rst\u0103 de 31 de ani tocmai a deschis un mini-supermarket \u00een Horsens","author":"Sorina Floroiu","date":"19 februarie 2021","format":false,"excerpt":"Articol publicat in Stiften.dk (\u00c5rhus Stiftstidende) Thomas Baden S\u00f8rensen,\u00a0 la data de 19 februarie 2021 Rezumat: Lucian Cojocaru, cu experien\u021b\u0103 anterioar\u0103 \u00een Silkeborg \u0219i Hammel, a deschis recent un mic supermarket \u00een Kattesund, Horsens, cu accent pe produse din Rom\u00e2nia. Oferta sa include vinuri, b\u0103uturi, conserve, carne, br\u00e2nzeturi \u0219i dulciuri\u2026","rel":"","context":"\u00cen \u201eNavigarea \u00een Danemarca\u201d","block_context":{"text":"Navigarea \u00een Danemarca","link":"https:\/\/lwid.dk\/ro\/category\/navigarea-in-danemarca\/"},"img":{"alt_text":"","src":"https:\/\/i0.wp.com\/lwid.dk\/wp-content\/uploads\/2023\/10\/4.-mini-supermarked.png?resize=350%2C200&ssl=1","width":350,"height":200,"srcset":"https:\/\/i0.wp.com\/lwid.dk\/wp-content\/uploads\/2023\/10\/4.-mini-supermarked.png?resize=350%2C200&ssl=1 1x, https:\/\/i0.wp.com\/lwid.dk\/wp-content\/uploads\/2023\/10\/4.-mini-supermarked.png?resize=525%2C300&ssl=1 1.5x, https:\/\/i0.wp.com\/lwid.dk\/wp-content\/uploads\/2023\/10\/4.-mini-supermarked.png?resize=700%2C400&ssl=1 2x"},"classes":[]},{"id":5384,"url":"https:\/\/lwid.dk\/ro\/romanii-i-au-depasit-pe-danezi-la-flensburg\/","url_meta":{"origin":5450,"position":3},"title":"Rom\u00e2nii i-au dep\u0103\u0219it pe danezi la Flensburg","author":"Sorina Floroiu","date":"2 august 2022","format":false,"excerpt":"Articol publicat in Flensborg Avis la data de 2 august 2022. Rezumat: Num\u0103rul de rom\u00e2ni din Flensburg a crescut semnificativ, tripl\u00e2ndu-se \u00een ultimii cinci ani, Rom\u00e2nia devenind principala \u021bar\u0103 de origine a str\u0103inilor stabili\u021bi \u00een ora\u0219. Danemarca a cobor\u00e2t pe locul trei \u00een clasamentul str\u0103inilor, iar rom\u00e2nii au devenit cea\u2026","rel":"","context":"\u00cen \u201eNavigarea \u00een Danemarca\u201d","block_context":{"text":"Navigarea \u00een Danemarca","link":"https:\/\/lwid.dk\/ro\/category\/navigarea-in-danemarca\/"},"img":{"alt_text":"","src":"https:\/\/i0.wp.com\/lwid.dk\/wp-content\/uploads\/2023\/11\/18.-Flensborg.png?resize=350%2C200&ssl=1","width":350,"height":200},"classes":[]},{"id":4179,"url":"https:\/\/lwid.dk\/ro\/atata-timp-cat-este-de-lucru-aici-si-fiica-mea-este-bine-voi-ramane\/","url_meta":{"origin":5450,"position":4},"title":"At\u00e2ta timp c\u00e2t este de lucru aici \u0219i fiica mea este bine, voi r\u0103m\u00e2ne","author":"Sorina Floroiu","date":"31 iulie 2021","format":false,"excerpt":"Articol publicat in Information Sektion 1 Side 8, la data de 31 iulie 2021 Rezumat Viorel Oprea, un muncitor rom\u00e2n, a venit \u00een Danemarca pentru a lucra la construc\u021bia metroului din Copenhaga \u0219i s-a stabilit definitiv acolo. El are o familie \u0219i o cas\u0103 \u00een Danemarca \u0219i lucreaz\u0103 ca muncitor\u2026","rel":"","context":"\u00cen \u201eNavigarea \u00een Danemarca\u201d","block_context":{"text":"Navigarea \u00een Danemarca","link":"https:\/\/lwid.dk\/ro\/category\/navigarea-in-danemarca\/"},"img":{"alt_text":"","src":"https:\/\/i0.wp.com\/lwid.dk\/wp-content\/uploads\/2023\/10\/25.png?resize=350%2C200&ssl=1","width":350,"height":200,"srcset":"https:\/\/i0.wp.com\/lwid.dk\/wp-content\/uploads\/2023\/10\/25.png?resize=350%2C200&ssl=1 1x, https:\/\/i0.wp.com\/lwid.dk\/wp-content\/uploads\/2023\/10\/25.png?resize=525%2C300&ssl=1 1.5x"},"classes":[]},{"id":5328,"url":"https:\/\/lwid.dk\/ro\/vizita-romaneasca-la-constructia-unui-tunel\/","url_meta":{"origin":5450,"position":5},"title":"Vizit\u0103 rom\u00e2neasc\u0103 la construc\u021bia unui tunel","author":"Sorina Floroiu","date":"18 martie 2022","format":false,"excerpt":"Articol publicat in Lolland-Falsters Folketldende la data de 18 martie 2022.\u00a0 O delega\u021bie rom\u00e2neasc\u0103 \u0219i ambasadorul Rom\u00e2niei \u00een Danemarca au vizitat ieri Femern A\/S \u0219i \u0219antierul tunelului. R\u00d8DBYHAVN O delega\u021bie de la omologul rom\u00e2n al Institutului de Cercetare \u00een Construc\u021bii al Statului a vizitat ieri Femern A\/S \u0219i Proiectul Femern\u2026","rel":"","context":"\u00cen \u201eNavigarea \u00een Danemarca\u201d","block_context":{"text":"Navigarea \u00een Danemarca","link":"https:\/\/lwid.dk\/ro\/category\/navigarea-in-danemarca\/"},"img":{"alt_text":"","src":"https:\/\/i0.wp.com\/lwid.dk\/wp-content\/uploads\/2023\/11\/10.-RUMAENSK-BESOG.png?resize=350%2C200&ssl=1","width":350,"height":200,"srcset":"https:\/\/i0.wp.com\/lwid.dk\/wp-content\/uploads\/2023\/11\/10.-RUMAENSK-BESOG.png?resize=350%2C200&ssl=1 1x, https:\/\/i0.wp.com\/lwid.dk\/wp-content\/uploads\/2023\/11\/10.-RUMAENSK-BESOG.png?resize=525%2C300&ssl=1 1.5x"},"classes":[]}],"jetpack_featured_media_url":"https:\/\/lwid.dk\/wp-content\/uploads\/2023\/11\/28.png","_links":{"self":[{"href":"https:\/\/lwid.dk\/ro\/wp-json\/wp\/v2\/posts\/5450","targetHints":{"allow":["GET"]}}],"collection":[{"href":"https:\/\/lwid.dk\/ro\/wp-json\/wp\/v2\/posts"}],"about":[{"href":"https:\/\/lwid.dk\/ro\/wp-json\/wp\/v2\/types\/post"}],"author":[{"embeddable":true,"href":"https:\/\/lwid.dk\/ro\/wp-json\/wp\/v2\/users\/11"}],"replies":[{"embeddable":true,"href":"https:\/\/lwid.dk\/ro\/wp-json\/wp\/v2\/comments?post=5450"}],"version-history":[{"count":2,"href":"https:\/\/lwid.dk\/ro\/wp-json\/wp\/v2\/posts\/5450\/revisions"}],"predecessor-version":[{"id":28679,"href":"https:\/\/lwid.dk\/ro\/wp-json\/wp\/v2\/posts\/5450\/revisions\/28679"}],"wp:featuredmedia":[{"embeddable":true,"href":"https:\/\/lwid.dk\/ro\/wp-json\/wp\/v2\/media\/5451"}],"wp:attachment":[{"href":"https:\/\/lwid.dk\/ro\/wp-json\/wp\/v2\/media?parent=5450"}],"wp:term":[{"taxonomy":"category","embeddable":true,"href":"https:\/\/lwid.dk\/ro\/wp-json\/wp\/v2\/categories?post=5450"},{"taxonomy":"post_tag","embeddable":true,"href":"https:\/\/lwid.dk\/ro\/wp-json\/wp\/v2\/tags?post=5450"}],"curies":[{"name":"wp","href":"https:\/\/api.w.org\/{rel}","templated":true}]}}