{"id":5888,"date":"2023-11-26T15:27:30","date_gmt":"2023-11-26T14:27:30","guid":{"rendered":"https:\/\/lwid.dk\/?p=5888"},"modified":"2026-09-01T17:51:07","modified_gmt":"2026-09-01T16:51:07","slug":"in-cazul-in-care-castigi-mai-mult-de-179-500-dkk-pe-luna-atunci-faci-parte-din-cei-aflati-in-top-1-din-danemarca","status":"publish","type":"post","link":"https:\/\/lwid.dk\/ro\/in-cazul-in-care-castigi-mai-mult-de-179-500-dkk-pe-luna-atunci-faci-parte-din-cei-aflati-in-top-1-din-danemarca\/","title":{"rendered":"\u00cen cazul \u00een care c\u00e2\u0219tigi mai mult de 179.500 DKK pe lun\u0103, atunci faci parte din cei afla\u021bi \u00een top 1% din Danemarca."},"content":{"rendered":"\r\n<p class=\"wp-block-paragraph\">Produci de opt ori mai multe emisii de CO2 dec\u00e2t o persoan\u0103 cu venit mediu \u0219i de treisprezece ori mai mult dec\u00e2t una dintre persoanele aflate \u00een cei 50% cu venituri mai mici. \u00cen timp ce majoritatea popula\u021biei \u0219i-a redus emisiile de CO2 \u00een ultimul deceniu,\u00a0<a href=\"https:\/\/www.dr.dk\/nyheder\/viden\/klima\/co2-aftrykket-stiger-hos-de-rigeste-danskere-og-falder-alle-andre\">cei mai boga\u021bi au f\u0103cut exact opusul<\/a>. Are oarecum sens; cu c\u00e2t ai mai mul\u021bi bani, cu at\u00e2t cheltui mai mult, iar tot ceea ce cumperi are o amprent\u0103 climatic\u0103.\u00a0<\/p>\r\n\r\n\r\n\r\n<ul class=\"wp-block-list\">\r\n<li>Nu este valabil doar \u00een Danemarca. Cei mai boga\u021bi 1% ai lumii (77 de milioane de oameni) produc 16% din totalul emisiilor globale de CO2 \u00eentr-un an. Prin compara\u021bie, cei mai s\u0103raci 66% ai lumii (5 miliarde de oameni) produc la fel de mult.<\/li>\r\n\r\n\r\n\r\n<li>Danemarca este responsabil\u0103 pentru 0,1% din emisiile mondiale de CO2.<\/li>\r\n<\/ul>\r\n","protected":false},"excerpt":{"rendered":"<p>Produci de opt ori mai multe emisii de CO2 dec\u00e2t o persoan\u0103 cu venit mediu \u0219i de treisprezece ori mai mult dec\u00e2t una dintre persoanele aflate \u00een cei 50% cu venituri mai mici. \u00cen timp ce majoritatea popula\u021biei \u0219i-a redus emisiile de CO2 \u00een ultimul deceniu,\u00a0cei mai boga\u021bi au f\u0103cut exact opusul. Are oarecum sens; [&hellip;]<\/p>\n","protected":false},"author":9,"featured_media":5889,"comment_status":"open","ping_status":"closed","sticky":false,"template":"","format":"standard","meta":{"_acf_changed":false,"_themeisle_gutenberg_block_has_review":false,"_jetpack_newsletter_access":"","_jetpack_dont_email_post_to_subs":false,"_jetpack_newsletter_tier_id":0,"_jetpack_memberships_contains_paywalled_content":false,"_jetpack_feature_clip_id":0,"_jetpack_memberships_contains_paid_content":false,"footnotes":"","jetpack_post_was_ever_published":false,"_members_access_role":[],"_members_access_error":""},"categories":[878,992],"tags":[1002,487],"class_list":["post-5888","post","type-post","status-publish","format-standard","has-post-thumbnail","category-navigarea-in-danemarca","category-societate","tag-drept","tag-mediu"],"acf":[],"jetpack_sharing_enabled":true,"jetpack-related-posts":[{"id":3166,"url":"https:\/\/lwid.dk\/ro\/cei-mai-liberi-oameni-din-lume-det-frieste-folk-i-verden\/","url_meta":{"origin":5888,"position":0},"title":"Cei mai liberi oameni din lume \/ Det frieste folk i verden","author":"Sorina Floroiu","date":"30 aprilie 2020","format":false,"excerpt":"Articol publicat in Weekendavisen,dk la data de 30 aprilie 2020 Subiectul articolului: Dup\u0103 o mul\u021bime de apeluri \u0219i c\u0103ut\u0103ri, Raluca \u0219i Razvan au redus op\u021biunile de c\u0103l\u0103torie la Belarus \u0219i Suedia. Fiind obosi\u021bi de restric\u021biile impuse \u00een Rom\u00e2nia din cauza pandemiei, au ales s\u0103 mearg\u0103 \u00een Suedia, unde se bucur\u0103\u2026","rel":"","context":"\u00cen \u201eNavigarea \u00een Danemarca\u201d","block_context":{"text":"Navigarea \u00een Danemarca","link":"https:\/\/lwid.dk\/ro\/category\/navigarea-in-danemarca\/"},"img":{"alt_text":"","src":"https:\/\/i0.wp.com\/lwid.dk\/wp-content\/uploads\/2023\/10\/22.-Det-frieste-folk-verden.png?resize=350%2C200&ssl=1","width":350,"height":200,"srcset":"https:\/\/i0.wp.com\/lwid.dk\/wp-content\/uploads\/2023\/10\/22.-Det-frieste-folk-verden.png?resize=350%2C200&ssl=1 1x, https:\/\/i0.wp.com\/lwid.dk\/wp-content\/uploads\/2023\/10\/22.-Det-frieste-folk-verden.png?resize=525%2C300&ssl=1 1.5x, https:\/\/i0.wp.com\/lwid.dk\/wp-content\/uploads\/2023\/10\/22.-Det-frieste-folk-verden.png?resize=700%2C400&ssl=1 2x, https:\/\/i0.wp.com\/lwid.dk\/wp-content\/uploads\/2023\/10\/22.-Det-frieste-folk-verden.png?resize=1050%2C600&ssl=1 3x, https:\/\/i0.wp.com\/lwid.dk\/wp-content\/uploads\/2023\/10\/22.-Det-frieste-folk-verden.png?resize=1400%2C800&ssl=1 4x"},"classes":[]},{"id":745,"url":"https:\/\/lwid.dk\/partea-15-ce-asteptari-are-sistemul-de-educatie-de-la-parinti-partea-2\/","url_meta":{"origin":5888,"position":1},"title":"Partea 15: ce a\u0219tept\u0103ri are sistemul de educa\u0163ie de la p\u0103rin\u021bi? Partea 2","author":"Alina Racila","date":"14 mai 2022","format":false,"excerpt":"Deoarece tema precedent\u0103 a trezit un interes major \u00een r\u00e2ndurile cititorilor no\u0219tri, am decis s\u0103 continuam lista a\u0219tept\u0103rilor sistemului de educa\u021bie \u0219i \u00eenv\u0103\u021b\u0103m\u00e2nt din Danemarca.\u00a0 Mai multe persoane cu studii \u0219i experien\u021be \u00een domeniul pedagogiei, \u0219i nu numai, au decis s\u0103 \u00eempart\u0103 din experien\u021ba personal\u0103, pentru a ajuta p\u0103rin\u021bii cu\u2026","rel":"","context":"Articol similar","block_context":{"text":"Articol similar","link":""},"img":{"alt_text":"","src":"","width":0,"height":0},"classes":[]},{"id":4144,"url":"https:\/\/lwid.dk\/ro\/ambasadorul-a-fost-vigilent-la-poarta-gradinii-din-bucuresti\/","url_meta":{"origin":5888,"position":2},"title":"Ambasadorul a fost \u201evigilent la poarta gr\u0103dinii\u201d din Bucure\u0219ti","author":"Sorina Floroiu","date":"8 iulie 2021","format":false,"excerpt":"Articol publicat in Kristeligt Dagblad Sektion 1 Side 5, la data de 8 iulie 2021 Rezumat Danemarca a cump\u0103rat cu succes 1,17 milioane de doze de vaccin Pfizer-BioNTech din Rom\u00e2nia, ini\u021biativa \u00eencep\u00e2nd cu o \u00eent\u00e2lnire neplanificat\u0103 \u00een iunie. Ambasadorul Danemarcei \u00een Rom\u00e2nia, S\u00f8ren Jensen, a remarcat o sc\u0103dere a num\u0103rului\u2026","rel":"","context":"\u00cen \u201eNavigarea \u00een Danemarca\u201d","block_context":{"text":"Navigarea \u00een Danemarca","link":"https:\/\/lwid.dk\/ro\/category\/navigarea-in-danemarca\/"},"img":{"alt_text":"","src":"https:\/\/i0.wp.com\/lwid.dk\/wp-content\/uploads\/2023\/10\/20-1.png?resize=350%2C200&ssl=1","width":350,"height":200},"classes":[]},{"id":4179,"url":"https:\/\/lwid.dk\/ro\/atata-timp-cat-este-de-lucru-aici-si-fiica-mea-este-bine-voi-ramane\/","url_meta":{"origin":5888,"position":3},"title":"At\u00e2ta timp c\u00e2t este de lucru aici \u0219i fiica mea este bine, voi r\u0103m\u00e2ne","author":"Sorina Floroiu","date":"31 iulie 2021","format":false,"excerpt":"Articol publicat in Information Sektion 1 Side 8, la data de 31 iulie 2021 Rezumat Viorel Oprea, un muncitor rom\u00e2n, a venit \u00een Danemarca pentru a lucra la construc\u021bia metroului din Copenhaga \u0219i s-a stabilit definitiv acolo. El are o familie \u0219i o cas\u0103 \u00een Danemarca \u0219i lucreaz\u0103 ca muncitor\u2026","rel":"","context":"\u00cen \u201eNavigarea \u00een Danemarca\u201d","block_context":{"text":"Navigarea \u00een Danemarca","link":"https:\/\/lwid.dk\/ro\/category\/navigarea-in-danemarca\/"},"img":{"alt_text":"","src":"https:\/\/i0.wp.com\/lwid.dk\/wp-content\/uploads\/2023\/10\/25.png?resize=350%2C200&ssl=1","width":350,"height":200,"srcset":"https:\/\/i0.wp.com\/lwid.dk\/wp-content\/uploads\/2023\/10\/25.png?resize=350%2C200&ssl=1 1x, https:\/\/i0.wp.com\/lwid.dk\/wp-content\/uploads\/2023\/10\/25.png?resize=525%2C300&ssl=1 1.5x"},"classes":[]},{"id":4108,"url":"https:\/\/lwid.dk\/ro\/contele-dracula-trebuie-sa-i-ademeneasca-pe-romani-sa-se-vaccineze-dar-elena-prefera-sa-moara-natural-decat-sa-si-faca-vaccinul\/","url_meta":{"origin":5888,"position":4},"title":"Contele Dracula trebuie s\u0103-i ademeneasc\u0103 pe rom\u00e2ni s\u0103 se vaccineze &#8211; dar Elena prefer\u0103 s\u0103 \u201emoar\u0103 natural\u201d dec\u00e2t s\u0103-\u0219i fac\u0103 vaccinul","author":"Sorina Floroiu","date":"24 iunie 2021","format":false,"excerpt":"Articol publicat in DR, la data de 24 iunie 2021 Timp de zeci de ani, turi\u0219tii de aproape \u0219i de departe au vizitat Castelul Bran din mun\u021bii Transilvaniei Rom\u00e2niei pentru a-i arunca o privire contelui Dracula care suge s\u00e2ngele. Dar dac\u0103 vizita\u021bi legendarul castel ast\u0103zi, exist\u0103 o \u0219ans\u0103 mai mare\u2026","rel":"","context":"\u00cen \u201eNavigarea \u00een Danemarca\u201d","block_context":{"text":"Navigarea \u00een Danemarca","link":"https:\/\/lwid.dk\/ro\/category\/navigarea-in-danemarca\/"},"img":{"alt_text":"","src":"https:\/\/i0.wp.com\/lwid.dk\/wp-content\/uploads\/2023\/10\/17.-DRACULA-corona.png?resize=350%2C200&ssl=1","width":350,"height":200,"srcset":"https:\/\/i0.wp.com\/lwid.dk\/wp-content\/uploads\/2023\/10\/17.-DRACULA-corona.png?resize=350%2C200&ssl=1 1x, https:\/\/i0.wp.com\/lwid.dk\/wp-content\/uploads\/2023\/10\/17.-DRACULA-corona.png?resize=525%2C300&ssl=1 1.5x"},"classes":[]},{"id":5363,"url":"https:\/\/lwid.dk\/ro\/idom-invita-la-o-petrecere-de-nunta-romaneasca-si-se-asteapta-la-cel-putin-300-de-invitati\/","url_meta":{"origin":5888,"position":5},"title":"Idom invit\u0103 la o petrecere de nunt\u0103 rom\u00e2neasc\u0103 \u0219i se a\u0219teapt\u0103 la cel pu\u021bin 300 de invita\u021bi","author":"Sorina Floroiu","date":"24 mai 2022","format":false,"excerpt":"Articol publicat in Dagbladet Ringk\u00f8bing-Skjern la data de 24 mai 2022. Rezumat: Comunitatea din Idom organizeaz\u0103 Idom Biennalen, un eveniment amplu ce dep\u0103\u0219e\u0219te conceptul de petrecere \u00een ora\u0219. De\u0219i nu este dedicat exclusiv rom\u00e2nilor, se a\u0219teapt\u0103 participarea a cel pu\u021bin 150 de rom\u00e2ni \u00eembr\u0103ca\u021bi festiv. Locuitorii doresc s\u0103 inspire \u0219i\u2026","rel":"","context":"\u00cen \u201eCultur\u0103\u201d","block_context":{"text":"Cultur\u0103","link":"https:\/\/lwid.dk\/ro\/category\/navigarea-in-danemarca\/cultura\/"},"img":{"alt_text":"","src":"https:\/\/i0.wp.com\/lwid.dk\/wp-content\/uploads\/2023\/11\/15.-IDOM.png?resize=350%2C200&ssl=1","width":350,"height":200,"srcset":"https:\/\/i0.wp.com\/lwid.dk\/wp-content\/uploads\/2023\/11\/15.-IDOM.png?resize=350%2C200&ssl=1 1x, https:\/\/i0.wp.com\/lwid.dk\/wp-content\/uploads\/2023\/11\/15.-IDOM.png?resize=525%2C300&ssl=1 1.5x"},"classes":[]}],"jetpack_featured_media_url":"https:\/\/lwid.dk\/wp-content\/uploads\/2023\/11\/Clima.png","_links":{"self":[{"href":"https:\/\/lwid.dk\/ro\/wp-json\/wp\/v2\/posts\/5888","targetHints":{"allow":["GET"]}}],"collection":[{"href":"https:\/\/lwid.dk\/ro\/wp-json\/wp\/v2\/posts"}],"about":[{"href":"https:\/\/lwid.dk\/ro\/wp-json\/wp\/v2\/types\/post"}],"author":[{"embeddable":true,"href":"https:\/\/lwid.dk\/ro\/wp-json\/wp\/v2\/users\/9"}],"replies":[{"embeddable":true,"href":"https:\/\/lwid.dk\/ro\/wp-json\/wp\/v2\/comments?post=5888"}],"version-history":[{"count":2,"href":"https:\/\/lwid.dk\/ro\/wp-json\/wp\/v2\/posts\/5888\/revisions"}],"predecessor-version":[{"id":28669,"href":"https:\/\/lwid.dk\/ro\/wp-json\/wp\/v2\/posts\/5888\/revisions\/28669"}],"wp:featuredmedia":[{"embeddable":true,"href":"https:\/\/lwid.dk\/ro\/wp-json\/wp\/v2\/media\/5889"}],"wp:attachment":[{"href":"https:\/\/lwid.dk\/ro\/wp-json\/wp\/v2\/media?parent=5888"}],"wp:term":[{"taxonomy":"category","embeddable":true,"href":"https:\/\/lwid.dk\/ro\/wp-json\/wp\/v2\/categories?post=5888"},{"taxonomy":"post_tag","embeddable":true,"href":"https:\/\/lwid.dk\/ro\/wp-json\/wp\/v2\/tags?post=5888"}],"curies":[{"name":"wp","href":"https:\/\/api.w.org\/{rel}","templated":true}]}}