{"id":8830,"date":"2024-01-28T15:34:50","date_gmt":"2024-01-28T14:34:50","guid":{"rendered":"https:\/\/lwid.dk\/?p=8830"},"modified":"2026-09-01T17:48:38","modified_gmt":"2026-09-01T16:48:38","slug":"perspective-asupra-stilului-de-viata-danez","status":"publish","type":"post","link":"https:\/\/lwid.dk\/ro\/perspective-asupra-stilului-de-viata-danez\/","title":{"rendered":"Perspective asupra stilului de via\u021b\u0103 danez"},"content":{"rendered":"\r\n<p class=\"wp-block-paragraph\">\u00cen aceast\u0103 perioad\u0103 p\u00e2n\u0103 la Fastelavn, Fastelavnsboller este cuv\u00e2ntul zilei. Cu toate acestea, vremea rece \u00eenseamn\u0103 c\u0103 danezii \u00eenc\u0103 se bucur\u0103 de \u00eent\u00e2lniri \u00een interior cu jocuri, arte \u0219i me\u0219te\u0219uguri. Pentru familiile din Danemarca, jocurile de societate sunt un lucru important. Unii ar \u00eendr\u0103zni s\u0103 spun\u0103 c\u0103 aceasta este o activitate cheie de socializare pe care ai putea s-o \u00eempar\u021bi cu familia iubitului\/iubitei tale daneze, atunci c\u00e2nd se fac prezent\u0103rile. C\u00e2teva dintre favoritele danezilor din toate timpurile sunt Ludo, UNO \u0219i Bezzawizzer (un joc de tip test de cultur\u0103 general\u0103). Cu toate acestea, posibilit\u0103\u021bile sunt nesf\u00e2r\u0219ite. Dac\u0103 nu ave\u021bi multe op\u021biuni acas\u0103, pute\u021bi g\u0103si cafenele cu jocuri de mas\u0103 \u2013 sau br\u00e6tspilscaf\u00e9er \u2013 \u00een toat\u0103 \u021bara. Unele dintre cele mai cunoscute locuri pentru o cafea\/b\u0103utur\u0103 \u0219i jocuri sunt Bastard Caf\u00e9 (Copenhaga), Spilcaf\u00e9en (Aarhus \u0219i Aalborg), Dice \u2018n Drinks (Aalborg) \u0219i Papas Papbar (Odense).<\/p>\r\n\r\n\r\n\r\n<p class=\"wp-block-paragraph\">Pentru danezii de toate v\u00e2rstele, artele \u0219i me\u0219te\u0219ugurile sunt, de asemenea, o mare surs\u0103 de divertisment \u00een lunile mai reci. Datorit\u0103 popularit\u0103\u021bii \u00een cre\u0219tere a cro\u0219et\u0103rii \u0219i tricot\u0103rii, companiile continu\u0103 s\u0103 creeze spa\u021bii \u00een care oamenii se pot aduna \u0219i pot discuta, \u00een timp ce fac ceva cu m\u00e2inile lor. \u00cen ora\u0219ele mari din \u021bar\u0103, cafenelele de activitate pentru pictur\u0103 ceramic\u0103, fabricarea de bijuterii, tricotat \u0219i alte hobby-uri creative sunt pline de grupuri de tineri, prietene, familii \u0219i chiar duouri tat\u0103-fiu.<\/p>\r\n\r\n\r\n\r\n<p class=\"wp-block-paragraph\">Cu o comunitate de interna\u021bionali \u00een cre\u0219tere, aceste spa\u021bii pentru joac\u0103 \u0219i art\u0103 devin din ce \u00een ce mai mult o resurs\u0103 cheie pentru socializare, pentru a face activit\u0103\u021bi de grup \u0219i pentru a cunoa\u0219te oameni noi. Poate c\u0103 s\u0103pt\u0103m\u00e2na aceasta te vei sim\u021bi inspirat s\u0103 contactezi viitorul t\u0103u prieten danez, s\u0103 organizezi o dup\u0103-amiaz\u0103 distractiv\u0103 acas\u0103 sau la o cafenea cu activit\u0103\u021bi \u0219i s\u0103 te sim\u021bi mai aproape de cultura local\u0103.<\/p>\r\n\r\n\r\n<hr class=\"wp-block-separator has-alpha-channel-opacity\" \/>","protected":false},"excerpt":{"rendered":"<p>\u00cen aceast\u0103 perioad\u0103 p\u00e2n\u0103 la Fastelavn, Fastelavnsboller este cuv\u00e2ntul zilei. Cu toate acestea, vremea rece \u00eenseamn\u0103 c\u0103 danezii \u00eenc\u0103 se bucur\u0103 de \u00eent\u00e2lniri \u00een interior cu jocuri, arte \u0219i me\u0219te\u0219uguri. Pentru familiile din Danemarca, jocurile de societate sunt un lucru important. Unii ar \u00eendr\u0103zni s\u0103 spun\u0103 c\u0103 aceasta este o activitate cheie de socializare pe [&hellip;]<\/p>\n","protected":false},"author":27,"featured_media":6462,"comment_status":"open","ping_status":"closed","sticky":false,"template":"","format":"standard","meta":{"_acf_changed":false,"_themeisle_gutenberg_block_has_review":false,"_jetpack_newsletter_access":"","_jetpack_dont_email_post_to_subs":false,"_jetpack_newsletter_tier_id":0,"_jetpack_memberships_contains_paywalled_content":false,"_jetpack_feature_clip_id":0,"_jetpack_memberships_contains_paid_content":false,"footnotes":"","jetpack_post_was_ever_published":false,"_members_access_role":[],"_members_access_error":""},"categories":[878,992],"tags":[1011,476],"class_list":["post-8830","post","type-post","status-publish","format-standard","has-post-thumbnail","category-navigarea-in-danemarca","category-societate","tag-obiceiuri-si-traditii","tag-stil-de-viata"],"acf":[],"jetpack_sharing_enabled":true,"jetpack-related-posts":[{"id":14503,"url":"https:\/\/lwid.dk\/ro\/perspective-asupra-stilului-de-viata-danez-saptamana-11\/","url_meta":{"origin":8830,"position":0},"title":"Perspective asupra stilului de via\u021b\u0103 danez &#8211; S\u0103pt\u0103m\u00e2na 11","author":"Catalina Anapios","date":"17 martie 2024","format":false,"excerpt":"Prim\u0103vara se apropie! Str\u0103zile \u021b\u0103rii au \u00eenceput s\u0103 \u00eenverzeasc\u0103, iar jachetele lungi \u0219i groase \u00ee\u0219i reg\u0103sesc locul \u00een dulap (cel pu\u021bin pentru moment). \u0218ansele de ninsoare nu sunt totu\u0219i excluse, bazat pe experien\u021ba din prim\u0103vara trecut\u0103, dar putem spune cu siguran\u021b\u0103 c\u0103 \u00eenflorirea copacilor a \u00eenceput. Probabil ai \u00eent\u00e2lnit \u00een\u2026","rel":"","context":"\u00cen \u201eNavigarea \u00een Danemarca\u201d","block_context":{"text":"Navigarea \u00een Danemarca","link":"https:\/\/lwid.dk\/ro\/category\/navigarea-in-danemarca\/"},"img":{"alt_text":"Viata de zi cu zi in Danemarca Last Week in Denmark","src":"https:\/\/i0.wp.com\/lwid.dk\/wp-content\/uploads\/2023\/12\/Viata-de-zi-cu-zi-in-Danemarca.jpg?resize=350%2C200&ssl=1","width":350,"height":200,"srcset":"https:\/\/i0.wp.com\/lwid.dk\/wp-content\/uploads\/2023\/12\/Viata-de-zi-cu-zi-in-Danemarca.jpg?resize=350%2C200&ssl=1 1x, https:\/\/i0.wp.com\/lwid.dk\/wp-content\/uploads\/2023\/12\/Viata-de-zi-cu-zi-in-Danemarca.jpg?resize=525%2C300&ssl=1 1.5x"},"classes":[]},{"id":16059,"url":"https:\/\/lwid.dk\/ro\/perspective-asupra-stilului-de-viata-danez-saptamana-19\/","url_meta":{"origin":8830,"position":1},"title":"Perspective asupra stilului de via\u021b\u0103 danez &#8211; S\u0103pt\u0103m\u00e2na 19","author":"Catalina Anapios","date":"12 mai 2024","format":false,"excerpt":"Gl\u00e6delig mors dag! Pentru Danemarca, Ziua Mamei este s\u0103rb\u0103torit\u0103 \u00eentotdeauna \u00een a 2-a duminic\u0103 a lunii mai, care anul acesta cade pe 12 mai. Aceast\u0103 dat\u0103 coincide cu prima Zi a Mamei din 1929, c\u00e2nd ofi\u021berul Christian Svenningsen a importat s\u0103rb\u0103toarea din Statele Unite. Ini\u021bial, inten\u021bia a fost de a\u2026","rel":"","context":"\u00cen \u201eNavigarea \u00een Danemarca\u201d","block_context":{"text":"Navigarea \u00een Danemarca","link":"https:\/\/lwid.dk\/ro\/category\/navigarea-in-danemarca\/"},"img":{"alt_text":"Viata de zi cu zi in Danemarca Last Week in Denmark","src":"https:\/\/i0.wp.com\/lwid.dk\/wp-content\/uploads\/2023\/12\/Viata-de-zi-cu-zi-in-Danemarca.jpg?resize=350%2C200&ssl=1","width":350,"height":200,"srcset":"https:\/\/i0.wp.com\/lwid.dk\/wp-content\/uploads\/2023\/12\/Viata-de-zi-cu-zi-in-Danemarca.jpg?resize=350%2C200&ssl=1 1x, https:\/\/i0.wp.com\/lwid.dk\/wp-content\/uploads\/2023\/12\/Viata-de-zi-cu-zi-in-Danemarca.jpg?resize=525%2C300&ssl=1 1.5x"},"classes":[]},{"id":13351,"url":"https:\/\/lwid.dk\/ro\/perspective-asupra-stilului-de-viata-danez-saptamana-7\/","url_meta":{"origin":8830,"position":2},"title":"Perspective asupra stilului de via\u021b\u0103 danez &#8211; S\u0103pt\u0103m\u00e2na 7","author":"Catalina Anapios","date":"18 februarie 2024","format":false,"excerpt":"Au trecut dou\u0103 luni de la sosirea iernii, probabil cea mai provocatoare perioad\u0103 din an: toamna ploioas\u0103 a trecut de mult, \u00eens\u0103 soarele nu este \u00eenc\u0103 gata s\u0103 aduc\u0103 prim\u0103vara. Acum ar fi poate momentul s\u0103 \u00eencerci \u0219i tu una din cele mai populare tradi\u021bii din Scandinavia: baie \u00een mare\u2026","rel":"","context":"\u00cen \u201eNavigarea \u00een Danemarca\u201d","block_context":{"text":"Navigarea \u00een Danemarca","link":"https:\/\/lwid.dk\/ro\/category\/navigarea-in-danemarca\/"},"img":{"alt_text":"Viata de zi cu zi in Danemarca Last Week in Denmark","src":"https:\/\/i0.wp.com\/lwid.dk\/wp-content\/uploads\/2023\/12\/Viata-de-zi-cu-zi-in-Danemarca.jpg?resize=350%2C200&ssl=1","width":350,"height":200,"srcset":"https:\/\/i0.wp.com\/lwid.dk\/wp-content\/uploads\/2023\/12\/Viata-de-zi-cu-zi-in-Danemarca.jpg?resize=350%2C200&ssl=1 1x, https:\/\/i0.wp.com\/lwid.dk\/wp-content\/uploads\/2023\/12\/Viata-de-zi-cu-zi-in-Danemarca.jpg?resize=525%2C300&ssl=1 1.5x"},"classes":[]},{"id":13916,"url":"https:\/\/lwid.dk\/ro\/perspective-asupra-stilului-de-viata-danez-saptamana-9\/","url_meta":{"origin":8830,"position":3},"title":"Perspective asupra stilului de via\u021b\u0103 danez &#8211; S\u0103pt\u0103m\u00e2na 9","author":"Catalina Anapios","date":"3 martie 2024","format":false,"excerpt":"S\u0103pt\u0103m\u00e2na aceasta este s\u0103pt\u0103m\u00e2na violet \u0219i s\u0103rb\u0103torim Ziua Interna\u021bional\u0103 a Femeii. Conform 2023 Women Peace and Security Index, Danemarca ocup\u0103 primul loc la calitatea vie\u021bii feminine: femeile sunt mai \u00een siguran\u021b\u0103, egale \u00een drepturi \u0219i au acces mai bun la justi\u021bie aici dec\u00e2t oriunde altundeva \u00een lume. Danemarca se afl\u0103\u2026","rel":"","context":"\u00cen \u201eNavigarea \u00een Danemarca\u201d","block_context":{"text":"Navigarea \u00een Danemarca","link":"https:\/\/lwid.dk\/ro\/category\/navigarea-in-danemarca\/"},"img":{"alt_text":"Viata de zi cu zi in Danemarca Last Week in Denmark","src":"https:\/\/i0.wp.com\/lwid.dk\/wp-content\/uploads\/2023\/12\/Viata-de-zi-cu-zi-in-Danemarca.jpg?resize=350%2C200&ssl=1","width":350,"height":200,"srcset":"https:\/\/i0.wp.com\/lwid.dk\/wp-content\/uploads\/2023\/12\/Viata-de-zi-cu-zi-in-Danemarca.jpg?resize=350%2C200&ssl=1 1x, https:\/\/i0.wp.com\/lwid.dk\/wp-content\/uploads\/2023\/12\/Viata-de-zi-cu-zi-in-Danemarca.jpg?resize=525%2C300&ssl=1 1.5x"},"classes":[]},{"id":15894,"url":"https:\/\/lwid.dk\/ro\/perspective-asupra-stilului-de-viata-danez-saptamana-16\/","url_meta":{"origin":8830,"position":4},"title":"Perspective asupra stilului de via\u021b\u0103 danez &#8211; S\u0103pt\u0103m\u00e2na 16","author":"Catalina Anapios","date":"21 aprilie 2024","format":false,"excerpt":"\u00cen 2024 se marcheaz\u0103 primul an din 1686 \u00een care Ziua Marii Rug\u0103ciuni (Store bededag) nu va fi s\u0103rb\u0103torit\u0103 ca s\u0103rb\u0103toare public\u0103 \u00een Danemarca. Data cade de obicei \u00een a patra vineri dup\u0103 Duminica Pa\u0219telui \u0219i este destinat\u0103 ca o zi pentru poc\u0103in\u021b\u0103, rug\u0103ciune \u0219i post. Anul trecut, guvernul condus\u2026","rel":"","context":"\u00cen \u201eNavigarea \u00een Danemarca\u201d","block_context":{"text":"Navigarea \u00een Danemarca","link":"https:\/\/lwid.dk\/ro\/category\/navigarea-in-danemarca\/"},"img":{"alt_text":"Viata de zi cu zi in Danemarca Last Week in Denmark","src":"https:\/\/i0.wp.com\/lwid.dk\/wp-content\/uploads\/2023\/12\/Viata-de-zi-cu-zi-in-Danemarca.jpg?resize=350%2C200&ssl=1","width":350,"height":200,"srcset":"https:\/\/i0.wp.com\/lwid.dk\/wp-content\/uploads\/2023\/12\/Viata-de-zi-cu-zi-in-Danemarca.jpg?resize=350%2C200&ssl=1 1x, https:\/\/i0.wp.com\/lwid.dk\/wp-content\/uploads\/2023\/12\/Viata-de-zi-cu-zi-in-Danemarca.jpg?resize=525%2C300&ssl=1 1.5x"},"classes":[]},{"id":14592,"url":"https:\/\/lwid.dk\/ro\/perspective-asupra-stilului-de-viata-danez-saptamana-12\/","url_meta":{"origin":8830,"position":5},"title":"Perspective asupra stilului de via\u021b\u0103 danez &#8211; S\u0103pt\u0103m\u00e2na 12","author":"Catalina Anapios","date":"24 martie 2024","format":false,"excerpt":"Pa\u0219tele se apropie! Cu toate c\u0103 s\u0103rb\u0103toarea va avea loc duminic\u0103, 31 martie, Danemarca se va bucura de un weekend prelungit de joi p\u00e2n\u0103 luni. Dac\u0103 e\u0219ti pasionat de arte \u0219i me\u0219te\u0219uguri, este momentul potrivit s\u0103 sco\u021bi foarfecele \u0219i s\u0103 \u00eencerci tradi\u021biile daneze. Po\u021bi s\u0103 realizezi g\u00e6kkebrev - sau \u201escrisoare\u2026","rel":"","context":"\u00cen \u201eNavigarea \u00een Danemarca\u201d","block_context":{"text":"Navigarea \u00een Danemarca","link":"https:\/\/lwid.dk\/ro\/category\/navigarea-in-danemarca\/"},"img":{"alt_text":"Daily life in Denmark Last Week in Denmark","src":"https:\/\/i0.wp.com\/lwid.dk\/wp-content\/uploads\/2023\/12\/Viata-de-zi-cu-zi-in-Danemarca.png?resize=350%2C200&ssl=1","width":350,"height":200,"srcset":"https:\/\/i0.wp.com\/lwid.dk\/wp-content\/uploads\/2023\/12\/Viata-de-zi-cu-zi-in-Danemarca.png?resize=350%2C200&ssl=1 1x, https:\/\/i0.wp.com\/lwid.dk\/wp-content\/uploads\/2023\/12\/Viata-de-zi-cu-zi-in-Danemarca.png?resize=525%2C300&ssl=1 1.5x"},"classes":[]}],"jetpack_featured_media_url":"https:\/\/lwid.dk\/wp-content\/uploads\/2023\/12\/Viata-de-zi-cu-zi-in-Danemarca.jpg","_links":{"self":[{"href":"https:\/\/lwid.dk\/ro\/wp-json\/wp\/v2\/posts\/8830","targetHints":{"allow":["GET"]}}],"collection":[{"href":"https:\/\/lwid.dk\/ro\/wp-json\/wp\/v2\/posts"}],"about":[{"href":"https:\/\/lwid.dk\/ro\/wp-json\/wp\/v2\/types\/post"}],"author":[{"embeddable":true,"href":"https:\/\/lwid.dk\/ro\/wp-json\/wp\/v2\/users\/27"}],"replies":[{"embeddable":true,"href":"https:\/\/lwid.dk\/ro\/wp-json\/wp\/v2\/comments?post=8830"}],"version-history":[{"count":2,"href":"https:\/\/lwid.dk\/ro\/wp-json\/wp\/v2\/posts\/8830\/revisions"}],"predecessor-version":[{"id":28704,"href":"https:\/\/lwid.dk\/ro\/wp-json\/wp\/v2\/posts\/8830\/revisions\/28704"}],"wp:featuredmedia":[{"embeddable":true,"href":"https:\/\/lwid.dk\/ro\/wp-json\/wp\/v2\/media\/6462"}],"wp:attachment":[{"href":"https:\/\/lwid.dk\/ro\/wp-json\/wp\/v2\/media?parent=8830"}],"wp:term":[{"taxonomy":"category","embeddable":true,"href":"https:\/\/lwid.dk\/ro\/wp-json\/wp\/v2\/categories?post=8830"},{"taxonomy":"post_tag","embeddable":true,"href":"https:\/\/lwid.dk\/ro\/wp-json\/wp\/v2\/tags?post=8830"}],"curies":[{"name":"wp","href":"https:\/\/api.w.org\/{rel}","templated":true}]}}