{"id":4,"name":"Alina Racila","url":"","description":"N\u0103scut\u0103 \u0219i crescut\u0103 \u00een Chi\u0219in\u0103u, Alina R\u0103cil\u0103 a decis s\u0103 se stabileasc\u0103 \u00een Danemarca \u00een 2014. Vine dintr-o familie simpl\u0103, dar este so\u021bie \u0219i mam\u0103 a doi copii \u0219i jum\u0103tate (unul \u00eenc\u0103 \u00een burtica mamei). Este absolvent\u0103 a USM cu specializarea psihopedagog, merge la \u0219coal\u0103 pentru a \u00eenv\u0103\u021ba limba danez\u0103 \u0219i \u00ee\u0219i completeaz\u0103 studiile la UC Syd Aabenraa pentru a deveni asistent medical. Lucreaz\u0103 \u00een cadrul unui centru pentru b\u0103tr\u00e2ni, face parte din conducerea asocia\u021biei Moldovenilor din Danemarca oferind gratuit consulta\u021bii \u0219i informa\u021bii cet\u0103\u021benilor rom\u00e2ni \u0219i moldoveni, iar recent a \u00eenceput colaborarea cu Last Week in Denmark, av\u00e2nd rubrica \u201eP\u0103rin\u021bi \u0219i copii\u201d.","link":"https:\/\/lwid.dk\/ro\/author\/alina-racila\/","slug":"alina-racila","avatar_urls":{"24":"https:\/\/secure.gravatar.com\/avatar\/d34ba701238da38b494ed08f1ca92454614ba1c1659b53c472ab2f574ece3ef3?s=24&d=mm&r=g","48":"https:\/\/secure.gravatar.com\/avatar\/d34ba701238da38b494ed08f1ca92454614ba1c1659b53c472ab2f574ece3ef3?s=48&d=mm&r=g","96":"https:\/\/secure.gravatar.com\/avatar\/d34ba701238da38b494ed08f1ca92454614ba1c1659b53c472ab2f574ece3ef3?s=96&d=mm&r=g"},"meta":{"feedzy_import_tour":true,"feedzy_hide_action_message":false,"jetpack_donation_warning_dismissed":false},"acf":[],"simple_local_avatar":null,"_links":{"self":[{"href":"https:\/\/lwid.dk\/ro\/wp-json\/wp\/v2\/users\/4","targetHints":{"allow":["GET"]}}],"collection":[{"href":"https:\/\/lwid.dk\/ro\/wp-json\/wp\/v2\/users"}]}}