{"id":28663,"date":"2026-08-07T20:43:42","date_gmt":"2026-08-07T19:43:42","guid":{"rendered":"https:\/\/lwid.dk\/danimarkada-konut-suistimalarini-onlemek-icin-3-tavsiye\/"},"modified":"2026-08-30T15:23:18","modified_gmt":"2026-08-30T14:23:18","slug":"danimarkada-konut-suistimalarini-onlemek-icin-3-tavsiye","status":"publish","type":"post","link":"https:\/\/lwid.dk\/tr\/danimarkada-konut-suistimalarini-onlemek-icin-3-tavsiye\/","title":{"rendered":"\ud83c\udfe0Danimarka&#8217;da Konut Doland\u0131r\u0131c\u0131l\u0131\u011f\u0131na Kar\u015f\u0131 3 Tavsiye!"},"content":{"rendered":"<p><span style=\"font-weight: 400;\">Yeni akademik y\u0131l\u0131n ba\u015flamas\u0131yla yerel ve uluslararas\u0131 \u00f6\u011frenciler Danimarka&#8217;n\u0131n b\u00fcy\u00fck\u015fehirlerini dola\u015f\u0131p konaklama i\u00e7in kiral\u0131k ev pe\u015finde ko\u015fu\u015fturuyorlar. Danimarka&#8217;da konut piyasas\u0131na dair fark\u0131ndas\u0131zl\u0131k \u00e7ok ciddi sorunlar do\u011furabilir. Su\u00e7 a\u011flar\u0131 b\u00fcy\u00fck\u015fehirlerdeki konut piyas\u0131s\u0131n\u0131 iyi bilmeyen \u00f6\u011frencileri suistimal ederek \u00f6\u011frencilere yasad\u0131\u015f\u0131 ya da kay\u0131ts\u0131z konutlara \u00e7ekip onlar\u0131 zor durumda b\u0131rakabiliyorlar.  <\/span><\/p>\n<p><span style=\"font-weight: 400;\">Belki sosyal medyada ma\u011fdur \u00f6\u011frencilerin videolar\u0131na rastlam\u0131\u015f olabilirsiniz bile. Julie ve Mathilde gibi Kopenhag&#8217;da ev arayan \u00f6\u011frenciler ev sahibine kiralar\u0131n\u0131 yat\u0131r\u0131p 5 g\u00fcnden sonra daireyi terk etmeye usuls\u00fcz gerek\u00e7elerle mecbur b\u0131rak\u0131l\u0131yorlar. Bunun gibi hikayelerin ne yaz\u0131k ki ancak bir k\u0131sm\u0131n\u0131 duyuyoruz. Suistimal ma\u011fdurlar\u0131, aldat\u0131ld\u0131klar\u0131ndan utanarak yetkililere \u015fikayette bulunmaktan \u00e7ekinebiliyorlar ve bu suistimalcilerin ayn\u0131 numaralar\u0131 kontrols\u00fczce s\u00fcrd\u00fcrmelerine olanak tan\u0131yor.  <\/span><\/p>\n<div class=\"youtube-embed\" data-video_id=\"BQ32Z8tQsZM\"><iframe loading=\"lazy\" title=\"S\u00e5dan blev Julie og Mathilde snydt af falsk udlejer\" width=\"696\" height=\"392\" src=\"https:\/\/www.youtube.com\/embed\/BQ32Z8tQsZM?feature=oembed&#038;enablejsapi=1\" frameborder=\"0\" allow=\"accelerometer; autoplay; clipboard-write; encrypted-media; gyroscope; picture-in-picture; web-share\" referrerpolicy=\"strict-origin-when-cross-origin\" allowfullscreen><\/iframe><\/div>\n<p><span style=\"font-weight: 400;\">Bu yaz\u0131m\u0131zda size Danimarka&#8217;da s\u0131k\u00e7a ya\u015fanan konut doland\u0131r\u0131c\u0131l\u0131\u011f\u0131 numaralar\u0131n\u0131 anlataca\u011f\u0131z:<\/span><\/p>\n<h3><strong>Konut Doland\u0131r\u0131c\u0131l\u0131\u011f\u0131 Tipleri:<\/strong><\/h3>\n<h4><span style=\"font-weight: 400;\">Tip 1 &#8211; Yasad\u0131\u015f\u0131 Kiralama <\/span><\/h4>\n<p><span style=\"font-weight: 400;\">Bu tip suistimal \u00f6zellikle devren kiralamada g\u00f6r\u00fcl\u00fcr, yani ev sahibi yerine ev sahibinin kirac\u0131s\u0131 oldu\u011funu s\u00f6yleyen bir kimsenin evi ba\u015fka bir kiracay\u0131 kiralatt\u0131\u011f\u0131 takdirde. Danimarka&#8217;da devren kiralama olduk\u00e7a s\u0131k g\u00f6r\u00fcl\u00fcr, ancak bazen konut tipine ayk\u0131r\u0131 ya da ev sahibinden habersiz evini devren kiralamaya vermek isteyen sat\u0131c\u0131lar olabiliyor ve burada dikkatli olmak laz\u0131m. S\u00f6zde bu dairede oturuyor diye g\u00f6r\u00fcnen kirac\u0131, m\u00fcstakbel kirac\u0131lara bu daireyi yasa d\u0131\u015f\u0131 yollardan y\u00fcksek fiyatlara kiralatmaya \u00e7al\u0131\u015f\u0131r. AirBNB aldat\u0131cl\u0131\u011f\u0131ndan bile k\u00f6t\u00fcs\u00fc, bu tip dairelerde bazen 5 g\u00fcnden sonra daireyi terk etmek zorunda kalabilirsiniz! E\u011fer ki kira ve depozitonuzu \u00f6dedi\u011finiz, devren kiralad\u0131\u011f\u0131n\u0131z evden gerek\u00e7esiz kovulursan\u0131z muhtemelen b\u00f6yle Tip 1 bir senaryodan muzdar\u0131ps\u0131n\u0131z. E\u011fer adreste kay\u0131tl\u0131 ki\u015fi (s\u00f6zde kirac\u0131) yasal y\u00fck\u00fcml\u00fcl\u00fc\u011f\u00fc do\u011frultusunda net bir gerek\u00e7e g\u00f6steremeksizin sizi uzakla\u015ft\u0131r\u0131yorsa bu asl\u0131nda yapt\u0131klar\u0131 kiralaman\u0131n \u00fc\u00e7\u00fcnc\u00fc bir \u015fahs\u0131n fark etmemesini istediklerini g\u00f6steriyor. \ud83d\udea8 Burada di\u011fer bir uyar\u0131 i\u015fareti s\u00f6zde kirac\u0131n\u0131n, devren kirac\u0131ya &#8220;CPR numaras\u0131 alamazs\u0131n\u0131z&#8221; diye s\u00f6ylemesi. Ev kiralarken MUTLAKA CPR kay\u0131d\u0131 yapt\u0131r\u0131p yapt\u0131ramayaca\u011f\u0131n\u0131z\u0131 sorarak bu tip numaralardan kendinizi koruyabilirsiniz.    <\/span><\/p>\n<p><span style=\"font-weight: 400;\">CPR numaras\u0131 nedir diye a\u015fa\u011f\u0131da bu konuyu biraz daha a\u00e7aca\u011f\u0131z. <\/span><\/p>\n<h4><span style=\"font-weight: 400;\">Tip 2 &#8211; Emlak Sahtek\u00e2rl\u0131\u011f\u0131 <\/span><\/h4>\n<p><span style=\"font-weight: 400;\">Bu tip bir durumda, kiraya verilecek m\u00fclk ger\u00e7ekte pazarda yer bile alm\u0131yor. Sahtek\u00e2r ev sahibi (ya da devren kirada ev kirac\u0131s\u0131), sahte bir m\u00fclk\u00fc ger\u00e7ekmi\u015f gibi g\u00f6steriyor. Oysa ger\u00e7ekte sahtek\u00e2r ne bu evde oturuyor, ne bu eve sahip ne de dairenin \u00f6rne\u011fin haliyle sat\u0131ld\u0131\u011f\u0131n\u0131 s\u00f6ylemiyor. Genellikle naif ki\u015filer hedef al\u0131n\u0131yor ve ne yaz\u0131k ki Danimarka&#8217;n\u0131n b\u00fcy\u00fck \u015fehirlerinde okumaya yeni gelen bir\u00e7ok \u00f6\u011frenci bu gruba giriyor.   <\/span><\/p>\n<p><span style=\"font-weight: 400;\">Bilin\u00e7li bir t\u00fcketici zaten adrese gidip daireyi gezmek istedi\u011fini s\u00f6yledi\u011fi zaman veya evin kay\u0131tlar\u0131n\u0131 ara\u015ft\u0131rabilece\u011fi i\u00e7in b\u00f6yle bir oyuna kolay kolay gelmez. Burada en b\u00fcy\u00fck ma\u011fdur ne yaz\u0131k ki \u00f6\u011frenciler, d\u00fc\u015f\u00fck gelirli vatanda\u015flar ve az\u0131nl\u0131k gruplar\u0131 oluyor. Zorlanan konut piyas\u0131n\u0131n kar\u015f\u0131s\u0131nda bir kap\u0131 bulabilme ihtiyac\u0131n\u0131n verdi\u011fi \u00e7aresizlik, doland\u0131r\u0131c\u0131l\u0131lara imk\u00e2n tan\u0131yor. \u00c7\u00fcnk\u00fc \u00e7aresiz kalan insanlar soru sormadan bir an \u00f6nce bir ev bulabilmek istiyor.   <\/span><\/p>\n<h4><span style=\"font-weight: 400;\">Tip 3 &#8211; Depozito Al\u0131koyma <\/span><\/h4>\n<p><span style=\"font-weight: 400;\">Bu tip bir numarada m\u00fclk ve kiralama yasald\u0131r. Ancak baz\u0131 ev sahipleri, sizden sigorta diye ald\u0131klar\u0131 depozitoyu daireden \u00e7\u0131kt\u0131\u011f\u0131n\u0131z zaman geri vermemeyi d\u00fc\u015f\u00fcnm\u00fcyor. Bu tip ev sahipleri depozitonuza zaten ellerinde tuttuklar\u0131 ek para g\u00f6z\u00fcyle bak\u0131yorlar. Bu nedenle, kirac\u0131 evden \u00e7\u0131kmak istedi\u011fi zaman ev sahibi dairede zarar g\u00f6stererek depozitonuzu kullanarak bunu gidermeyi teklif ediyor. Bu tav\u0131ra kar\u015f\u0131 belirgin bir yasal bir s\u0131n\u0131rland\u0131rma tan\u0131mlanmad\u0131\u011f\u0131 i\u00e7in hukuk\u00ee bir sorun olmuyor, \u00f6zellikle de\u011fi\u015fim \u00f6\u011frencileri ya da uluslararas\u0131 \u00f6\u011frenciler Danimarka&#8217;y\u0131 terk edecekse. Son pi\u015fmanl\u0131k fayda vermez, bu numaraya kar\u015f\u0131 en iyi \u00f6nlem daireye ilk yerle\u015fti\u011finiz andan itibaren foto\u011fraflar ile binan\u0131n durumunu belgeleminiz ve kirac\u0131 olarak kald\u0131\u011f\u0131n\u0131z s\u00fcre boyunca evi iyi durumda b\u0131rakmak i\u00e7in eve bak\u0131m yapman\u0131z.     <\/span><\/p>\n<h3><strong>CPR Nedir?<\/strong><\/h3>\n<p><span style=\"font-weight: 400;\">CPR, &#8220;Merkezi Ki\u015fi Kay\u0131t&#8221; sistemi anlam\u0131na gelir. CPR numaras\u0131, Danimarka kamu hizmetlerine eri\u015fti\u011finiz zaman kimlik numaran\u0131zd\u0131r. Sar\u0131 kart\u0131n\u0131z varsa bunun \u00fczerinde CPR numaran\u0131z\u0131 g\u00f6rebilirsiniz.  <\/span><span style=\"font-weight: 400;\">Bir CPR numaras\u0131 almak i\u00e7in, Danimarka&#8217;da \u00fc\u00e7 aydan fazla kalaca\u011f\u0131n\u0131z\u0131 ispat etmeniz gerekir. <\/span><a href=\"https:\/\/lifeindenmark.borger.dk\/theme\/when-you-arrive\"><span style=\"font-weight: 400;\"> Bu nedenle, de\u011fi\u015fim \u00f6\u011frencileri \u00fc\u00e7 aydan az kalacaksa, bir CPR numaras\u0131 almalar\u0131na gerek yok. <\/span><\/a><\/p>\n<p><span style=\"font-weight: 400;\">CPR numaras\u0131 alabilmek istiyorsan\u0131z, buna g\u00f6re AB (Schengen) ya da Danimarka d\u00fczeyinde 3 aydan daha uzun s\u00fcreli bir izin \u00e7\u0131kartman\u0131z gerekiyor. (Nordik \u00dclkelerinin vatanda\u015flar\u0131 m\u00fcstenad\u0131r.) <\/span><span style=\"font-weight: 400;\"> Zira, &#8220;CPR numaras\u0131 al\u0131namaz&#8221; yazan m\u00fclkler, yasa d\u0131\u015f\u0131 kiralan\u0131yor.<\/span><\/p>\n<p><span style=\"font-weight: 400;\">Nordik \u00dclke vatanda\u015flar\u0131na gelince \u015fart Danimarka&#8217;da kal\u0131c\u0131 bir adres ve evlilik\/bo\u015fanma\/\u00f6l\u00fcm belgesidir. AB vatanda\u015flar\u0131 i\u00e7in ise bunlar\u0131n yan\u0131nda AB ik\u00e2met belgeniz de \u015fartt\u0131r.  <\/span><\/p>\n<p><span style=\"font-weight: 400;\">AB haricindeki vatanda\u015flar i\u00e7in yukar\u0131daki \u015fartlara ilaveten Danimarka Uluslararas\u0131 G\u00f6\u00e7 ve Entegrasyon Ajans\u0131&#8217;ndan (SIRI&#8217;den) i\u015f ve ikamet izni almak gerekiyor. <\/span><\/p>\n<h3><img loading=\"lazy\" decoding=\"async\" class=\"alignnone wp-image-28534 size-full\" src=\"https:\/\/lwid.dk\/wp-content\/uploads\/2026\/08\/image_from_ios.jpg\" alt=\"\" width=\"830\" height=\"520\" srcset=\"https:\/\/lwid.dk\/wp-content\/uploads\/2026\/08\/image_from_ios.jpg 830w, https:\/\/lwid.dk\/wp-content\/uploads\/2026\/08\/image_from_ios-300x188.jpg 300w, https:\/\/lwid.dk\/wp-content\/uploads\/2026\/08\/image_from_ios-768x481.jpg 768w, https:\/\/lwid.dk\/wp-content\/uploads\/2026\/08\/image_from_ios-150x94.jpg 150w, https:\/\/lwid.dk\/wp-content\/uploads\/2026\/08\/image_from_ios-696x436.jpg 696w\" sizes=\"auto, (max-width: 830px) 100vw, 830px\" \/><\/h3>\n<p>Kaynak: <a href=\"https:\/\/lifeindenmark.borger.dk\/leisure-and-networking\/top-25-dictionary#b8888a0c-da5f-41f4-8264-39d27de77141\">https:\/\/lifeindenmark.borger.dk\/leisure-and-networking\/top-25-dictionary#b8888a0c-da5f-41f4-8264-39d27de77141<\/a><\/p>\n<h3><strong>Danimarka&#8217;da Konut Sistemi Nas\u0131l \u0130\u015fler?<\/strong><\/h3>\n<p><span style=\"font-weight: 400;\">Doland\u0131r\u0131c\u0131lara hi\u00e7 yakalanmamak i\u00e7in Danimarka&#8217;n\u0131n Konut Sistemini anlamakta fayda var. Danimarka&#8217;da, \u00f6zellikle b\u00fcy\u00fck\u015fehirlerde \u00f6\u011frenciler ve gen\u00e7lere \u00f6zel ayr\u0131lm\u0131\u015f bir konut hacmi vard\u0131r. Ve bu \u00f6\u011frenci\/gen\u00e7 konutlar\u0131 genellikle baz\u0131 ayr\u0131cal\u0131klar sunar. \u00d6rne\u011fin daha d\u00fc\u015f\u00fck kiralar ve \u00e7e\u015fitli konut yard\u0131mlar\u0131. Baz\u0131 b\u00f6lgelerde konutlar, \u00f6\u011frenci kimlik kontrolleri veya \u00f6\u011frenci onay kontrolleriyle kiralanabilinmektedir. Hatta baz\u0131 dairelerde \u00f6\u011frenci partneri ya da ailesiyle birlikte kalabilmektedir.   <\/span><\/p>\n<p><span style=\"font-weight: 400;\">Gen\u00e7ler i\u00e7in daireler 35 ya\u015f s\u0131n\u0131r\u0131 ko\u015far, \u00f6\u011frenciler i\u00e7in daireler ise 30 ya\u015f\u0131n\u0131n alt\u0131nda \u00f6\u011frencilere y\u00f6neliktir. Bu t\u00fcr konutlarda kalabilmeniz i\u00e7in bir ba\u015fka ko\u015ful, d\u00fczenli olarak bilgilendirme onay\u0131n\u0131z\u0131n olmas\u0131d\u0131r.  <\/span><span style=\"font-weight: 400;\"><span style=\"font-weight: 400;\"><a href=\"https:\/\/lifeindenmark.borger.dk\/working\/finding-a-job\/certificate-of-criminal-record\">Bir ba\u015fka \u015fart ise bir sab\u0131ka kayd\u0131 belgesidir.<\/a><\/span><\/span><\/p>\n<p><span style=\"font-weight: 400;\">\u00d6\u011frenciler i\u00e7in konut havuzlar\u0131na ula\u015fmak i\u00e7in a\u015fa\u011f\u0131daki platformlar\u0131 kullanabilirsiniz:<\/span><b><i> (Dikkat: <\/i><\/b><span style=\"font-weight: 400;\">Bu siteler, araman\u0131z\u0131 kolayla\u015ft\u0131rmak i\u00e7in ekstra bir yard\u0131m sunar, ancak \u00f6\u011frenci oldu\u011funuz i\u00e7in size bir daire sunulmas\u0131 garanti de\u011fildir!) <\/span><b><i><\/i><\/b><\/p>\n<ul>\n<li aria-level=\"1\"><a href=\"https:\/\/housingfoundation.dk\/about-hf\/\"><b><i>Housing Foundation Copenhagen<\/i><\/b><\/a>\n<ul>\n<li><span style=\"font-weight: 400;\">Ad\u0131nda Kopenhag ge\u00e7mesine ra\u011fmen, HFC \u00fclke geneline hizmet sunuyor. HFC, ba\u011f\u0131ms\u0131z ve k\u00e2r amac\u0131 g\u00fctmeyen bir kurulu\u015ftur  <\/span><span style=\"font-weight: 400;\">ve Danimarka&#8217;ya yurtd\u0131\u015f\u0131ndan gelen \u00f6\u011frenciler ve ara\u015ft\u0131rmac\u0131lar i\u00e7in esnek ve rekabet\u00e7i konutlara eri\u015fim sunmak i\u00e7in \u00e7al\u0131\u015f\u0131yorlar. HFC, 1 y\u0131ll\u0131k kontrat imzalayabilece\u011finiz daireler kiralaman\u0131za yard\u0131m edebilir. <\/span><\/li>\n<\/ul>\n<\/li>\n<\/ul>\n<ul>\n<li style=\"list-style-type: none;\">\n<ul>\n<li style=\"list-style-type: none;\">\n<\/ul>\n<\/li>\n<li style=\"font-weight: 400;\" aria-level=\"1\"><a href=\"http:\/\/s.dk\"><i><span style=\"font-weight: 400;\"><strong>s.dk<\/strong><\/span><\/i><\/a><\/li>\n<li style=\"list-style-type: none;\">\n<ul>\n<li style=\"font-weight: 400;\" aria-level=\"2\"><span style=\"font-weight: 400;\">s.dk, Danimarka&#8217;da \u00f6\u011frenci konutlar\u0131na eri\u015fimi sa\u011flayan bir sistemdir. Bu sistem, 13000&#8217;den fazla \u00f6\u011frenci konutuna <br \/>eri\u015fim sa\u011flar.<\/span><\/li>\n<li style=\"font-weight: 400;\" aria-level=\"2\"><span style=\"font-weight: 400;\">s.dk, Danimarka&#8217;da \u00f6\u011frenci konuta eri\u015fim sa\u011flayan \u00fc\u00e7 gruba ait bekleyen listelerini toplar: CIU (Kopenhag), RIU (Roskilde) ve Agora&#8217;dan.<\/span><\/li>\n<li style=\"font-weight: 400;\" aria-level=\"2\"><span style=\"font-weight: 400;\">E\u011fer Kopenhag&#8217;daysan\u0131z, bu siteye mutlaka bakmal\u0131s\u0131n\u0131z!<\/span><\/li>\n<\/ul>\n<\/li>\n<li style=\"list-style-type: none;\">\n<\/ul>\n<ul>\n<li style=\"font-weight: 400;\" aria-level=\"1\"><em><strong>Di\u011fer b\u00fcy\u00fck\u015fehirler i\u00e7in portallar:<\/strong><\/em>\n<ul>\n<li style=\"font-weight: 400;\" aria-level=\"2\"><a href=\"https:\/\/studieboligaalborg.dk\/\"><span style=\"font-weight: 400;\">Studiebolig<\/span><\/a><span style=\"font-weight: 400;\"> (Aalborg)<\/span><\/li>\n<li style=\"font-weight: 400;\" aria-level=\"2\"><a href=\"https:\/\/ungdomsboligaarhus.dk\/\"><span style=\"font-weight: 400;\">Ungsdombolig<\/span><\/a><span style=\"font-weight: 400;\"> (Aarhus)<\/span><\/li>\n<li style=\"font-weight: 400;\" aria-level=\"2\"><a href=\"https:\/\/boligoen.dk\/\"><span style=\"font-weight: 400;\">Bolig\u00d8en <\/span><\/a><span style=\"font-weight: 400;\">(Odense)<\/span><\/li>\n<\/ul>\n<\/li>\n<\/ul>\n<ul>\n<li style=\"font-weight: 400;\" aria-level=\"1\"><strong><i>Konutlara Dair Daha Fazlas\u0131<\/i><\/strong>\n<ul>\n<li><b>Boligst\u00f8tte (Konut Yard\u0131m\u0131)<\/b>\n<ul>\n<li style=\"font-weight: 400;\" aria-level=\"3\"><span style=\"font-weight: 400;\">Devlet ve belediyeniz taraf\u0131ndan, kira tutar\u0131n\u0131z\u0131n bir k\u0131sm\u0131n\u0131 kar\u015f\u0131lamak i\u00e7in ayl\u0131k (vergisiz) bir yard\u0131md\u0131r.<br \/> <\/span><\/li>\n<li style=\"font-weight: 400;\" aria-level=\"3\">Bu k\u0131smi yard\u0131mdan faydalanabilmek i\u00e7in, a\u015fa\u011f\u0131daki \u015fartlar\u0131 sa\u011flaman\u0131z gerekiyor:\n<ul>\n<li style=\"font-weight: 400;\" aria-level=\"4\"><span style=\"font-weight: 400;\">Ya\u015fad\u0131\u011f\u0131n\u0131z evin kirac\u0131s\u0131 olmasl\u0131s\u0131n\u0131z. Direk ya da devirden kira olabilir. Ayn\u0131 \u015fekilde \u00f6\u011frenci yurdunda kal\u0131yorsan\u0131z bu da ge\u00e7erlidir.<\/span><\/li>\n<li style=\"font-weight: 400;\" aria-level=\"4\"><span style=\"font-weight: 400;\">Dairenizin kendi mutfa\u011f\u0131 veya kitchenette&#8217;i olmal\u0131 ve musluk ile gideri olmal\u0131d\u0131r.<br \/> <\/span><\/li>\n<li style=\"font-weight: 400;\" aria-level=\"4\"><span style=\"font-weight: 400;\">Y\u0131l boyunca orada kalman\u0131z ve o adres \u00fczerine CPR kayd\u0131n\u0131 yapt\u0131rman\u0131z gerekir. <\/span><\/li>\n<li style=\"font-weight: 400;\" aria-level=\"4\"><span style=\"font-weight: 400;\">Yaln\u0131z ba\u015f\u0131n\u0131za oturuyorsan\u0131z kendi ba\u015f\u0131n\u0131za ba\u015fvurabilirsiniz. Ortak bir dairede, t\u00fcm kirac\u0131lar ortak bir ba\u015fvuru yapmal\u0131d\u0131r.  <\/span><\/li>\n<li style=\"font-weight: 400;\" aria-level=\"4\"><span style=\"font-weight: 400;\">K\u0131sacas\u0131 kendi yeme\u011finizi pi\u015firdi\u011finiz bir dairede kal\u0131yorsan\u0131z, bu kiraya talip olabilirsiniz. <\/span><\/li>\n<li style=\"font-weight: 400;\" aria-level=\"4\"><b>YALNIZ \u00d6NEML\u0130 B\u0130R UYARI: YALNIZCA<\/b> <a href=\"https:\/\/nyidanmark.dk\/da\/Ord-og-begreber\/US\/Familie\/Offentlig-hj%C3%A6lp-(familiesammenf%C3%B8ring-og-permanent-ophold)\"><span style=\"font-weight: 400;\">AB\/AEA ve Nordik Vatanda\u015flar\u0131 bu yard\u0131mdan faydalanabilir!<\/span><\/a><span style=\"font-weight: 400;\"> <\/span><\/li>\n<li style=\"font-weight: 400;\" aria-level=\"4\"><b><i>(Son G\u00fcnclleme: 8 A\u011fustos 2026) <\/i><\/b><span style=\"font-weight: 400;\">T.C. Vatanda\u015flar\u0131 ve AB\/Nordikler Haricinde vatanda\u015flar <\/span><b><i>\u00f6\u011frenci vize tipi alt\u0131nda bu yard\u0131mdan faydalanamaz. <\/i><\/b><span style=\"font-weight: 400;\">\u00c7al\u0131\u015fan vize tipi, baz\u0131 \u015fartlarda aile birle\u015fimi i\u00e7in ayn\u0131s\u0131 ge\u00e7erli de\u011fildir ve \u00f6\u011frencilikten sonra T.C. Vatanda\u015f\u0131 olarak da boligst\u00f8tte&#8217;ye talip olabilirsiniz.<\/span> <\/li>\n<\/ul>\n<\/li>\n<li style=\"font-weight: 400;\" aria-level=\"3\"><span style=\"font-weight: 400;\">Konut piyasas\u0131nda gezinirken, \u00f6zellikle \u015firket konutlar\u0131 ve \u015fah\u0131s konutlar\u0131nda fiyatlar\u0131 y\u00fcksek g\u00f6rm\u00fc\u015f olabilirsiniz. Kimi zaman ev sahipleri kirac\u0131n\u0131n boligst\u00f8tte alacak \u00f6\u011frenci oldu\u011funu farz ettikleri i\u00e7in kira y\u00fckseltmeye c\u00fcrret edebiliyorlar. Ne yaz\u0131k ki bu AB i\u00e7i ve d\u0131\u015f\u0131 aras\u0131nda \u00e7ok ciddi bir ayr\u0131mc\u0131l\u0131k do\u011furuyor.<\/span><\/li>\n<\/ul>\n<\/li>\n<\/ul>\n<\/li>\n<\/ul>\n<ul>\n<li style=\"list-style-type: none;\">\n<ul>\n<li aria-level=\"2\"><a href=\"https:\/\/llo.dk\/om-llo\/\"><b><i>LLO: Ulusal Kirac\u0131lar Organizasyonu<\/i><\/b><\/a>\n<ul>\n<li style=\"font-weight: 400;\" aria-level=\"3\"><span style=\"font-weight: 400;\">LLO, kirac\u0131 haklar\u0131n\u0131 korumak i\u00e7in bir organizasyon. Kiraya ili\u015fkin herhangi bir sorunla kar\u015f\u0131la\u015ft\u0131\u011f\u0131n\u0131zda buraya <br \/>ba\u015fvurmal\u0131s\u0131n\u0131z. Onlar size kendinizi sa\u011flama almak i\u00e7in yard\u0131mc\u0131 olacakt\u0131r.  <\/span><\/li>\n<li style=\"font-weight: 400;\" aria-level=\"3\"><span style=\"font-weight: 400;\">Bu hizmet i\u00e7in sizden beklenen aidat\u0131n\u0131z\u0131 \u00f6demek. <\/span><\/li>\n<li style=\"font-weight: 400;\" aria-level=\"3\"><span style=\"font-weight: 400;\">LLO&#8217;nun kapsam\u0131 \u00f6zel ve kamu konutlar\u0131na, kooperatiflere, gen\u00e7ler ve ya\u015fl\u0131lar i\u00e7in konutlara ve <br \/>ticari kiralamalara kadar uzan\u0131r.<\/span><\/li>\n<\/ul>\n<\/li>\n<\/ul>\n<\/li>\n<\/ul>\n<h3><strong>\u00dcniversite \u00d6\u011frencileri i\u00e7in Hayatta Kalma K\u0131lavuzu: Ev Ararken Yap\u0131lacaklar ve Yap\u0131lmayacaklar <\/strong><\/h3>\n<h3><span style=\"font-weight: 400;\">Yap\u0131lacaklar!<\/span><\/h3>\n<ul>\n<li style=\"font-weight: 400;\" aria-level=\"1\"><span style=\"font-weight: 400;\">Bulundu\u011funuz muhitteki yerel fiyatlar\u0131 ve standartlar\u0131 ara\u015ft\u0131rmaya zaman ay\u0131r\u0131n. Arkada\u015flar\u0131n\u0131z ve \u00fcniversite arkada\u015flar\u0131n\u0131zdan fikir al\u0131n. <\/span><\/li>\n<li style=\"font-weight: 400;\" aria-level=\"1\"><span style=\"font-weight: 400;\">Daima imzalanm\u0131\u015f bir s\u00f6le\u015fme talep edin! Genel kira bilgileri, s\u00fcre, bildirim s\u00fcreci ve di\u011fer ko\u015fullar\u0131 i\u00e7erdi\u011finden emin olun. Yoksa hukuki bir hak iddia edemezsiniz. <\/span><\/li>\n<li style=\"font-weight: 400;\" aria-level=\"1\"><span style=\"font-weight: 400;\">Emlak sahipleri kimdir diye ara\u015ft\u0131r\u0131n.<\/span><\/li>\n<li style=\"font-weight: 400;\" aria-level=\"1\"><span style=\"font-weight: 400;\">Her zaman daireye gidip g\u00f6rmekte fayda var.<\/span><\/li>\n<li style=\"font-weight: 400;\" aria-level=\"1\"><span style=\"font-weight: 400;\">Kira seviyesini do\u011frulay\u0131n.<\/span><\/li>\n<li style=\"font-weight: 400;\" aria-level=\"1\"><span style=\"font-weight: 400;\">Emlakta kusurlar\u0131 belgeleyin, (foto\u011fraflay\u0131n).<\/span><\/li>\n<li style=\"font-weight: 400;\" aria-level=\"1\"><span style=\"font-weight: 400;\">Devren kiralama \u015fartlar\u0131n\u0131 \u00f6\u011frenin, devren mi do\u011frudan m\u0131 kiralad\u0131\u011f\u0131n\u0131z\u0131 \u00f6\u011frenin.<\/span><\/li>\n<li style=\"font-weight: 400;\" aria-level=\"1\"><span style=\"font-weight: 400;\">Kira s\u00f6zle\u015fmesini okurken, daire bilgilerini do\u011frulay\u0131n.<\/span><\/li>\n<li style=\"font-weight: 400;\" aria-level=\"1\"><span style=\"font-weight: 400;\">E\u011fer adres kayd\u0131 yapt\u0131rman\u0131z m\u00fcmk\u00fcn de\u011filse bu daireyi kiralaman\u0131n yasal olup olmad\u0131\u011f\u0131n\u0131 kontrol edin.<\/span><\/li>\n<\/ul>\n<h3><span style=\"font-weight: 400;\">Yap\u0131lmayacaklar!<\/span><\/h3>\n<ul>\n<li style=\"font-weight: 400;\" aria-level=\"1\"><span style=\"font-weight: 400;\">Nakit para ile veya Danimarka d\u0131\u015f\u0131nda hesaplara \u00f6deme yapmay\u0131n.<\/span><\/li>\n<li style=\"font-weight: 400;\" aria-level=\"1\"><span style=\"font-weight: 400;\">Ev sahibinin bask\u0131lar\u0131na teslim olmayan.<\/span><\/li>\n<li style=\"font-weight: 400;\" aria-level=\"1\"><span style=\"font-weight: 400;\">Kiran\u0131z\u0131 el alt\u0131ndan \u00f6demeyin, \u00f6demeyi kabul etmeyin.<\/span><\/li>\n<li style=\"font-weight: 400;\" aria-level=\"1\"><span style=\"font-weight: 400;\">3 ayl\u0131k kira bedelinden daha y\u00fcksek depozitolu evlere y\u00f6nelmeyin.<\/span><\/li>\n<li style=\"font-weight: 400;\" aria-level=\"1\"><span style=\"font-weight: 400;\">G\u00fczel mahallelerden &#8220;olmaz&#8221; diye ka\u00e7\u0131nmay\u0131n.<\/span><\/li>\n<\/ul>\n<p><span style=\"text-decoration: underline;\"><b>Danimarka konut piyasas\u0131nda ya siz hi\u00e7 doland\u0131r\u0131ld\u0131n\u0131z m\u0131? K\u0131ymetli tecr\u00fcbelerinizi okurlar\u0131m\u0131za ula\u015ft\u0131rmaktan \u00e7ok memnun oluruz: danimarkadagecenhafta@lwid.dk  <\/b><\/span><\/p>\n","protected":false},"excerpt":{"rendered":"<p>Yeni akademik y\u0131l\u0131n ba\u015flamas\u0131yla yerel ve uluslararas\u0131 \u00f6\u011frenciler Danimarka&#8217;n\u0131n b\u00fcy\u00fck\u015fehirlerini dola\u015f\u0131p konaklama i\u00e7in kiral\u0131k ev pe\u015finde ko\u015fu\u015fturuyorlar. Danimarka&#8217;da konut piyasas\u0131na dair fark\u0131ndas\u0131zl\u0131k \u00e7ok ciddi sorunlar do\u011furabilir. Su\u00e7 a\u011flar\u0131 b\u00fcy\u00fck\u015fehirlerdeki konut piyas\u0131s\u0131n\u0131 iyi bilmeyen \u00f6\u011frencileri suistimal ederek \u00f6\u011frencilere yasad\u0131\u015f\u0131 ya da kay\u0131ts\u0131z konutlara \u00e7ekip onlar\u0131 zor durumda b\u0131rakabiliyorlar. Belki sosyal medyada ma\u011fdur \u00f6\u011frencilerin videolar\u0131na rastlam\u0131\u015f olabilirsiniz [&hellip;]<\/p>\n","protected":false},"author":114,"featured_media":28662,"comment_status":"open","ping_status":"closed","sticky":false,"template":"","format":"standard","meta":{"_acf_changed":false,"_themeisle_gutenberg_block_has_review":false,"_jetpack_newsletter_access":"","_jetpack_dont_email_post_to_subs":false,"_jetpack_newsletter_tier_id":0,"_jetpack_memberships_contains_paywalled_content":false,"_jetpack_feature_clip_id":0,"_jetpack_memberships_contains_paid_content":false,"footnotes":"","jetpack_post_was_ever_published":false,"_members_access_role":[],"_members_access_error":""},"categories":[880,886],"tags":[928,926],"class_list":["post-28663","post","type-post","status-publish","format-standard","has-post-thumbnail","category-danimarkaya-dair","category-rehberler","tag-hukuk","tag-konutlar"],"acf":[],"jetpack_sharing_enabled":true,"jetpack-related-posts":[{"id":28044,"url":"https:\/\/lwid.dk\/tr\/danimarkada-fine-dining\/","url_meta":{"origin":28663,"position":0},"title":"Danimarka\u2019da Fine Dining Neden Farkl\u0131?","author":"Mert Sungurlu","date":"30 Nisan 2026","format":false,"excerpt":"\u00a0 Danimarka\u2019n\u0131n fine dining sahnesinde bir ak\u015fam yeme\u011fi, asl\u0131nda bir tabaktan di\u011ferine akan sessiz bir hik\u00e2ye gibi hissettirir. Bu hik\u00e2yede kelimeler yoktur; tatlar, dokular ve kokular konu\u015fur. \u00c7o\u011fu zaman da bu anlat\u0131n\u0131n merkezinde tabiat vard\u0131r: sert r\u00fczg\u00e2rlar\u0131n esti\u011fi k\u0131y\u0131lar, yosun kokan denizler, nemli orman zeminleri. Bu hik\u00e2yenin en g\u00fc\u00e7l\u00fc kuruldu\u011fu\u2026","rel":"","context":"&quot;Danimarka\u2019ya Dair&quot; i\u00e7inde","block_context":{"text":"Danimarka\u2019ya Dair","link":"https:\/\/lwid.dk\/tr\/kategoriler\/danimarkaya-dair\/"},"img":{"alt_text":"","src":"https:\/\/i0.wp.com\/lwid.dk\/wp-content\/uploads\/2026\/04\/IMG_1463.jpeg?resize=350%2C200&ssl=1","width":350,"height":200,"srcset":"https:\/\/i0.wp.com\/lwid.dk\/wp-content\/uploads\/2026\/04\/IMG_1463.jpeg?resize=350%2C200&ssl=1 1x, https:\/\/i0.wp.com\/lwid.dk\/wp-content\/uploads\/2026\/04\/IMG_1463.jpeg?resize=525%2C300&ssl=1 1.5x, https:\/\/i0.wp.com\/lwid.dk\/wp-content\/uploads\/2026\/04\/IMG_1463.jpeg?resize=700%2C400&ssl=1 2x"},"classes":[]},{"id":26689,"url":"https:\/\/lwid.dk\/tr\/%f0%9f%87%ac%f0%9f%87%b1-ya-danimarkadaki-gronlandlilar\/","url_meta":{"origin":28663,"position":1},"title":"\ud83c\uddec\ud83c\uddf1 Ya Danimarka\u2019daki Gr\u00f6nlandl\u0131lar?","author":"Ahmet Akko\u00e7","date":"13 Ocak 2026","format":false,"excerpt":"Danimarka\u2019da ya\u015fayan uluslararas\u0131 toplulu\u011fun cevaplamaya \u00e7al\u0131\u015ft\u0131\u011f\u0131 zor bir konu, \u201cDanimarkal\u0131 olmayanlar ne oluyor?\u201d sorusu olsa gerek. CPH Post\u2019ta yak\u0131n zamanda \u00e7\u0131kan bir yaz\u0131 (Samantha Siedow), Danimarka i\u00e7in \u201culuslararas\u0131\u201d, \u201cekspat\u201d, \u201cg\u00f6\u00e7men\u201d, \u201cyabanc\u0131\u201d gibi kavramlar\u0131 ele alm\u0131\u015ft\u0131. Fakat Danimarka\u2019ya yerle\u015fmi\u015f kendi yurtta\u015flar\u0131m\u0131z d\u0131\u015f\u0131nda da bu soruyla \u00e7ok daha uzun s\u00fcredir bo\u011fu\u015fan bir\u2026","rel":"","context":"&quot;Danimarka\u2019ya Dair&quot; i\u00e7inde","block_context":{"text":"Danimarka\u2019ya Dair","link":"https:\/\/lwid.dk\/tr\/kategoriler\/danimarkaya-dair\/"},"img":{"alt_text":"","src":"https:\/\/i0.wp.com\/lwid.dk\/wp-content\/uploads\/2026\/01\/GR-harita.webp?resize=350%2C200&ssl=1","width":350,"height":200,"srcset":"https:\/\/i0.wp.com\/lwid.dk\/wp-content\/uploads\/2026\/01\/GR-harita.webp?resize=350%2C200&ssl=1 1x, https:\/\/i0.wp.com\/lwid.dk\/wp-content\/uploads\/2026\/01\/GR-harita.webp?resize=525%2C300&ssl=1 1.5x, https:\/\/i0.wp.com\/lwid.dk\/wp-content\/uploads\/2026\/01\/GR-harita.webp?resize=700%2C400&ssl=1 2x, https:\/\/i0.wp.com\/lwid.dk\/wp-content\/uploads\/2026\/01\/GR-harita.webp?resize=1050%2C600&ssl=1 3x, https:\/\/i0.wp.com\/lwid.dk\/wp-content\/uploads\/2026\/01\/GR-harita.webp?resize=1400%2C800&ssl=1 4x"},"classes":[]},{"id":26544,"url":"https:\/\/lwid.dk\/tr\/danimarkada-noel-siradisi-bolgesel-gelenekler\/","url_meta":{"origin":28663,"position":2},"title":"Danimarka\u2019da Noel: S\u0131rad\u0131\u015f\u0131 B\u00f6lgesel Gelenekler","author":"Merve Sar\u0131l\u0131 Kaya","date":"28 Aral\u0131k 2025","format":false,"excerpt":"Yazan: Sudaay Tat Haznedar \u00c7eviren: Merve Sar\u0131l\u0131 Kaya Birka\u00e7 farkl\u0131 Avrupa \u015fehrinde ya\u015fam\u0131\u015f biri olarak deneyimlerime dayanarak \u015funu s\u00f6yleyebilirim ki; Danimarka, t\u00fcm Avrupa\u2019da Noel s\u00fcslemelerine ve kutlamalar\u0131na en erken ba\u015flayan \u00fclkelerden biri. Asl\u0131nda Danimarkal\u0131lar Aral\u0131k ay\u0131n\u0131 bile beklemiyor. Cad\u0131lar Bayram\u0131 biter bitmez, ertesi g\u00fcn \u015fehrin her yerinde Noel havas\u0131n\u0131 hissedebiliyorsunuz.\u2026","rel":"","context":"&quot;Danimarka\u2019ya Dair&quot; i\u00e7inde","block_context":{"text":"Danimarka\u2019ya Dair","link":"https:\/\/lwid.dk\/tr\/kategoriler\/danimarkaya-dair\/"},"img":{"alt_text":"","src":"https:\/\/i0.wp.com\/lwid.dk\/wp-content\/uploads\/2025\/12\/Hovedindgangen-at-dusk-Image-credit_-Lasse-Salling-_-nordicexperience.jpg?resize=350%2C200&ssl=1","width":350,"height":200,"srcset":"https:\/\/i0.wp.com\/lwid.dk\/wp-content\/uploads\/2025\/12\/Hovedindgangen-at-dusk-Image-credit_-Lasse-Salling-_-nordicexperience.jpg?resize=350%2C200&ssl=1 1x, https:\/\/i0.wp.com\/lwid.dk\/wp-content\/uploads\/2025\/12\/Hovedindgangen-at-dusk-Image-credit_-Lasse-Salling-_-nordicexperience.jpg?resize=525%2C300&ssl=1 1.5x, https:\/\/i0.wp.com\/lwid.dk\/wp-content\/uploads\/2025\/12\/Hovedindgangen-at-dusk-Image-credit_-Lasse-Salling-_-nordicexperience.jpg?resize=700%2C400&ssl=1 2x"},"classes":[]},{"id":28400,"url":"https:\/\/lwid.dk\/tr\/gronland-zaman-cizelgesi\/","url_meta":{"origin":28663,"position":3},"title":"Gr\u00f6nland&#8217;\u0131n Zaman \u00c7izelgesi","author":"Ziya K\u0131l\u0131\u00e7","date":"28 Temmuz 2026","format":false,"excerpt":"Danimarka'n\u0131n Gr\u00f6nland'a \"sahip olma\" hik\u00e2yesi asl\u0131nda tek hamlede olmu\u015f bir fetih de\u011fil; Viking yerle\u015fimi, Norve\u00e7-Danimarka miras\u0131, misyonerlik, koloni y\u00f6netimi ve modern \u00f6zerklik zinciriyle geli\u015fmi\u015f uzun bir s\u00fcre\u00e7tir. Yani Danimarka Gr\u00f6nland'\u0131 bir sabah uyan\u0131p \"buras\u0131 da bizim olsun\" diye alm\u0131yor; tarih biraz daha buzlu, biraz daha karma\u015f\u0131k. Kutup diplomasisi, dondurucudan \u00e7\u0131km\u0131\u015f\u2026","rel":"","context":"&quot;Siyaset&quot; i\u00e7inde","block_context":{"text":"Siyaset","link":"https:\/\/lwid.dk\/tr\/kategoriler\/danimarkaya-dair\/siyaset\/"},"img":{"alt_text":"Stock Photo","src":"https:\/\/i0.wp.com\/lwid.dk\/wp-content\/uploads\/2026\/07\/greenland.webp?resize=350%2C200&ssl=1","width":350,"height":200,"srcset":"https:\/\/i0.wp.com\/lwid.dk\/wp-content\/uploads\/2026\/07\/greenland.webp?resize=350%2C200&ssl=1 1x, https:\/\/i0.wp.com\/lwid.dk\/wp-content\/uploads\/2026\/07\/greenland.webp?resize=525%2C300&ssl=1 1.5x, https:\/\/i0.wp.com\/lwid.dk\/wp-content\/uploads\/2026\/07\/greenland.webp?resize=700%2C400&ssl=1 2x, https:\/\/i0.wp.com\/lwid.dk\/wp-content\/uploads\/2026\/07\/greenland.webp?resize=1050%2C600&ssl=1 3x, https:\/\/i0.wp.com\/lwid.dk\/wp-content\/uploads\/2026\/07\/greenland.webp?resize=1400%2C800&ssl=1 4x"},"classes":[]},{"id":27948,"url":"https:\/\/lwid.dk\/tr\/what-is-it-with-danes-and-their-summerhouses\/","url_meta":{"origin":28663,"position":4},"title":"Danimarkal\u0131lar\u0131n Yazl\u0131k Sevdas\u0131","author":"Ahmet Alper Akkas","date":"5 Nisan 2026","format":false,"excerpt":"Yazl\u0131k evler, \u015fehir hayat\u0131ndan uzakla\u015fmak, do\u011fayla yeniden ba\u011f kurmak ve aileyle ge\u00e7irilen zaman\u0131 \u00f6zel k\u0131lmak i\u00e7in var. Danimarka\u2019da yazl\u0131klar sadece tatil i\u00e7in kullan\u0131lan yap\u0131lar de\u011fil, adeta k\u00fclt\u00fcr\u00fcn bir par\u00e7as\u0131. 6 milyon n\u00fcfuslu \u00fclkede 224.000\u2019den fazla yazl\u0131k bulunuyor. Bu, neredeyse her ailenin ya sahip oldu\u011fu ya da s\u0131k s\u0131k kiralad\u0131\u011f\u0131 bir\u2026","rel":"","context":"&quot;Danimarka\u2019ya Dair&quot; i\u00e7inde","block_context":{"text":"Danimarka\u2019ya Dair","link":"https:\/\/lwid.dk\/tr\/kategoriler\/danimarkaya-dair\/"},"img":{"alt_text":"","src":"https:\/\/i0.wp.com\/lwid.dk\/wp-content\/uploads\/2025\/06\/Sommerhusene_ved_Lien_2012_ubt.jpg?resize=350%2C200&ssl=1","width":350,"height":200,"srcset":"https:\/\/i0.wp.com\/lwid.dk\/wp-content\/uploads\/2025\/06\/Sommerhusene_ved_Lien_2012_ubt.jpg?resize=350%2C200&ssl=1 1x, https:\/\/i0.wp.com\/lwid.dk\/wp-content\/uploads\/2025\/06\/Sommerhusene_ved_Lien_2012_ubt.jpg?resize=525%2C300&ssl=1 1.5x, https:\/\/i0.wp.com\/lwid.dk\/wp-content\/uploads\/2025\/06\/Sommerhusene_ved_Lien_2012_ubt.jpg?resize=700%2C400&ssl=1 2x, https:\/\/i0.wp.com\/lwid.dk\/wp-content\/uploads\/2025\/06\/Sommerhusene_ved_Lien_2012_ubt.jpg?resize=1050%2C600&ssl=1 3x"},"classes":[]},{"id":27902,"url":"https:\/\/lwid.dk\/tr\/danimarkada-staja-yonelik-soru-cevap\/","url_meta":{"origin":28663,"position":5},"title":"Danimarka&#8217;da Staja Y\u00f6nelik Soru Cevap","author":"Orhan Tat","date":"29 Mart 2026","format":false,"excerpt":"\u00a0 > Bu yaz\u0131 10 A\u011fustos - 31 A\u011fustos 2025 aras\u0131nda yay\u0131nlanm\u0131\u015f b\u00fcltenimizden derlenmi\u015ftir. Erasmus ba\u015fvurular\u0131 \u015ferefine tekrar yay\u0131nl\u0131yoruz.\u00a0 Ben Orhan, 23 ya\u015f\u0131nday\u0131m ve bu yaz staj yapmak i\u00e7in Danimarka'ya geldim. T\u00fcrkiye'de \u0130T\u00dc'de Molek\u00fcler Biyoloji ve Genetik b\u00f6l\u00fcm\u00fc 3. s\u0131n\u0131f \u00f6\u011frencisiyim. Staj\u0131m\u0131 da Kopenhagen \u00dcniversitesi'nde bir laboratuvarda yapmaktay\u0131m. Yakla\u015f\u0131k 3\u2026","rel":"","context":"&quot;Danimarka Deneyimleri&quot; i\u00e7inde","block_context":{"text":"Danimarka Deneyimleri","link":"https:\/\/lwid.dk\/tr\/kategoriler\/danimarka-deneyimleri\/"},"img":{"alt_text":"","src":"https:\/\/i0.wp.com\/lwid.dk\/wp-content\/uploads\/2026\/03\/IMG_2100.png?resize=350%2C200&ssl=1","width":350,"height":200,"srcset":"https:\/\/i0.wp.com\/lwid.dk\/wp-content\/uploads\/2026\/03\/IMG_2100.png?resize=350%2C200&ssl=1 1x, https:\/\/i0.wp.com\/lwid.dk\/wp-content\/uploads\/2026\/03\/IMG_2100.png?resize=525%2C300&ssl=1 1.5x, https:\/\/i0.wp.com\/lwid.dk\/wp-content\/uploads\/2026\/03\/IMG_2100.png?resize=700%2C400&ssl=1 2x"},"classes":[]}],"jetpack_featured_media_url":"https:\/\/lwid.dk\/wp-content\/uploads\/2026\/08\/Housing.jpg","_links":{"self":[{"href":"https:\/\/lwid.dk\/tr\/wp-json\/wp\/v2\/posts\/28663","targetHints":{"allow":["GET"]}}],"collection":[{"href":"https:\/\/lwid.dk\/tr\/wp-json\/wp\/v2\/posts"}],"about":[{"href":"https:\/\/lwid.dk\/tr\/wp-json\/wp\/v2\/types\/post"}],"author":[{"embeddable":true,"href":"https:\/\/lwid.dk\/tr\/wp-json\/wp\/v2\/users\/114"}],"replies":[{"embeddable":true,"href":"https:\/\/lwid.dk\/tr\/wp-json\/wp\/v2\/comments?post=28663"}],"version-history":[{"count":1,"href":"https:\/\/lwid.dk\/tr\/wp-json\/wp\/v2\/posts\/28663\/revisions"}],"predecessor-version":[{"id":28665,"href":"https:\/\/lwid.dk\/tr\/wp-json\/wp\/v2\/posts\/28663\/revisions\/28665"}],"wp:featuredmedia":[{"embeddable":true,"href":"https:\/\/lwid.dk\/tr\/wp-json\/wp\/v2\/media\/28662"}],"wp:attachment":[{"href":"https:\/\/lwid.dk\/tr\/wp-json\/wp\/v2\/media?parent=28663"}],"wp:term":[{"taxonomy":"category","embeddable":true,"href":"https:\/\/lwid.dk\/tr\/wp-json\/wp\/v2\/categories?post=28663"},{"taxonomy":"post_tag","embeddable":true,"href":"https:\/\/lwid.dk\/tr\/wp-json\/wp\/v2\/tags?post=28663"}],"curies":[{"name":"wp","href":"https:\/\/api.w.org\/{rel}","templated":true}]}}